{"id":936,"date":"2018-09-12T13:26:10","date_gmt":"2018-09-12T11:26:10","guid":{"rendered":"http:\/\/liceum-parczew.pl\/?p=936"},"modified":"2018-09-12T13:33:50","modified_gmt":"2018-09-12T11:33:50","slug":"narodowe-czytanie-w-100-leciu-niepodleglosci","status":"publish","type":"post","link":"http:\/\/liceum-parczew.pl\/index.php\/2018\/09\/12\/narodowe-czytanie-w-100-leciu-niepodleglosci\/","title":{"rendered":"Narodowe Czytanie w 100-leciu Niepodleg\u0142o\u015bci"},"content":{"rendered":"<p>W tym roku Polacy czytali &#8222;Przedwio\u015bnie&#8221; Stefana \u017beromskiego w prawie 3 tysi\u0105cach miejsc w ca\u0142ym kraju i na \u015bwiecie. Pod wzgl\u0119dem ich ilo\u015bci zosta\u0142 pobity rekord od pocz\u0105tku istnienia akcji Narodowego Czytania. A by\u0142a to ju\u017c 7 jej edycja.<\/p>\n<p>W naszej szkole rozpocz\u0119li\u015bmy akcj\u0119 czytania 7 wrze\u015bnia prezentuj\u0105c fragmenty powie\u015bci spo\u0142eczno\u015bci szkolnej. Natomiast w dniu Narodowego Czytania &#8222;Przedwio\u015bnia&#8221; (8 wrze\u015bnia) pani Dyrektor, nauczyciele i uczniowie naszej szko\u0142y zach\u0119cali odwiedzaj\u0105cych Galeri\u0119 Fabel do wsp\u00f3lnej lektury powie\u015bci. W nastrojowej atmosferze kawiarni Central Park czytali\u015bmy fragmenty powie\u015bci, kt\u00f3ra przenios\u0142a nas do czas\u00f3w, gdy nasz kraj odzyska\u0142 niepodleg\u0142o\u015b\u0107 i odradza\u0142 si\u0119 na nowo po ponad stuletniej niewoli. Pod\u0105\u017cali\u015bmy z g\u0142\u00f3wnym bohaterem Cezarym Baryk\u0105 z ogarni\u0119tego rewolucj\u0105 Baku, przez Moskw\u0119 i Chark\u00f3w, do upragnionej przez jego rodzic\u00f3w, a jemu nieznanej Polski. Zatrzymywali\u015bmy si\u0119 w sielskiej i sprzyjaj\u0105cej mi\u0142o\u015bci Naw\u0142oci, aby na ko\u0144cu dotrze\u0107 do Warszawy z poszukuj\u0105cym w\u0142asnego miejsca w polskim spo\u0142ecze\u0144stwie Baryk\u0105. Lekturze towarzyszy\u0142y piosenki &#8222;Wojenko, wojenko&#8221; i &#8222;Miejcie nadziej\u0119&#8221; do s\u0142\u00f3w Adama Asnyka w wykonaniu Marii Sidorczuk z klasy I b.<\/p>\n<p>W przyniesionych egzemplarzach ksi\u0105\u017cki mo\u017cna by\u0142o otrzyma\u0107 okoliczno\u015bciowy stempel akcji, a przy wej\u015bciach do galerii uczennice rozdawa\u0142y zak\u0142adki z pami\u0105tkow\u0105 piecz\u0119ci\u0105 Narodowego Czytania.<\/p>\n<p>Dzi\u0119kujemy wszystkim uczestnikom spotkania za w\u0142\u0105czenie si\u0119 w to wsp\u00f3lne mi\u0119dzypokoleniowe czytanie. I czekamy ju\u017c na kolejne Narodowe Czytanie w przysz\u0142ym roku.<\/p>\n<p>&nbsp;<\/p>\n","protected":false},"excerpt":{"rendered":"<p>W tym roku Polacy czytali &#8222;Przedwio\u015bnie&#8221; Stefana \u017beromskiego w prawie 3 tysi\u0105cach miejsc w ca\u0142ym kraju i na \u015bwiecie. Pod<\/p>\n","protected":false},"author":1,"featured_media":938,"comment_status":"closed","ping_status":"closed","sticky":false,"template":"","format":"standard","meta":{"colormag_page_container_layout":"default_layout","colormag_page_sidebar_layout":"default_layout","footnotes":""},"categories":[3],"tags":[],"class_list":["post-936","post","type-post","status-publish","format-standard","has-post-thumbnail","hentry","category-aktualnosci"],"_links":{"self":[{"href":"http:\/\/liceum-parczew.pl\/index.php\/wp-json\/wp\/v2\/posts\/936","targetHints":{"allow":["GET"]}}],"collection":[{"href":"http:\/\/liceum-parczew.pl\/index.php\/wp-json\/wp\/v2\/posts"}],"about":[{"href":"http:\/\/liceum-parczew.pl\/index.php\/wp-json\/wp\/v2\/types\/post"}],"author":[{"embeddable":true,"href":"http:\/\/liceum-parczew.pl\/index.php\/wp-json\/wp\/v2\/users\/1"}],"replies":[{"embeddable":true,"href":"http:\/\/liceum-parczew.pl\/index.php\/wp-json\/wp\/v2\/comments?post=936"}],"version-history":[{"count":1,"href":"http:\/\/liceum-parczew.pl\/index.php\/wp-json\/wp\/v2\/posts\/936\/revisions"}],"predecessor-version":[{"id":937,"href":"http:\/\/liceum-parczew.pl\/index.php\/wp-json\/wp\/v2\/posts\/936\/revisions\/937"}],"wp:featuredmedia":[{"embeddable":true,"href":"http:\/\/liceum-parczew.pl\/index.php\/wp-json\/wp\/v2\/media\/938"}],"wp:attachment":[{"href":"http:\/\/liceum-parczew.pl\/index.php\/wp-json\/wp\/v2\/media?parent=936"}],"wp:term":[{"taxonomy":"category","embeddable":true,"href":"http:\/\/liceum-parczew.pl\/index.php\/wp-json\/wp\/v2\/categories?post=936"},{"taxonomy":"post_tag","embeddable":true,"href":"http:\/\/liceum-parczew.pl\/index.php\/wp-json\/wp\/v2\/tags?post=936"}],"curies":[{"name":"wp","href":"https:\/\/api.w.org\/{rel}","templated":true}]}}