{"id":761,"date":"2018-03-28T11:12:44","date_gmt":"2018-03-28T09:12:44","guid":{"rendered":"http:\/\/liceum-parczew.pl\/?p=761"},"modified":"2018-03-28T11:13:25","modified_gmt":"2018-03-28T09:13:25","slug":"xxxviii-wojewodzki-konkurs-czytelniczy","status":"publish","type":"post","link":"http:\/\/liceum-parczew.pl\/index.php\/2018\/03\/28\/xxxviii-wojewodzki-konkurs-czytelniczy\/","title":{"rendered":"XXXVIII Wojew\u00f3dzki Konkurs Czytelniczy"},"content":{"rendered":"<p><strong>Sukcesy naszych uczennic w XXXVIII Wojew\u00f3dzkim Konkursie Czytelniczym: \u201eJ\u00f3zef Ignacy Kraszewski \u2013 jego \u017cycie i dzie\u0142o\u201d.<\/strong><!--more--><\/p>\n<p><strong><em>Czytanie, muzyka, malarstwo kszta\u0142tuj\u0105 cz\u0142owieka<br \/>\n<\/em><\/strong><strong><em>podnosz\u0105 go, czyni\u0105 oboj\u0119tnym na ma\u0142e n\u0119dze<br \/>\n<\/em><\/strong><strong><em>\u017cycia, gdy si\u0119 wielkim jego stan\u0105 celem.<\/em><\/strong><\/p>\n<p style=\"padding-left: 60px;\">J\u00f3zef Ignacy Kraszewski <em>Latarnia czarnoksi\u0119ska<\/em><\/p>\n<p>20 marca 2018 r. w Muzeum J. I. Kraszewskiego w Romanowie odby\u0142 si\u0119 fina\u0142 XXXVIII Wojew\u00f3dzkiego Konkursu Czytelniczego \u201eJ\u00f3zef Ignacy Kraszewski \u2013 jego \u017cycie i dzie\u0142o\u201d. W tym roku konkurs obj\u0119ty by\u0142 honorowym patronatem Marsza\u0142ka Wojew\u00f3dztwa Lubelskiego \u2013 Pana S\u0142awomira Sosnowskiego oraz Lubelskiego Kuratora O\u015bwiaty.<\/p>\n<p>Reprezentanci naszej szko\u0142y ju\u017c po raz kolejny znale\u017ali si\u0119 w\u015br\u00f3d najlepszych. W tegorocznej edycji konkursu uczennica klasy III a \u2013 <strong>Natalia Miklewska<\/strong> &#8211;<br \/>\nzaj\u0119\u0142a <strong>I miejsce<\/strong>, za\u015b <strong>Aleksandra Michaluk<\/strong> zosta\u0142a <strong>wyr\u00f3\u017cniona.<\/strong> Uczni\u00f3w do konkursu przygotowywa\u0142 nauczyciel j\u0119zyka polskiego \u2013 pan <strong>Krzysztof Wro\u0144ski.<\/strong><\/p>\n<p>Finali\u015bci w ci\u0105gu godziny musieli odpowiedzie\u0107 pisemnie na 35 trudnych<br \/>\ni szczeg\u00f3\u0142owych pyta\u0144. 25 z nich dotyczy\u0142o \u017cycia i tw\u00f3rczo\u015bci autora \u201eStarej ba\u015bni\u201d, natomiast pozosta\u0142e zwi\u0105zane by\u0142y z dwiema ksi\u0105\u017ckami J.I. Kraszewskiego: <strong>\u201eCzercz\u0105 mogi\u0142\u0105\u201d<\/strong> i <strong>\u201e\u017belig\u0105\u201d<\/strong>, kt\u00f3re stanowi\u0142y dodatkowe lektury konkursowe.<strong>\u00a0\u00a0<\/strong>Obie te powie\u015bci okaza\u0142y si\u0119 nie lada gratk\u0105 dla m\u0142odych czytelnik\u00f3w. \u201eCzercza mogi\u0142a\u201d to powie\u015b\u0107 romantyczna zawieraj\u0105ca wiele w\u0105tk\u00f3w ludowych przeplatanych atmosfer\u0105 grozy<br \/>\ni tajemniczo\u015bci. \u201e\u017beliga\u201d za\u015b opowiada o ciekawych, a nawet niesamowitych losach tytu\u0142owego bohatera pochodz\u0105cego prawdopodobnie z rodu Lubomirskich, postaci historycznie uprawdopodobnionej. Dzieje \u017cycia tej\u017ce postaci stworzy\u0142y<br \/>\nJ.I. Kraszewskiemu du\u017ce mo\u017cliwo\u015bci do przedstawienia bogatej panoramy XVIII-wiecznej obyczajowo\u015bci.<\/p>\n<p><strong>\u00a0<\/strong>Nale\u017cy pami\u0119ta\u0107, \u017ce Kraszewski nie tylko by\u0142 bardzo pracowitym pisarzem, ale r\u00f3wnie\u017c rysowa\u0142, komponowa\u0142, udziela\u0142 si\u0119 spo\u0142ecznie. W\u0142ada\u0142 kilkunastoma j\u0119zykami, redagowa\u0142 i wydawa\u0142. By\u0142 cz\u0142owiekiem wszechstronnie utalentowanym<br \/>\ni tw\u00f3rczym. W wieku s\u0119dziwym prze\u017cy\u0142 szalon\u0105 nami\u0119tno\u015b\u0107 do znacznie m\u0142odszej kobiety, a za dzia\u0142alno\u015b\u0107 wywiadowcz\u0105 na rzecz Francji odsiadywa\u0142 wyrok<br \/>\nw magdeburskiej twierdzy. Mimo burzliwych kolei swojego \u017cycia zawsze wraca\u0142 my\u015blami do podlaskiego Romanowa, sk\u0105d wyni\u00f3s\u0142 pierwsze zainteresowania kultur\u0105<br \/>\ni literatur\u0105.<\/p>\n<p><img loading=\"lazy\" decoding=\"async\" class=\"alignnone size-full wp-image-762\" src=\"http:\/\/liceum-parczew.pl\/wp-content\/uploads\/2018\/03\/DSC1198.jpg\" alt=\"\" width=\"800\" height=\"532\" \/> <img loading=\"lazy\" decoding=\"async\" class=\"alignnone size-medium wp-image-763\" src=\"http:\/\/liceum-parczew.pl\/wp-content\/uploads\/2018\/03\/IMG_20180320_121618.jpg\" alt=\"\" width=\"300\" height=\"168\" \/> <img loading=\"lazy\" decoding=\"async\" class=\"alignnone size-medium wp-image-764\" src=\"http:\/\/liceum-parczew.pl\/wp-content\/uploads\/2018\/03\/IMG_20180320_121844.jpg\" alt=\"\" width=\"300\" height=\"168\" \/><\/p>\n","protected":false},"excerpt":{"rendered":"<p>Sukcesy naszych uczennic w XXXVIII Wojew\u00f3dzkim Konkursie Czytelniczym: \u201eJ\u00f3zef Ignacy Kraszewski \u2013 jego \u017cycie i dzie\u0142o\u201d.<\/p>\n","protected":false},"author":1,"featured_media":0,"comment_status":"closed","ping_status":"closed","sticky":false,"template":"","format":"standard","meta":{"colormag_page_container_layout":"default_layout","colormag_page_sidebar_layout":"default_layout","footnotes":""},"categories":[3],"tags":[],"class_list":["post-761","post","type-post","status-publish","format-standard","hentry","category-aktualnosci"],"_links":{"self":[{"href":"http:\/\/liceum-parczew.pl\/index.php\/wp-json\/wp\/v2\/posts\/761","targetHints":{"allow":["GET"]}}],"collection":[{"href":"http:\/\/liceum-parczew.pl\/index.php\/wp-json\/wp\/v2\/posts"}],"about":[{"href":"http:\/\/liceum-parczew.pl\/index.php\/wp-json\/wp\/v2\/types\/post"}],"author":[{"embeddable":true,"href":"http:\/\/liceum-parczew.pl\/index.php\/wp-json\/wp\/v2\/users\/1"}],"replies":[{"embeddable":true,"href":"http:\/\/liceum-parczew.pl\/index.php\/wp-json\/wp\/v2\/comments?post=761"}],"version-history":[{"count":3,"href":"http:\/\/liceum-parczew.pl\/index.php\/wp-json\/wp\/v2\/posts\/761\/revisions"}],"predecessor-version":[{"id":767,"href":"http:\/\/liceum-parczew.pl\/index.php\/wp-json\/wp\/v2\/posts\/761\/revisions\/767"}],"wp:attachment":[{"href":"http:\/\/liceum-parczew.pl\/index.php\/wp-json\/wp\/v2\/media?parent=761"}],"wp:term":[{"taxonomy":"category","embeddable":true,"href":"http:\/\/liceum-parczew.pl\/index.php\/wp-json\/wp\/v2\/categories?post=761"},{"taxonomy":"post_tag","embeddable":true,"href":"http:\/\/liceum-parczew.pl\/index.php\/wp-json\/wp\/v2\/tags?post=761"}],"curies":[{"name":"wp","href":"https:\/\/api.w.org\/{rel}","templated":true}]}}