{"id":6910,"date":"2026-08-28T10:56:33","date_gmt":"2026-08-28T08:56:33","guid":{"rendered":"http:\/\/liceum-parczew.pl\/?p=6910"},"modified":"2026-08-31T10:58:23","modified_gmt":"2026-08-31T08:58:23","slug":"rozpoczecie-roku-szkolnego-2026-2027","status":"publish","type":"post","link":"http:\/\/liceum-parczew.pl\/index.php\/2026\/08\/28\/rozpoczecie-roku-szkolnego-2026-2027\/","title":{"rendered":"Rozpocz\u0119cie Roku Szkolnego 2026\/2027"},"content":{"rendered":"\n<p class=\"wp-block-paragraph\">Uroczyste rozpocz\u0119cie Roku Szkolnego 2026\/2027 odb\u0119dzie si\u0119 w naszej szkole 1 wrze\u015bnia 2026 o godzinie 9:30 i poprzedzone b\u0119dzie Msz\u0105 \u015aw. w Bazylice o godzinie 8:00<\/p>\n","protected":false},"excerpt":{"rendered":"<p>Uroczyste rozpocz\u0119cie Roku Szkolnego 2026\/2027 odb\u0119dzie si\u0119 w naszej szkole 1 wrze\u015bnia 2026 o godzinie 9:30 i poprzedzone b\u0119dzie Msz\u0105<\/p>\n","protected":false},"author":1,"featured_media":0,"comment_status":"closed","ping_status":"closed","sticky":false,"template":"","format":"standard","meta":{"colormag_page_container_layout":"default_layout","colormag_page_sidebar_layout":"default_layout","footnotes":""},"categories":[3],"tags":[],"class_list":["post-6910","post","type-post","status-publish","format-standard","hentry","category-aktualnosci"],"_links":{"self":[{"href":"http:\/\/liceum-parczew.pl\/index.php\/wp-json\/wp\/v2\/posts\/6910","targetHints":{"allow":["GET"]}}],"collection":[{"href":"http:\/\/liceum-parczew.pl\/index.php\/wp-json\/wp\/v2\/posts"}],"about":[{"href":"http:\/\/liceum-parczew.pl\/index.php\/wp-json\/wp\/v2\/types\/post"}],"author":[{"embeddable":true,"href":"http:\/\/liceum-parczew.pl\/index.php\/wp-json\/wp\/v2\/users\/1"}],"replies":[{"embeddable":true,"href":"http:\/\/liceum-parczew.pl\/index.php\/wp-json\/wp\/v2\/comments?post=6910"}],"version-history":[{"count":1,"href":"http:\/\/liceum-parczew.pl\/index.php\/wp-json\/wp\/v2\/posts\/6910\/revisions"}],"predecessor-version":[{"id":6911,"href":"http:\/\/liceum-parczew.pl\/index.php\/wp-json\/wp\/v2\/posts\/6910\/revisions\/6911"}],"wp:attachment":[{"href":"http:\/\/liceum-parczew.pl\/index.php\/wp-json\/wp\/v2\/media?parent=6910"}],"wp:term":[{"taxonomy":"category","embeddable":true,"href":"http:\/\/liceum-parczew.pl\/index.php\/wp-json\/wp\/v2\/categories?post=6910"},{"taxonomy":"post_tag","embeddable":true,"href":"http:\/\/liceum-parczew.pl\/index.php\/wp-json\/wp\/v2\/tags?post=6910"}],"curies":[{"name":"wp","href":"https:\/\/api.w.org\/{rel}","templated":true}]}}