{"id":6623,"date":"2025-06-02T10:16:25","date_gmt":"2025-06-02T08:16:25","guid":{"rendered":"http:\/\/liceum-parczew.pl\/?p=6623"},"modified":"2025-06-02T10:17:16","modified_gmt":"2025-06-02T08:17:16","slug":"wywiadowka-04-06-2025-r","status":"publish","type":"post","link":"http:\/\/liceum-parczew.pl\/index.php\/2025\/06\/02\/wywiadowka-04-06-2025-r\/","title":{"rendered":"Wywiad\u00f3wka 04.06.2025 r."},"content":{"rendered":"<p>Dzie\u0144 dobry<\/p>\n<p>&nbsp;<\/p>\n<p>&nbsp;<\/p>\n<p>Serdecznie zapraszamy wszystkich rodzic\u00f3w na wywiad\u00f3wk\u0119, kt\u00f3ra odb\u0119dzie si\u0119 04.06.2025 r. o godzinie 17:00.<\/p>\n","protected":false},"excerpt":{"rendered":"<p>Dzie\u0144 dobry &nbsp; &nbsp; Serdecznie zapraszamy wszystkich rodzic\u00f3w na wywiad\u00f3wk\u0119, kt\u00f3ra odb\u0119dzie si\u0119 04.06.2025 r. o godzinie 17:00.<\/p>\n","protected":false},"author":5,"featured_media":6622,"comment_status":"closed","ping_status":"closed","sticky":false,"template":"","format":"standard","meta":{"colormag_page_container_layout":"default_layout","colormag_page_sidebar_layout":"default_layout","footnotes":""},"categories":[3],"tags":[],"class_list":["post-6623","post","type-post","status-publish","format-standard","has-post-thumbnail","hentry","category-aktualnosci"],"_links":{"self":[{"href":"http:\/\/liceum-parczew.pl\/index.php\/wp-json\/wp\/v2\/posts\/6623","targetHints":{"allow":["GET"]}}],"collection":[{"href":"http:\/\/liceum-parczew.pl\/index.php\/wp-json\/wp\/v2\/posts"}],"about":[{"href":"http:\/\/liceum-parczew.pl\/index.php\/wp-json\/wp\/v2\/types\/post"}],"author":[{"embeddable":true,"href":"http:\/\/liceum-parczew.pl\/index.php\/wp-json\/wp\/v2\/users\/5"}],"replies":[{"embeddable":true,"href":"http:\/\/liceum-parczew.pl\/index.php\/wp-json\/wp\/v2\/comments?post=6623"}],"version-history":[{"count":2,"href":"http:\/\/liceum-parczew.pl\/index.php\/wp-json\/wp\/v2\/posts\/6623\/revisions"}],"predecessor-version":[{"id":6625,"href":"http:\/\/liceum-parczew.pl\/index.php\/wp-json\/wp\/v2\/posts\/6623\/revisions\/6625"}],"wp:featuredmedia":[{"embeddable":true,"href":"http:\/\/liceum-parczew.pl\/index.php\/wp-json\/wp\/v2\/media\/6622"}],"wp:attachment":[{"href":"http:\/\/liceum-parczew.pl\/index.php\/wp-json\/wp\/v2\/media?parent=6623"}],"wp:term":[{"taxonomy":"category","embeddable":true,"href":"http:\/\/liceum-parczew.pl\/index.php\/wp-json\/wp\/v2\/categories?post=6623"},{"taxonomy":"post_tag","embeddable":true,"href":"http:\/\/liceum-parczew.pl\/index.php\/wp-json\/wp\/v2\/tags?post=6623"}],"curies":[{"name":"wp","href":"https:\/\/api.w.org\/{rel}","templated":true}]}}