{"id":6558,"date":"2025-03-21T08:29:08","date_gmt":"2025-03-21T07:29:08","guid":{"rendered":"http:\/\/liceum-parczew.pl\/?p=6558"},"modified":"2025-03-21T08:29:08","modified_gmt":"2025-03-21T07:29:08","slug":"70-ogolnopolski-konkurs-recytatorski","status":"publish","type":"post","link":"http:\/\/liceum-parczew.pl\/index.php\/2025\/03\/21\/70-ogolnopolski-konkurs-recytatorski\/","title":{"rendered":"70. Og\u00f3lnopolski Konkurs Recytatorski"},"content":{"rendered":"<p>Zapraszamy do wzi\u0119cia udzia\u0142u w 70. Og\u00f3lnopolskim Konkursie Recytatorskim. W linku poni\u017cej znajdziecie wszystkie informacje na temat Konkursu wraz z kart\u0105 zg\u0142oszeniow\u0105.<\/p>\n<p><a href=\"https:\/\/tkt.art.pl\/2025\/02\/07\/oglaszamy-70-okr\/\">70 Og\u00f3lnopolski Konkurs Recytatorski<\/a><\/p>\n","protected":false},"excerpt":{"rendered":"<p>Zapraszamy do wzi\u0119cia udzia\u0142u w 70. Og\u00f3lnopolskim Konkursie Recytatorskim. W linku poni\u017cej znajdziecie wszystkie informacje na temat Konkursu wraz z<\/p>\n","protected":false},"author":1,"featured_media":6559,"comment_status":"closed","ping_status":"closed","sticky":false,"template":"","format":"standard","meta":{"colormag_page_container_layout":"default_layout","colormag_page_sidebar_layout":"default_layout","footnotes":""},"categories":[3],"tags":[],"class_list":["post-6558","post","type-post","status-publish","format-standard","has-post-thumbnail","hentry","category-aktualnosci"],"_links":{"self":[{"href":"http:\/\/liceum-parczew.pl\/index.php\/wp-json\/wp\/v2\/posts\/6558","targetHints":{"allow":["GET"]}}],"collection":[{"href":"http:\/\/liceum-parczew.pl\/index.php\/wp-json\/wp\/v2\/posts"}],"about":[{"href":"http:\/\/liceum-parczew.pl\/index.php\/wp-json\/wp\/v2\/types\/post"}],"author":[{"embeddable":true,"href":"http:\/\/liceum-parczew.pl\/index.php\/wp-json\/wp\/v2\/users\/1"}],"replies":[{"embeddable":true,"href":"http:\/\/liceum-parczew.pl\/index.php\/wp-json\/wp\/v2\/comments?post=6558"}],"version-history":[{"count":2,"href":"http:\/\/liceum-parczew.pl\/index.php\/wp-json\/wp\/v2\/posts\/6558\/revisions"}],"predecessor-version":[{"id":6561,"href":"http:\/\/liceum-parczew.pl\/index.php\/wp-json\/wp\/v2\/posts\/6558\/revisions\/6561"}],"wp:featuredmedia":[{"embeddable":true,"href":"http:\/\/liceum-parczew.pl\/index.php\/wp-json\/wp\/v2\/media\/6559"}],"wp:attachment":[{"href":"http:\/\/liceum-parczew.pl\/index.php\/wp-json\/wp\/v2\/media?parent=6558"}],"wp:term":[{"taxonomy":"category","embeddable":true,"href":"http:\/\/liceum-parczew.pl\/index.php\/wp-json\/wp\/v2\/categories?post=6558"},{"taxonomy":"post_tag","embeddable":true,"href":"http:\/\/liceum-parczew.pl\/index.php\/wp-json\/wp\/v2\/tags?post=6558"}],"curies":[{"name":"wp","href":"https:\/\/api.w.org\/{rel}","templated":true}]}}