{"id":6492,"date":"2025-02-20T12:22:02","date_gmt":"2025-02-20T11:22:02","guid":{"rendered":"http:\/\/liceum-parczew.pl\/?p=6492"},"modified":"2025-02-20T12:22:02","modified_gmt":"2025-02-20T11:22:02","slug":"final-olimpiady-geograficznej-w-lublinie","status":"publish","type":"post","link":"http:\/\/liceum-parczew.pl\/index.php\/2025\/02\/20\/final-olimpiady-geograficznej-w-lublinie\/","title":{"rendered":"Fina\u0142 Olimpiady Geograficznej w Lublinie"},"content":{"rendered":"<p><span class=\"x193iq5w xeuugli x13faqbe x1vvkbs x1xmvt09 x1lliihq x1s928wv xhkezso x1gmr53x x1cpjm7i x1fgarty x1943h6x xudqn12 x3x7a5m x6prxxf xvq8zen xo1l8bm xzsf02u x1yc453h\" dir=\"auto\">Mi\u0142o nam poinformowa\u0107, \u017ce ucze\u0144 klasy 3c &#8211; Rafa\u0142 Kociel, w dniach 8-9 lutego 2025r. bra\u0142 udzia\u0142 w zawodach okr\u0119gowych LI Olimpiady Geograficznej, kt\u00f3ra by\u0142a zorganizowana na UMCS w Lublinie. Rafa\u0142 przeszed\u0142 do etapu ustnego i zdoby\u0142 tytu\u0142 finalisty.<span class=\"html-span xexx8yu x4uap5 x18d9i69 xkhd6sd x1hl2dhg x16tdsg8 x1vvkbs x3nfvp2 x1j61x8r x1fcty0u xdj266r xat24cr xgzva0m xhhsvwb xxymvpz xlup9mm x1kky2od\"><img loading=\"lazy\" decoding=\"async\" class=\"xz74otr\" src=\"https:\/\/static.xx.fbcdn.net\/images\/emoji.php\/v9\/tbe\/1\/16\/1f3c6.png\" alt=\"\ud83c\udfc6\" width=\"16\" height=\"16\" \/><\/span>Gratulujemy ! Merytorycznym opiekunem Rafa\u0142a jest pani Beata Tryniecka.<\/span><\/p>\n<p><a href=\"http:\/\/liceum-parczew.pl\/wp-content\/uploads\/2025\/02\/476497754_595544243394466_1426615265064557307_n1111.jpg\"><img loading=\"lazy\" decoding=\"async\" class=\"alignnone wp-image-6491 size-medium\" src=\"http:\/\/liceum-parczew.pl\/wp-content\/uploads\/2025\/02\/476497754_595544243394466_1426615265064557307_n1111-300x135.jpg\" alt=\"\" width=\"300\" height=\"135\" srcset=\"http:\/\/liceum-parczew.pl\/wp-content\/uploads\/2025\/02\/476497754_595544243394466_1426615265064557307_n1111-300x135.jpg 300w, http:\/\/liceum-parczew.pl\/wp-content\/uploads\/2025\/02\/476497754_595544243394466_1426615265064557307_n1111-1024x461.jpg 1024w, http:\/\/liceum-parczew.pl\/wp-content\/uploads\/2025\/02\/476497754_595544243394466_1426615265064557307_n1111-768x346.jpg 768w, http:\/\/liceum-parczew.pl\/wp-content\/uploads\/2025\/02\/476497754_595544243394466_1426615265064557307_n1111-1536x691.jpg 1536w, http:\/\/liceum-parczew.pl\/wp-content\/uploads\/2025\/02\/476497754_595544243394466_1426615265064557307_n1111-2048x922.jpg 2048w\" sizes=\"auto, (max-width: 300px) 100vw, 300px\" \/><\/a> <a href=\"http:\/\/liceum-parczew.pl\/wp-content\/uploads\/2025\/02\/480572347_1162255382571319_5208514123827626396_n.jpg\"><img loading=\"lazy\" decoding=\"async\" class=\"alignnone wp-image-6490 size-medium\" src=\"http:\/\/liceum-parczew.pl\/wp-content\/uploads\/2025\/02\/480572347_1162255382571319_5208514123827626396_n-240x300.jpg\" alt=\"\" width=\"240\" height=\"300\" srcset=\"http:\/\/liceum-parczew.pl\/wp-content\/uploads\/2025\/02\/480572347_1162255382571319_5208514123827626396_n-240x300.jpg 240w, http:\/\/liceum-parczew.pl\/wp-content\/uploads\/2025\/02\/480572347_1162255382571319_5208514123827626396_n.jpg 670w\" sizes=\"auto, (max-width: 240px) 100vw, 240px\" \/><\/a> <a href=\"http:\/\/liceum-parczew.pl\/wp-content\/uploads\/2025\/02\/480566064_1162255662571291_1279364858131413177_n.jpg\"><img loading=\"lazy\" decoding=\"async\" class=\"alignnone wp-image-6489 size-medium\" src=\"http:\/\/liceum-parczew.pl\/wp-content\/uploads\/2025\/02\/480566064_1162255662571291_1279364858131413177_n-300x147.jpg\" alt=\"\" width=\"300\" height=\"147\" srcset=\"http:\/\/liceum-parczew.pl\/wp-content\/uploads\/2025\/02\/480566064_1162255662571291_1279364858131413177_n-300x147.jpg 300w, http:\/\/liceum-parczew.pl\/wp-content\/uploads\/2025\/02\/480566064_1162255662571291_1279364858131413177_n-1024x503.jpg 1024w, http:\/\/liceum-parczew.pl\/wp-content\/uploads\/2025\/02\/480566064_1162255662571291_1279364858131413177_n-768x377.jpg 768w, http:\/\/liceum-parczew.pl\/wp-content\/uploads\/2025\/02\/480566064_1162255662571291_1279364858131413177_n.jpg 1080w\" sizes=\"auto, (max-width: 300px) 100vw, 300px\" \/><\/a> <a href=\"http:\/\/liceum-parczew.pl\/wp-content\/uploads\/2025\/02\/480524205_1162255599237964_7893513912166764414_n.jpg\"><img loading=\"lazy\" decoding=\"async\" class=\"alignnone wp-image-6488 size-medium\" src=\"http:\/\/liceum-parczew.pl\/wp-content\/uploads\/2025\/02\/480524205_1162255599237964_7893513912166764414_n-211x300.jpg\" alt=\"\" width=\"211\" height=\"300\" srcset=\"http:\/\/liceum-parczew.pl\/wp-content\/uploads\/2025\/02\/480524205_1162255599237964_7893513912166764414_n-211x300.jpg 211w, http:\/\/liceum-parczew.pl\/wp-content\/uploads\/2025\/02\/480524205_1162255599237964_7893513912166764414_n-720x1024.jpg 720w, http:\/\/liceum-parczew.pl\/wp-content\/uploads\/2025\/02\/480524205_1162255599237964_7893513912166764414_n-768x1093.jpg 768w, http:\/\/liceum-parczew.pl\/wp-content\/uploads\/2025\/02\/480524205_1162255599237964_7893513912166764414_n.jpg 1080w\" sizes=\"auto, (max-width: 211px) 100vw, 211px\" \/><\/a> <a href=\"http:\/\/liceum-parczew.pl\/wp-content\/uploads\/2025\/02\/480430460_1162255602571297_6849315951237150756_n.jpg\"><img loading=\"lazy\" decoding=\"async\" class=\"alignnone wp-image-6487 size-medium\" src=\"http:\/\/liceum-parczew.pl\/wp-content\/uploads\/2025\/02\/480430460_1162255602571297_6849315951237150756_n-232x300.jpg\" alt=\"\" width=\"232\" height=\"300\" srcset=\"http:\/\/liceum-parczew.pl\/wp-content\/uploads\/2025\/02\/480430460_1162255602571297_6849315951237150756_n-232x300.jpg 232w, http:\/\/liceum-parczew.pl\/wp-content\/uploads\/2025\/02\/480430460_1162255602571297_6849315951237150756_n-791x1024.jpg 791w, http:\/\/liceum-parczew.pl\/wp-content\/uploads\/2025\/02\/480430460_1162255602571297_6849315951237150756_n-768x995.jpg 768w, http:\/\/liceum-parczew.pl\/wp-content\/uploads\/2025\/02\/480430460_1162255602571297_6849315951237150756_n.jpg 1080w\" sizes=\"auto, (max-width: 232px) 100vw, 232px\" \/><\/a> <a href=\"http:\/\/liceum-parczew.pl\/wp-content\/uploads\/2025\/02\/480210321_1162255785904612_2707966889886033957_n.jpg\"><img loading=\"lazy\" decoding=\"async\" class=\"alignnone wp-image-6486 size-medium\" src=\"http:\/\/liceum-parczew.pl\/wp-content\/uploads\/2025\/02\/480210321_1162255785904612_2707966889886033957_n-289x300.jpg\" alt=\"\" width=\"289\" height=\"300\" srcset=\"http:\/\/liceum-parczew.pl\/wp-content\/uploads\/2025\/02\/480210321_1162255785904612_2707966889886033957_n-289x300.jpg 289w, http:\/\/liceum-parczew.pl\/wp-content\/uploads\/2025\/02\/480210321_1162255785904612_2707966889886033957_n-986x1024.jpg 986w, http:\/\/liceum-parczew.pl\/wp-content\/uploads\/2025\/02\/480210321_1162255785904612_2707966889886033957_n-768x798.jpg 768w, http:\/\/liceum-parczew.pl\/wp-content\/uploads\/2025\/02\/480210321_1162255785904612_2707966889886033957_n.jpg 1080w\" sizes=\"auto, (max-width: 289px) 100vw, 289px\" \/><\/a> <a href=\"http:\/\/liceum-parczew.pl\/wp-content\/uploads\/2025\/02\/480204804_1162255782571279_1211796099715771154_n.jpg\"><img loading=\"lazy\" decoding=\"async\" class=\"alignnone wp-image-6485 size-medium\" src=\"http:\/\/liceum-parczew.pl\/wp-content\/uploads\/2025\/02\/480204804_1162255782571279_1211796099715771154_n-211x300.jpg\" alt=\"\" width=\"211\" height=\"300\" srcset=\"http:\/\/liceum-parczew.pl\/wp-content\/uploads\/2025\/02\/480204804_1162255782571279_1211796099715771154_n-211x300.jpg 211w, http:\/\/liceum-parczew.pl\/wp-content\/uploads\/2025\/02\/480204804_1162255782571279_1211796099715771154_n.jpg 359w\" sizes=\"auto, (max-width: 211px) 100vw, 211px\" \/><\/a> <a href=\"http:\/\/liceum-parczew.pl\/wp-content\/uploads\/2025\/02\/480197581_1162255595904631_9156400182375078852_n.jpg\"><img loading=\"lazy\" decoding=\"async\" class=\"alignnone wp-image-6484 size-medium\" src=\"http:\/\/liceum-parczew.pl\/wp-content\/uploads\/2025\/02\/480197581_1162255595904631_9156400182375078852_n-300x285.jpg\" alt=\"\" width=\"300\" height=\"285\" srcset=\"http:\/\/liceum-parczew.pl\/wp-content\/uploads\/2025\/02\/480197581_1162255595904631_9156400182375078852_n-300x285.jpg 300w, http:\/\/liceum-parczew.pl\/wp-content\/uploads\/2025\/02\/480197581_1162255595904631_9156400182375078852_n-768x730.jpg 768w, http:\/\/liceum-parczew.pl\/wp-content\/uploads\/2025\/02\/480197581_1162255595904631_9156400182375078852_n.jpg 991w\" sizes=\"auto, (max-width: 300px) 100vw, 300px\" \/><\/a><\/p>\n","protected":false},"excerpt":{"rendered":"<p>Mi\u0142o nam poinformowa\u0107, \u017ce ucze\u0144 klasy 3c &#8211; Rafa\u0142 Kociel, w dniach 8-9 lutego 2025r. bra\u0142 udzia\u0142 w zawodach okr\u0119gowych<\/p>\n","protected":false},"author":5,"featured_media":6491,"comment_status":"closed","ping_status":"closed","sticky":false,"template":"","format":"standard","meta":{"colormag_page_container_layout":"default_layout","colormag_page_sidebar_layout":"default_layout","footnotes":""},"categories":[3],"tags":[],"class_list":["post-6492","post","type-post","status-publish","format-standard","has-post-thumbnail","hentry","category-aktualnosci"],"_links":{"self":[{"href":"http:\/\/liceum-parczew.pl\/index.php\/wp-json\/wp\/v2\/posts\/6492","targetHints":{"allow":["GET"]}}],"collection":[{"href":"http:\/\/liceum-parczew.pl\/index.php\/wp-json\/wp\/v2\/posts"}],"about":[{"href":"http:\/\/liceum-parczew.pl\/index.php\/wp-json\/wp\/v2\/types\/post"}],"author":[{"embeddable":true,"href":"http:\/\/liceum-parczew.pl\/index.php\/wp-json\/wp\/v2\/users\/5"}],"replies":[{"embeddable":true,"href":"http:\/\/liceum-parczew.pl\/index.php\/wp-json\/wp\/v2\/comments?post=6492"}],"version-history":[{"count":1,"href":"http:\/\/liceum-parczew.pl\/index.php\/wp-json\/wp\/v2\/posts\/6492\/revisions"}],"predecessor-version":[{"id":6493,"href":"http:\/\/liceum-parczew.pl\/index.php\/wp-json\/wp\/v2\/posts\/6492\/revisions\/6493"}],"wp:featuredmedia":[{"embeddable":true,"href":"http:\/\/liceum-parczew.pl\/index.php\/wp-json\/wp\/v2\/media\/6491"}],"wp:attachment":[{"href":"http:\/\/liceum-parczew.pl\/index.php\/wp-json\/wp\/v2\/media?parent=6492"}],"wp:term":[{"taxonomy":"category","embeddable":true,"href":"http:\/\/liceum-parczew.pl\/index.php\/wp-json\/wp\/v2\/categories?post=6492"},{"taxonomy":"post_tag","embeddable":true,"href":"http:\/\/liceum-parczew.pl\/index.php\/wp-json\/wp\/v2\/tags?post=6492"}],"curies":[{"name":"wp","href":"https:\/\/api.w.org\/{rel}","templated":true}]}}