{"id":6434,"date":"2025-01-02T22:17:42","date_gmt":"2025-01-02T21:17:42","guid":{"rendered":"http:\/\/liceum-parczew.pl\/?p=6434"},"modified":"2025-01-02T22:18:11","modified_gmt":"2025-01-02T21:18:11","slug":"wywiadowka-9","status":"publish","type":"post","link":"http:\/\/liceum-parczew.pl\/index.php\/2025\/01\/02\/wywiadowka-9\/","title":{"rendered":"Wywiad\u00f3wka"},"content":{"rendered":"<p>08.01.2025 r. (\u015broda) o godz. 17:00 odb\u0119dzie si\u0119 w naszej szkole wywiad\u00f3wka. Zapraszamy.<\/p>\n","protected":false},"excerpt":{"rendered":"<p>08.01.2025 r. (\u015broda) o godz. 17:00 odb\u0119dzie si\u0119 w naszej szkole wywiad\u00f3wka. Zapraszamy.<\/p>\n","protected":false},"author":5,"featured_media":1612,"comment_status":"closed","ping_status":"closed","sticky":false,"template":"","format":"standard","meta":{"colormag_page_container_layout":"default_layout","colormag_page_sidebar_layout":"default_layout","footnotes":""},"categories":[3],"tags":[],"class_list":["post-6434","post","type-post","status-publish","format-standard","has-post-thumbnail","hentry","category-aktualnosci"],"_links":{"self":[{"href":"http:\/\/liceum-parczew.pl\/index.php\/wp-json\/wp\/v2\/posts\/6434","targetHints":{"allow":["GET"]}}],"collection":[{"href":"http:\/\/liceum-parczew.pl\/index.php\/wp-json\/wp\/v2\/posts"}],"about":[{"href":"http:\/\/liceum-parczew.pl\/index.php\/wp-json\/wp\/v2\/types\/post"}],"author":[{"embeddable":true,"href":"http:\/\/liceum-parczew.pl\/index.php\/wp-json\/wp\/v2\/users\/5"}],"replies":[{"embeddable":true,"href":"http:\/\/liceum-parczew.pl\/index.php\/wp-json\/wp\/v2\/comments?post=6434"}],"version-history":[{"count":1,"href":"http:\/\/liceum-parczew.pl\/index.php\/wp-json\/wp\/v2\/posts\/6434\/revisions"}],"predecessor-version":[{"id":6435,"href":"http:\/\/liceum-parczew.pl\/index.php\/wp-json\/wp\/v2\/posts\/6434\/revisions\/6435"}],"wp:featuredmedia":[{"embeddable":true,"href":"http:\/\/liceum-parczew.pl\/index.php\/wp-json\/wp\/v2\/media\/1612"}],"wp:attachment":[{"href":"http:\/\/liceum-parczew.pl\/index.php\/wp-json\/wp\/v2\/media?parent=6434"}],"wp:term":[{"taxonomy":"category","embeddable":true,"href":"http:\/\/liceum-parczew.pl\/index.php\/wp-json\/wp\/v2\/categories?post=6434"},{"taxonomy":"post_tag","embeddable":true,"href":"http:\/\/liceum-parczew.pl\/index.php\/wp-json\/wp\/v2\/tags?post=6434"}],"curies":[{"name":"wp","href":"https:\/\/api.w.org\/{rel}","templated":true}]}}