{"id":6278,"date":"2024-09-11T12:37:13","date_gmt":"2024-09-11T10:37:13","guid":{"rendered":"http:\/\/liceum-parczew.pl\/?p=6278"},"modified":"2024-09-12T20:40:11","modified_gmt":"2024-09-12T18:40:11","slug":"wywiadowka-7","status":"publish","type":"post","link":"http:\/\/liceum-parczew.pl\/index.php\/2024\/09\/11\/wywiadowka-7\/","title":{"rendered":"Wywiad\u00f3wka"},"content":{"rendered":"<p>Zapraszamy wszystkich Rodzic\u00f3w\/opiekun\u00f3w na wywiad\u00f3wk\u0119, kt\u00f3ra odb\u0119dzie si\u0119 w \u015brod\u0119 18.09.2024 o godzinie 17.00<\/p>\n","protected":false},"excerpt":{"rendered":"<p>Zapraszamy wszystkich Rodzic\u00f3w\/opiekun\u00f3w na wywiad\u00f3wk\u0119, kt\u00f3ra odb\u0119dzie si\u0119 w \u015brod\u0119 18.09.2024 o godzinie 17.00<\/p>\n","protected":false},"author":1,"featured_media":1612,"comment_status":"closed","ping_status":"closed","sticky":false,"template":"","format":"standard","meta":{"colormag_page_container_layout":"default_layout","colormag_page_sidebar_layout":"default_layout","footnotes":""},"categories":[3],"tags":[],"class_list":["post-6278","post","type-post","status-publish","format-standard","has-post-thumbnail","hentry","category-aktualnosci"],"_links":{"self":[{"href":"http:\/\/liceum-parczew.pl\/index.php\/wp-json\/wp\/v2\/posts\/6278","targetHints":{"allow":["GET"]}}],"collection":[{"href":"http:\/\/liceum-parczew.pl\/index.php\/wp-json\/wp\/v2\/posts"}],"about":[{"href":"http:\/\/liceum-parczew.pl\/index.php\/wp-json\/wp\/v2\/types\/post"}],"author":[{"embeddable":true,"href":"http:\/\/liceum-parczew.pl\/index.php\/wp-json\/wp\/v2\/users\/1"}],"replies":[{"embeddable":true,"href":"http:\/\/liceum-parczew.pl\/index.php\/wp-json\/wp\/v2\/comments?post=6278"}],"version-history":[{"count":2,"href":"http:\/\/liceum-parczew.pl\/index.php\/wp-json\/wp\/v2\/posts\/6278\/revisions"}],"predecessor-version":[{"id":6280,"href":"http:\/\/liceum-parczew.pl\/index.php\/wp-json\/wp\/v2\/posts\/6278\/revisions\/6280"}],"wp:featuredmedia":[{"embeddable":true,"href":"http:\/\/liceum-parczew.pl\/index.php\/wp-json\/wp\/v2\/media\/1612"}],"wp:attachment":[{"href":"http:\/\/liceum-parczew.pl\/index.php\/wp-json\/wp\/v2\/media?parent=6278"}],"wp:term":[{"taxonomy":"category","embeddable":true,"href":"http:\/\/liceum-parczew.pl\/index.php\/wp-json\/wp\/v2\/categories?post=6278"},{"taxonomy":"post_tag","embeddable":true,"href":"http:\/\/liceum-parczew.pl\/index.php\/wp-json\/wp\/v2\/tags?post=6278"}],"curies":[{"name":"wp","href":"https:\/\/api.w.org\/{rel}","templated":true}]}}