{"id":6270,"date":"2024-08-27T08:29:11","date_gmt":"2024-08-27T06:29:11","guid":{"rendered":"http:\/\/liceum-parczew.pl\/?p=6270"},"modified":"2024-08-27T08:29:11","modified_gmt":"2024-08-27T06:29:11","slug":"rozpoczecie-roku-szkolnego-2024-2025","status":"publish","type":"post","link":"http:\/\/liceum-parczew.pl\/index.php\/2024\/08\/27\/rozpoczecie-roku-szkolnego-2024-2025\/","title":{"rendered":"Rozpocz\u0119cie Roku Szkolnego 2024\/2025"},"content":{"rendered":"<p>Uroczyste rozpocz\u0119cie Roku Szkolnego 2024\/2025 odb\u0119dzie si\u0119 w naszej szkole 02 wrze\u015bnia 2024r. o godzinie 9:30 i poprzedzone zostanie Msz\u0105 \u015aw. w Bazylice o godzinie 8:00. Zapraszamy.<\/p>\n","protected":false},"excerpt":{"rendered":"<p>Uroczyste rozpocz\u0119cie Roku Szkolnego 2024\/2025 odb\u0119dzie si\u0119 w naszej szkole 02 wrze\u015bnia 2024r. o godzinie 9:30 i poprzedzone zostanie Msz\u0105<\/p>\n","protected":false},"author":1,"featured_media":0,"comment_status":"closed","ping_status":"closed","sticky":false,"template":"","format":"standard","meta":{"colormag_page_container_layout":"default_layout","colormag_page_sidebar_layout":"default_layout","footnotes":""},"categories":[3],"tags":[],"class_list":["post-6270","post","type-post","status-publish","format-standard","hentry","category-aktualnosci"],"_links":{"self":[{"href":"http:\/\/liceum-parczew.pl\/index.php\/wp-json\/wp\/v2\/posts\/6270","targetHints":{"allow":["GET"]}}],"collection":[{"href":"http:\/\/liceum-parczew.pl\/index.php\/wp-json\/wp\/v2\/posts"}],"about":[{"href":"http:\/\/liceum-parczew.pl\/index.php\/wp-json\/wp\/v2\/types\/post"}],"author":[{"embeddable":true,"href":"http:\/\/liceum-parczew.pl\/index.php\/wp-json\/wp\/v2\/users\/1"}],"replies":[{"embeddable":true,"href":"http:\/\/liceum-parczew.pl\/index.php\/wp-json\/wp\/v2\/comments?post=6270"}],"version-history":[{"count":1,"href":"http:\/\/liceum-parczew.pl\/index.php\/wp-json\/wp\/v2\/posts\/6270\/revisions"}],"predecessor-version":[{"id":6271,"href":"http:\/\/liceum-parczew.pl\/index.php\/wp-json\/wp\/v2\/posts\/6270\/revisions\/6271"}],"wp:attachment":[{"href":"http:\/\/liceum-parczew.pl\/index.php\/wp-json\/wp\/v2\/media?parent=6270"}],"wp:term":[{"taxonomy":"category","embeddable":true,"href":"http:\/\/liceum-parczew.pl\/index.php\/wp-json\/wp\/v2\/categories?post=6270"},{"taxonomy":"post_tag","embeddable":true,"href":"http:\/\/liceum-parczew.pl\/index.php\/wp-json\/wp\/v2\/tags?post=6270"}],"curies":[{"name":"wp","href":"https:\/\/api.w.org\/{rel}","templated":true}]}}