{"id":6239,"date":"2024-06-27T13:01:23","date_gmt":"2024-06-27T11:01:23","guid":{"rendered":"http:\/\/liceum-parczew.pl\/?p=6239"},"modified":"2024-08-09T14:04:06","modified_gmt":"2024-08-09T12:04:06","slug":"zestaw-podrecznikow-na-rok-szkolny-2024-2025","status":"publish","type":"post","link":"http:\/\/liceum-parczew.pl\/index.php\/2024\/06\/27\/zestaw-podrecznikow-na-rok-szkolny-2024-2025\/","title":{"rendered":"Zestaw podr\u0119cznik\u00f3w na rok szkolny 2024\/2025"},"content":{"rendered":"<p>W linkach poni\u017cej publikujemy zestaw podr\u0119cznik\u00f3w na rok szkolny 2024\/2025<\/p>\n<p><a href=\"http:\/\/liceum-parczew.pl\/wp-content\/uploads\/2024\/07\/Zestaw-podrecznikow-2025-i-2025-ZPH.pdf\">Zestaw podr\u0119cznik\u00f3w na rok szkolny 2024\/2025 przedmioty humanistyczne<\/a><\/p>\n<p><a href=\"http:\/\/liceum-parczew.pl\/wp-content\/uploads\/2024\/08\/Podreczniki-2024_25mp.pdf\">Zestaw podr\u0119cznik\u00f3w na rok szkolny 2024\/2025 przedmioty matematyczno &#8211; przyrodnicze<\/a><\/p>\n","protected":false},"excerpt":{"rendered":"<p>W linkach poni\u017cej publikujemy zestaw podr\u0119cznik\u00f3w na rok szkolny 2024\/2025 Zestaw podr\u0119cznik\u00f3w na rok szkolny 2024\/2025 przedmioty humanistyczne Zestaw podr\u0119cznik\u00f3w<\/p>\n","protected":false},"author":1,"featured_media":0,"comment_status":"closed","ping_status":"closed","sticky":false,"template":"","format":"standard","meta":{"colormag_page_container_layout":"default_layout","colormag_page_sidebar_layout":"default_layout","footnotes":""},"categories":[3],"tags":[],"class_list":["post-6239","post","type-post","status-publish","format-standard","hentry","category-aktualnosci"],"_links":{"self":[{"href":"http:\/\/liceum-parczew.pl\/index.php\/wp-json\/wp\/v2\/posts\/6239","targetHints":{"allow":["GET"]}}],"collection":[{"href":"http:\/\/liceum-parczew.pl\/index.php\/wp-json\/wp\/v2\/posts"}],"about":[{"href":"http:\/\/liceum-parczew.pl\/index.php\/wp-json\/wp\/v2\/types\/post"}],"author":[{"embeddable":true,"href":"http:\/\/liceum-parczew.pl\/index.php\/wp-json\/wp\/v2\/users\/1"}],"replies":[{"embeddable":true,"href":"http:\/\/liceum-parczew.pl\/index.php\/wp-json\/wp\/v2\/comments?post=6239"}],"version-history":[{"count":3,"href":"http:\/\/liceum-parczew.pl\/index.php\/wp-json\/wp\/v2\/posts\/6239\/revisions"}],"predecessor-version":[{"id":6259,"href":"http:\/\/liceum-parczew.pl\/index.php\/wp-json\/wp\/v2\/posts\/6239\/revisions\/6259"}],"wp:attachment":[{"href":"http:\/\/liceum-parczew.pl\/index.php\/wp-json\/wp\/v2\/media?parent=6239"}],"wp:term":[{"taxonomy":"category","embeddable":true,"href":"http:\/\/liceum-parczew.pl\/index.php\/wp-json\/wp\/v2\/categories?post=6239"},{"taxonomy":"post_tag","embeddable":true,"href":"http:\/\/liceum-parczew.pl\/index.php\/wp-json\/wp\/v2\/tags?post=6239"}],"curies":[{"name":"wp","href":"https:\/\/api.w.org\/{rel}","templated":true}]}}