{"id":6231,"date":"2024-06-21T14:35:22","date_gmt":"2024-06-21T12:35:22","guid":{"rendered":"http:\/\/liceum-parczew.pl\/?p=6231"},"modified":"2024-06-21T15:03:49","modified_gmt":"2024-06-21T13:03:49","slug":"kazimierz-kaznowski","status":"publish","type":"post","link":"http:\/\/liceum-parczew.pl\/index.php\/2024\/06\/21\/kazimierz-kaznowski\/","title":{"rendered":"Pan Kazimierz Kaznowski"},"content":{"rendered":"<p><img loading=\"lazy\" decoding=\"async\" class=\"aligncenter wp-image-6232 size-full\" src=\"http:\/\/liceum-parczew.pl\/wp-content\/uploads\/2024\/06\/KK.png\" alt=\"\" width=\"426\" height=\"529\" srcset=\"http:\/\/liceum-parczew.pl\/wp-content\/uploads\/2024\/06\/KK.png 426w, http:\/\/liceum-parczew.pl\/wp-content\/uploads\/2024\/06\/KK-242x300.png 242w\" sizes=\"auto, (max-width: 426px) 100vw, 426px\" \/><\/p>\n<p>&nbsp;<\/p>\n<p style=\"text-align: center;\">Z g\u0142\u0119bokim \u017calem zawiadamiamy, \u017ce w dniu 20.06.2024 r. zmar\u0142 by\u0142y nauczyciel naszego Liceum Pan Kazimierz Kaznowski.<\/p>\n<p style=\"text-align: center;\">Prac\u0119 w naszej szkole rozpocz\u0105\u0142 01.09.1959r. W 1989 roku przeszed\u0142 na emerytur\u0119.<\/p>\n<p style=\"text-align: center;\">\u0141\u0105czymy si\u0119 w smutku z Rodzin\u0105.<\/p>\n","protected":false},"excerpt":{"rendered":"<p>&nbsp; Z g\u0142\u0119bokim \u017calem zawiadamiamy, \u017ce w dniu 20.06.2024 r. zmar\u0142 by\u0142y nauczyciel naszego Liceum Pan Kazimierz Kaznowski. Prac\u0119 w<\/p>\n","protected":false},"author":1,"featured_media":0,"comment_status":"closed","ping_status":"closed","sticky":false,"template":"","format":"standard","meta":{"colormag_page_container_layout":"default_layout","colormag_page_sidebar_layout":"default_layout","footnotes":""},"categories":[3],"tags":[],"class_list":["post-6231","post","type-post","status-publish","format-standard","hentry","category-aktualnosci"],"_links":{"self":[{"href":"http:\/\/liceum-parczew.pl\/index.php\/wp-json\/wp\/v2\/posts\/6231","targetHints":{"allow":["GET"]}}],"collection":[{"href":"http:\/\/liceum-parczew.pl\/index.php\/wp-json\/wp\/v2\/posts"}],"about":[{"href":"http:\/\/liceum-parczew.pl\/index.php\/wp-json\/wp\/v2\/types\/post"}],"author":[{"embeddable":true,"href":"http:\/\/liceum-parczew.pl\/index.php\/wp-json\/wp\/v2\/users\/1"}],"replies":[{"embeddable":true,"href":"http:\/\/liceum-parczew.pl\/index.php\/wp-json\/wp\/v2\/comments?post=6231"}],"version-history":[{"count":4,"href":"http:\/\/liceum-parczew.pl\/index.php\/wp-json\/wp\/v2\/posts\/6231\/revisions"}],"predecessor-version":[{"id":6237,"href":"http:\/\/liceum-parczew.pl\/index.php\/wp-json\/wp\/v2\/posts\/6231\/revisions\/6237"}],"wp:attachment":[{"href":"http:\/\/liceum-parczew.pl\/index.php\/wp-json\/wp\/v2\/media?parent=6231"}],"wp:term":[{"taxonomy":"category","embeddable":true,"href":"http:\/\/liceum-parczew.pl\/index.php\/wp-json\/wp\/v2\/categories?post=6231"},{"taxonomy":"post_tag","embeddable":true,"href":"http:\/\/liceum-parczew.pl\/index.php\/wp-json\/wp\/v2\/tags?post=6231"}],"curies":[{"name":"wp","href":"https:\/\/api.w.org\/{rel}","templated":true}]}}