{"id":6158,"date":"2024-02-12T14:06:14","date_gmt":"2024-02-12T13:06:14","guid":{"rendered":"http:\/\/liceum-parczew.pl\/?p=6158"},"modified":"2024-02-12T14:08:10","modified_gmt":"2024-02-12T13:08:10","slug":"wywiadowka-15-02-2024-godzina-17-00","status":"publish","type":"post","link":"http:\/\/liceum-parczew.pl\/index.php\/2024\/02\/12\/wywiadowka-15-02-2024-godzina-17-00\/","title":{"rendered":"Wywiad\u00f3wka 15.02.2024 godzina 17.00"},"content":{"rendered":"<p>Informujemy, \u017ce 15.02.2024 o godzinie 17.00 odb\u0119dzie si\u0119 w naszej szkole wywiad\u00f3wka, na kt\u00f3rej podsumowane zostanie I p\u00f3\u0142rocze roku szkolnego 2023\/2024.<\/p>\n<p>Serdecznie zapraszamy wszystkich rodzic\u00f3w (prawnych opiekun\u00f3w)<\/p>\n","protected":false},"excerpt":{"rendered":"<p>Informujemy, \u017ce 15.02.2024 o godzinie 17.00 odb\u0119dzie si\u0119 w naszej szkole wywiad\u00f3wka, na kt\u00f3rej podsumowane zostanie I p\u00f3\u0142rocze roku szkolnego<\/p>\n","protected":false},"author":1,"featured_media":1612,"comment_status":"closed","ping_status":"closed","sticky":false,"template":"","format":"standard","meta":{"colormag_page_container_layout":"default_layout","colormag_page_sidebar_layout":"default_layout","footnotes":""},"categories":[3],"tags":[],"class_list":["post-6158","post","type-post","status-publish","format-standard","has-post-thumbnail","hentry","category-aktualnosci"],"_links":{"self":[{"href":"http:\/\/liceum-parczew.pl\/index.php\/wp-json\/wp\/v2\/posts\/6158","targetHints":{"allow":["GET"]}}],"collection":[{"href":"http:\/\/liceum-parczew.pl\/index.php\/wp-json\/wp\/v2\/posts"}],"about":[{"href":"http:\/\/liceum-parczew.pl\/index.php\/wp-json\/wp\/v2\/types\/post"}],"author":[{"embeddable":true,"href":"http:\/\/liceum-parczew.pl\/index.php\/wp-json\/wp\/v2\/users\/1"}],"replies":[{"embeddable":true,"href":"http:\/\/liceum-parczew.pl\/index.php\/wp-json\/wp\/v2\/comments?post=6158"}],"version-history":[{"count":2,"href":"http:\/\/liceum-parczew.pl\/index.php\/wp-json\/wp\/v2\/posts\/6158\/revisions"}],"predecessor-version":[{"id":6160,"href":"http:\/\/liceum-parczew.pl\/index.php\/wp-json\/wp\/v2\/posts\/6158\/revisions\/6160"}],"wp:featuredmedia":[{"embeddable":true,"href":"http:\/\/liceum-parczew.pl\/index.php\/wp-json\/wp\/v2\/media\/1612"}],"wp:attachment":[{"href":"http:\/\/liceum-parczew.pl\/index.php\/wp-json\/wp\/v2\/media?parent=6158"}],"wp:term":[{"taxonomy":"category","embeddable":true,"href":"http:\/\/liceum-parczew.pl\/index.php\/wp-json\/wp\/v2\/categories?post=6158"},{"taxonomy":"post_tag","embeddable":true,"href":"http:\/\/liceum-parczew.pl\/index.php\/wp-json\/wp\/v2\/tags?post=6158"}],"curies":[{"name":"wp","href":"https:\/\/api.w.org\/{rel}","templated":true}]}}