{"id":5742,"date":"2022-12-22T12:13:20","date_gmt":"2022-12-22T11:13:20","guid":{"rendered":"http:\/\/liceum-parczew.pl\/?p=5742"},"modified":"2022-12-22T12:39:48","modified_gmt":"2022-12-22T11:39:48","slug":"wizyta-krzysztofa-zanussiego-w-i-liceum-ogolnoksztalcacym-im-mikolaja-kopernika-w-parczewie","status":"publish","type":"post","link":"http:\/\/liceum-parczew.pl\/index.php\/2022\/12\/22\/wizyta-krzysztofa-zanussiego-w-i-liceum-ogolnoksztalcacym-im-mikolaja-kopernika-w-parczewie\/","title":{"rendered":"Wizyta Krzysztofa Zanussiego w I Liceum Og\u00f3lnokszta\u0142c\u0105cym  im. Miko\u0142aja Kopernika w Parczewie"},"content":{"rendered":"<p><strong>Niezwyk\u0142y Go\u015b\u0107 <\/strong><\/p>\n<p>W po\u0142owie listopada 2022r. pan Krzysztof Zanussi przyj\u0105\u0142 nasze zaproszenie i zgodzi\u0142 si\u0119 porozmawia\u0107\u00a0 o sprawach wa\u017cnych dla m\u0142odych ludzi na spotkaniu, kt\u00f3re odby\u0142o si\u0119\u00a0 9 grudnia w naszym liceum.<\/p>\n<p>Ten wybitny polski re\u017cyser, a przy tym cz\u0142owiek o niezwyk\u0142ej skromno\u015bci,\u00a0 urodzi\u0142 si\u0119\u00a0 w 1939r. w rodzinie\u00a0 o w\u0142oskich korzeniach. Studiowa\u0142 kolejno fizyk\u0119, filozofi\u0119, a nast\u0119pnie re\u017cyseri\u0119. Do jego najbardziej znanych dzie\u0142 nale\u017c\u0105: \u201eStruktura kryszta\u0142u\u201d, \u201eIluminacja, \u201eBarwy ochronne, \u201eConstans\u201d czy te\u017c\u00a0 powsta\u0142e w ostatnich latach \u201eObce cia\u0142o\u201d czy \u201eEter\u201d. Obecnie\u00a0\u00a0 zako\u0144czy\u0142 prac\u0119 nad filmem \u201eLiczba doskona\u0142a\u201d, kt\u00f3ry ma wkr\u00f3tce wej\u015b\u0107 do kin.<\/p>\n<p>Zaliczany jest\u00a0 do tw\u00f3rc\u00f3w \u201ekina moralnego niepokoju\u201d. Podejmuje najbardziej uniwersalne tematy takie jak prawda, wolno\u015b\u0107, mi\u0142o\u015b\u0107,\u00a0 \u015bmier\u0107, a jego bohaterowie s\u0105\u00a0 zawsze stawiani w sytuacji wyboru.<\/p>\n<p><strong>Zwi\u0105zki z nasz\u0105 okolic\u0105<\/strong><\/p>\n<p>Pa\u0144stwo\u00a0 El\u017cbieta\u00a0 Grocholska- Zanussi\u00a0 i\u00a0 Krzysztof Zanussi pobrali si\u0119\u00a0 prawie czterdzie\u015bci lat temu w Urz\u0119dzie Stanu Cywilnego w Milanowie. Pani El\u017cbieta\u00a0 Grocholska\u00a0 jest wnuczk\u0105\u00a0 Seweryna i Zofii Czetwerty\u0144skich, kt\u00f3rzy\u00a0 posiadali\u00a0 maj\u0105tek\u00a0 m.in.\u00a0 Suchowoli. W Kopinie, gdzie pani El\u017cbieta si\u0119 urodzi\u0142a,\u00a0 mieszka\u0142a jej ciotka -Maria Czetwerty\u0144ska- Grocholska.\u00a0 Obecnie dworek\u00a0 znajduj\u0105cy si\u0119\u00a0 w Kopinie jest w r\u0119kach rodziny Grocholskich.<\/p>\n<p>Przybycie\u00a0 pana Zanussiego\u00a0 po tylu\u00a0 latach\u00a0\u00a0 w znane mu okolice mia\u0142o\u00a0 tak\u017ce charakter sentymentalnej podr\u00f3\u017cy.<\/p>\n<p><img loading=\"lazy\" decoding=\"async\" class=\"aligncenter wp-image-5746 size-large\" src=\"http:\/\/liceum-parczew.pl\/wp-content\/uploads\/2022\/12\/KZ-max-768x1024.jpg\" alt=\"Re\u017cyser Krzysztof Zanussi podpisuje plakat\" width=\"768\" height=\"1024\" srcset=\"http:\/\/liceum-parczew.pl\/wp-content\/uploads\/2022\/12\/KZ-max-768x1024.jpg 768w, http:\/\/liceum-parczew.pl\/wp-content\/uploads\/2022\/12\/KZ-max-225x300.jpg 225w, http:\/\/liceum-parczew.pl\/wp-content\/uploads\/2022\/12\/KZ-max-1152x1536.jpg 1152w, http:\/\/liceum-parczew.pl\/wp-content\/uploads\/2022\/12\/KZ-max-1536x2048.jpg 1536w, http:\/\/liceum-parczew.pl\/wp-content\/uploads\/2022\/12\/KZ-max-scaled.jpg 1920w\" sizes=\"auto, (max-width: 768px) 100vw, 768px\" \/><\/p>\n<p><strong>Pytania<\/strong><\/p>\n<p>Krzysztof Zanussi to nie tylko Mistrz kina nagradzany na ca\u0142ym \u015bwiecie,\u00a0 scenarzysta, producent, wyk\u0142adowca wielu uczelni, ale przede wszystkim niezwyk\u0142y cz\u0142owiek ze wzgl\u0119du na\u00a0 bogactwo do\u015bwiadcze\u0144,\u00a0 pasj\u0119, wierno\u015b\u0107 swoim zasadom i\u00a0 przekonaniom zar\u00f3wno w \u017cyciu prywatnym, jak i w sztuce, kt\u00f3r\u0105 uprawia, a tak\u017ce kto\u015b bardzo otwarty na\u00a0 m\u0142odego cz\u0142owieka \u2013 ciekawy ludzkiej istoty. Sam m\u00f3wi o sobie, \u017ce jest przede wszystkim \u201eopowiadaczem historii\u201d, kt\u00f3re zbiera na ka\u017cdym kroku.<\/p>\n<p>Pan Zanussi\u00a0 nie boi si\u0119\u00a0\u00a0 stawia\u0107 fundamentalnych pyta\u0144 o sens \u017cycia,\u00a0 nieodwracalno\u015b\u0107 pewnych wybor\u00f3w \u017cyciowych, sukces , karier\u0119 czy mi\u0142o\u015b\u0107. Te\u00a0 podstawowe\u00a0 pytania staj\u0105 przed ka\u017cd\u0105 m\u0142od\u0105 osob\u0105. Odpowiedzi, kt\u00f3re\u00a0 docieraj\u0105 za po\u015brednictwem medi\u00f3w, s\u0105 niejednokrotnie powierzchowne i ma\u0142o wyraziste. On za\u015b\u00a0 idzie g\u0142\u0119biej, tworz\u0105c swoje filmy, a tak\u017ce rozmawiaj\u0105c bezpo\u015brednio z m\u0142odzie\u017c\u0105.<\/p>\n<p>Na spotkaniu\u00a0 poprowadzonym przez pani\u0105 Bo\u017cen\u0119\u00a0 Maliszewsk\u0105\u00a0 pad\u0142o wiele\u00a0 pyta\u0144\u00a0 pocz\u0105wszy od tych o klucz doboru aktor\u00f3w,\u00a0 jak prawdziwie i m\u0105drze\u00a0 \u017cy\u0107,\u00a0\u00a0 autorytety,\u00a0 to\u017csamo\u015b\u0107, wiar\u0119,\u00a0\u00a0 rozumienie\u00a0 centrum i prowincji, o to , czy\u00a0 re\u017cyser\u00a0 te\u017c potrafi\u00a0 s\u0142ucha\u0107,\u00a0 czym jest czas, po kwestie zwi\u0105zane z\u00a0 kondycj\u0105 kultury\u00a0 zachodniej i obecn\u0105 sytuacj\u0105 na \u015bwiecie i wiele innych.<\/p>\n<p>Zapytany\u00a0 o\u00a0 niespo\u017cyte pok\u0142ady energii i mnogo\u015b\u0107\u00a0 aktywno\u015bci, kt\u00f3rym si\u0119 oddaje (a ma 83 lata), pan Zanussi, z u\u015bmiechem, z\u0142o\u017cy\u0142 to na karb\u00a0 dobrych gen\u00f3w, ale i niezwyk\u0142ej ch\u0119ci poznawania\u00a0 cz\u0142owieka,\u00a0 ciekawo\u015b\u0107 \u015bwiata i otwarcie\u00a0 na tajemnic\u0119.<\/p>\n<p><strong>Lektury re\u017cysera<\/strong><\/p>\n<p>Niebagateln\u0105 rol\u0119\u00a0 odegra\u0142y w \u017cyciu Pana Zanussiego\u00a0 ksi\u0105\u017cki\u00a0 okre\u015blane\u00a0 przez jego\u00a0 ojca jako \u201edoros\u0142e\u201d ( w opozycji do lektur\u00a0 dla dzieci) na czele z Balzakiem, Stendhalem czy Szekspirem, po kt\u00f3re si\u0119gn\u0105\u0142 bardzo wcze\u015bnie.\u00a0 Podczas rozmowy z pani\u0105 Maliszewsk\u0105, pan Zanussi, z wrodzonym sobie humorem, powiedzia\u0142, \u017ce zach\u0119ca do czytania wy\u0142\u0105cznie\u00a0 samych arcydzie\u0142\u00a0 bo na inne szkoda czasu.\u00a0 Pytany o rekomendacje czytelnicze\u00a0 przywo\u0142a\u0142 swoje lektury. To dzi\u0119ki\u00a0 ksi\u0105\u017ckom m\u00f3g\u0142\u00a0 niejednokrotnie\u00a0 \u0142atwiej podejmowa\u0107\u00a0 trudne \u017cyciowe\u00a0 decyzje jak cho\u0107by ta, czy zosta\u0107\u00a0 oddanym marce producent\u00f3w sprz\u0119tu domowego\u00a0 Zanussi, kt\u00f3ra by\u0142a w r\u0119kach\u00a0 jego w\u0142oskiej rodziny, czy pod\u0105\u017cy\u0107 swoj\u0105 drog\u0105. Wybra\u0142 tworzenie film\u00f3w, co by\u0142o jego pasj\u0105. Podkre\u015bli\u0142, \u017ce ma ciekawe \u017cycie, ma pasj\u0119, kt\u00f3r\u0105 potrafi\u0142 w odpowiednim czasie\u00a0 wybra\u0107.<\/p>\n<p><strong>W\u0142a\u015bciwe rozumienie s\u0142\u00f3w<\/strong><\/p>\n<p>Pan Zanussi\u00a0 wyra\u017anie odr\u00f3\u017cni\u0142 karier\u0119 od sukcesu, mi\u0142o\u015b\u0107 od nami\u0119tno\u015bci,\u00a0 empati\u0119 od wra\u017cliwo\u015bci, inteligencj\u0119\u00a0 i m\u0105dro\u015b\u0107.\u00a0 Zwr\u00f3ci\u0142 uwag\u0119 na to, pieni\u0105dze s\u0105 potrzebne, ale nie warto\u00a0 koncentrowa\u0107\u00a0 si\u0119\u00a0 tylko i wy\u0142\u0105cznie\u00a0 na\u00a0 bogaceniu si\u0119: \u201eNast\u0119pne zero na koncie\u00a0 nie zrobi r\u00f3\u017cnicy\u201d, a przysz\u0142o\u015b\u0107\u00a0\u00a0 w \u015bwiecie tak wielkiego technologicznego post\u0119pu, kt\u00f3ry usunie wiele dotychczasowych miejsc pracy,\u00a0\u00a0 widzi\u00a0 w\u00a0 wolontariacie bo to jedyne zaj\u0119cie, kt\u00f3re bez wzgl\u0119du na zmiany, daje cz\u0142owiekowi poczucie sensu. Nie warto te\u017c studiowa\u0107 tyko po to, aby\u00a0 zrobi\u0107 karier\u0119. \u201eWarto studiowa\u0107, aby mie\u0107 ciekawe \u017cycie\u201d twierdzi Zanussi. Kariera po\u0142\u0105czona z rozg\u0142osem jest jednak\u00a0 potrzebna\u00a0\u00a0 re\u017cyserowi gdy\u017c pozwala\u00a0 zdoby\u0107 pieni\u0105dze na kolejne filmy. Sam sukces pan Zanussi por\u00f3wna\u0142\u00a0 do horyzontu, kt\u00f3ry jest w rzeczywisto\u015bci nieosi\u0105galny. Przywo\u0142a\u0142 tutaj s\u0142owa Miguela Cervantesa \u201e Droga do ober\u017cy\u00a0 wi\u0119cej znaczy\u00a0 ni\u017c sama ober\u017ca\u201d \u2013 samo\u00a0 staranie si\u0119 ,\u00a0 d\u0105\u017cenie, dzia\u0142anie jest znacznie wa\u017cniejsze\u00a0 ni\u017c osi\u0105gni\u0119cie celu.<\/p>\n<p>Co do mi\u0142o\u015bci, to zwr\u00f3ci\u0142 uwag\u0119 , \u017ce\u00a0 mi\u0142o\u015b\u0107 to nie motyle w brzuchu, ale przede wszystkim ci\u0119\u017cka praca, przezwyci\u0119\u017canie w\u0142asnego egoizmu, inwestowanie w relacje, czego nie ma w nami\u0119tno\u015bci.<\/p>\n<p>Ciekawe by\u0142o to, co powiedzia\u0142 o tak rozpowszechnionym s\u0142owie jakim jest empatia. S\u0142owo to ma\u00a0 korzenie w kulturze Indii.\u00a0 Ma r\u00f3wnie\u017c du\u017co w\u0119\u017csze znaczenie ni\u017c wsp\u00f3\u0142czucie i nie zak\u0142ada podj\u0119cia konkretnych dzia\u0142a\u0144, aby\u00a0 zmieni\u0107 los konkretnego cz\u0142owieka.<\/p>\n<p><strong>J\u0119zyki obce <\/strong><\/p>\n<p>Zapytany o\u00a0 swoj\u0105 przygod\u0119 z j\u0119zykami obcymi ( zna ich 6)\u00a0 Zanussi powiedzia\u0142, \u017ce\u00a0 motywowa\u0142a go ch\u0119\u0107 \u201edorwania si\u0119 do \u015bwiata\u201d, o kt\u00f3rym\u00a0 opowiadali mu rodzice, a kt\u00f3ry istnia\u0142 za \u201e\u017celazn\u0105 kurtyn\u0105\u201d.\u00a0 Angielskiego\u00a0 i rosyjskiego uczy\u0142 si\u0119\u00a0 z przekory\u00a0 gdy mu\u00a0 odradzano\u00a0 ich zg\u0142\u0119bianie.\u00a0 Zach\u0119ca\u0142, aby uczy\u0107 si\u0119 j\u0119zyk\u00f3w jak najwcze\u015bniej bo potem, w doros\u0142ym \u017cyciu, nie ma na to czasu.\u00a0 Za nieodzowne narz\u0119dzia\u00a0 komunikacji w XXI wieku uzna\u0142 j\u0119zyk angielski\u00a0 i chi\u0144ski. Szczeg\u00f3lnie gor\u0105co\u00a0\u00a0 poleca\u0142 nauk\u0119 tego ostatniego. Wspomnia\u0142 te\u017c s\u0142owa ojca, kt\u00f3ry powtarza\u0142 mu, \u017ce \u201eNie wa\u017cne w ilu j\u0119zykach m\u00f3wisz, wa\u017cne, co w tych j\u0119zykach powiesz.\u201d<\/p>\n<p><strong>Do m\u0142odych<\/strong><\/p>\n<p>Jedno z pyta\u0144 jakie pad\u0142o\u00a0 od zebranej publiczno\u015bci dotyczy\u0142o\u00a0\u00a0 rad\u00a0 dla\u00a0 wsp\u00f3\u0142czesnych m\u0142odych ludzi. Pan Zanussi nie chcia\u0142 powiela\u0107 pustych slogan\u00f3w. Zwr\u00f3ci\u0142 uwag\u0119 na to, aby nie ulega\u0107 \u201eodruchowi stadnemu\u201d, nie by\u0107 lekkomy\u015blnym\u00a0 w dzia\u0142aniach bo\u00a0 cech\u0105 \u017cycia jest\u00a0 tak naprawd\u0119 nieodwracalno\u015b\u0107 i wszystko , co w nim robimy ma znaczenie.\u00a0 Wa\u017cnym\u00a0 te\u017c jest, aby mie\u0107\u00a0 autorytety bo to daje wyobra\u017cenie, \u017ce s\u0105 ludzie, kt\u00f3rzy s\u0105 w czym\u015b od nas lepsi, a to z kolei\u00a0 uwalnia nas od egoizmu. Autorytet, jak r\u00f3wnie\u017c i\u00a0 siebie\u00a0 samych trzeba ci\u0105gle sprawdza\u0107, poddawa\u0107 pr\u00f3bom, zderza\u0107 je\u00a0 z trudnymi sytuacjami, samemu te\u017c ich\u00a0 nie unika\u0107.<\/p>\n<p>Pan Zanussi\u00a0 rozmawia\u0142\u00a0 z m\u0142odymi lud\u017ami ponad dwie godziny.\u00a0 Jeste\u015bmy zaszczyceni, \u017ce tak znamienity go\u015b\u0107 odwiedzi\u0142 nasz\u0105 szko\u0142\u0119.<\/p>\n<p><strong>Podzi\u0119kowania<\/strong><\/p>\n<p>Spotkanie, kt\u00f3re\u00a0 odby\u0142o si\u0119\u00a0 9 grudnia\u00a0 w naszej szkole, nie by\u0142oby mo\u017cliwe\u00a0 bez\u00a0 ogromnego zaanga\u017cowania\u00a0 wielu os\u00f3b. Szczeg\u00f3lne podzi\u0119kowania kierujemy do:<\/p>\n<p>pani dyrektor Beaty Trynieckiej\u00a0 za otwarto\u015b\u0107 na\u00a0 pomys\u0142y i wspieranie wszelkich\u00a0\u00a0 innowacyjnych dzia\u0142a\u0144;\u00a0 pani Bo\u017cenie Maliszewskiej\u00a0 za\u00a0 przygotowanie i przeprowadzenie\u00a0 rozmowy z panem Zanussim, pani Ewie Saczuk, pa\u0144stwu Monice i Grzegorzowi Howorusom, Pa\u0144stwu Ewie i\u00a0 Wojciechowi Nizio\u0142kom,\u00a0 pa\u0144stwu Annie i Krzysztofowi Wro\u0144skim, \u00a0pani Anecie Brydzie, ksi\u0119dzu\u00a0 Marcinowi Prudaczukowi\u00a0 za pomoc w organizacji pobytu\u00a0 pana Zanussiego w naszym liceum. Za wsparcie finansowe projektu \u201eSpotkania z ciekawymi lud\u017ami\u201d dzi\u0119kujemy Bankowi Sp\u00f3\u0142dzielczemu\u00a0 w Parczewie.<\/p>\n<p>Inicjatorem zaproszenia pana Zanussiego do naszej szko\u0142y by\u0142a Monika Szwed.<\/p>\n<p><iframe loading=\"lazy\" title=\"Wywiad z Krzysztofem Zanussim\" width=\"800\" height=\"450\" src=\"https:\/\/www.youtube.com\/embed\/_IqyuXAie3w?feature=oembed\" frameborder=\"0\" allow=\"accelerometer; autoplay; clipboard-write; encrypted-media; gyroscope; picture-in-picture\" allowfullscreen><\/iframe><\/p>\n","protected":false},"excerpt":{"rendered":"<p>Niezwyk\u0142y Go\u015b\u0107 W po\u0142owie listopada 2022r. pan Krzysztof Zanussi przyj\u0105\u0142 nasze zaproszenie i zgodzi\u0142 si\u0119 porozmawia\u0107\u00a0 o sprawach wa\u017cnych dla<\/p>\n","protected":false},"author":1,"featured_media":5744,"comment_status":"closed","ping_status":"closed","sticky":false,"template":"","format":"standard","meta":{"colormag_page_container_layout":"default_layout","colormag_page_sidebar_layout":"default_layout","footnotes":""},"categories":[3],"tags":[],"class_list":["post-5742","post","type-post","status-publish","format-standard","has-post-thumbnail","hentry","category-aktualnosci"],"_links":{"self":[{"href":"http:\/\/liceum-parczew.pl\/index.php\/wp-json\/wp\/v2\/posts\/5742","targetHints":{"allow":["GET"]}}],"collection":[{"href":"http:\/\/liceum-parczew.pl\/index.php\/wp-json\/wp\/v2\/posts"}],"about":[{"href":"http:\/\/liceum-parczew.pl\/index.php\/wp-json\/wp\/v2\/types\/post"}],"author":[{"embeddable":true,"href":"http:\/\/liceum-parczew.pl\/index.php\/wp-json\/wp\/v2\/users\/1"}],"replies":[{"embeddable":true,"href":"http:\/\/liceum-parczew.pl\/index.php\/wp-json\/wp\/v2\/comments?post=5742"}],"version-history":[{"count":4,"href":"http:\/\/liceum-parczew.pl\/index.php\/wp-json\/wp\/v2\/posts\/5742\/revisions"}],"predecessor-version":[{"id":5748,"href":"http:\/\/liceum-parczew.pl\/index.php\/wp-json\/wp\/v2\/posts\/5742\/revisions\/5748"}],"wp:featuredmedia":[{"embeddable":true,"href":"http:\/\/liceum-parczew.pl\/index.php\/wp-json\/wp\/v2\/media\/5744"}],"wp:attachment":[{"href":"http:\/\/liceum-parczew.pl\/index.php\/wp-json\/wp\/v2\/media?parent=5742"}],"wp:term":[{"taxonomy":"category","embeddable":true,"href":"http:\/\/liceum-parczew.pl\/index.php\/wp-json\/wp\/v2\/categories?post=5742"},{"taxonomy":"post_tag","embeddable":true,"href":"http:\/\/liceum-parczew.pl\/index.php\/wp-json\/wp\/v2\/tags?post=5742"}],"curies":[{"name":"wp","href":"https:\/\/api.w.org\/{rel}","templated":true}]}}