{"id":5721,"date":"2022-12-05T12:36:05","date_gmt":"2022-12-05T11:36:05","guid":{"rendered":"http:\/\/liceum-parczew.pl\/?p=5721"},"modified":"2022-12-08T10:26:40","modified_gmt":"2022-12-08T09:26:40","slug":"wyniki-konkursow-ogloszonych-z-okazji-roku-polskiego-romantyzmu","status":"publish","type":"post","link":"http:\/\/liceum-parczew.pl\/index.php\/2022\/12\/05\/wyniki-konkursow-ogloszonych-z-okazji-roku-polskiego-romantyzmu\/","title":{"rendered":"Wyniki konkurs\u00f3w og\u0142oszonych z okazji  Roku Polskiego Romantyzmu"},"content":{"rendered":"<p class=\"western\"><span style=\"font-family: Times New Roman, serif;\"><span style=\"font-size: medium;\">W ubieg\u0142y pi\u0105tek zosta\u0142y zaprezentowane spo\u0142eczno\u015bci szkolnej wyniki konkurs\u00f3w og\u0142oszonych z okazji Roku Polskiego Romantyzmu. W konkursie \u201eCzucie i wiara \u2013 romantyzm w obiektywie\u201d trzeba by\u0142o wykona\u0107 zdj\u0119cia inspirowane wybranym utworem romantycznym. Natomiast w konkursie poetyckim \u201e\u015awitezianka 2022\u201d uczniowie mieli za zadanie u\u0142o\u017cy\u0107 wsp\u00f3\u0142czesn\u0105 wersj\u0119 ballady Adama Mickiewicza. W swoich pracach uczniowie wykazali si\u0119 kreatywno\u015bci\u0105 i niebanalnym podej\u015bciem do tematu. Efekty ich pracy mo\u017cna podziwia\u0107 na wystawie w auli szko\u0142y. <\/span><\/span><\/p>\n<p class=\"western\"><span style=\"color: #000000;\"><span style=\"font-family: Times New Roman, serif;\"><span style=\"font-size: medium;\">W konkursie &#8222;Czucie i wiara&#8221; &#8211; romantyzm w obiektywie, jury w sk\u0142adzie: Aleksandra Golecka, Natalia Staszczuk &#8211; przedstawicielki Samorz\u0105du Uczniowskiego i pan Artur Michaluk, przyzna\u0142o nast\u0119puj\u0105ce miejsca:<\/span><\/span><\/span><\/p>\n<p class=\"western\"><span style=\"color: #000000;\"><span style=\"font-family: Times New Roman, serif;\"><span style=\"font-size: medium;\">I Miejsce &#8211; Ada Laskowska z klasy II d za zdj\u0119cie inspirowane ballad\u0105 &#8222;Romantyczno\u015b\u0107&#8221; Adama Mickiewicza,<\/span><\/span><\/span><\/p>\n<p class=\"western\"><span style=\"color: #000000;\"><span style=\"font-family: Times New Roman, serif;\"><span style=\"font-size: medium;\">II miejsce &#8211; Jagoda Du\u0142ak i Julia Babicz z klasy I a za zdj\u0119cie do &#8222;Balladyny&#8221; Juliusza S\u0142owackiego,<\/span><\/span><\/span><\/p>\n<p class=\"western\"><span style=\"color: #000000;\"><span style=\"font-family: Times New Roman, serif;\"><span style=\"font-size: medium;\">III Miejsce &#8211; Kinga Ku\u0142ak z klasy II b za zdj\u0119cie inspirowane &#8222;Dziadami&#8221; Adama Mickiewicza.<\/span><\/span><\/span><\/p>\n<p class=\"western\"><span style=\"color: #000000;\"><span style=\"font-family: Times New Roman, serif;\"><span style=\"font-size: medium;\">Wyr\u00f3\u017cnienia otrzymali: Filip Bo\u017cym z klasy II b za zdj\u0119cie do wiersza &#8222;Niepewno\u015b\u0107&#8221; Adama Mickiewicza, Marcelina Michaluk z klasy I d za zdj\u0119cie do &#8222;Dziad\u00f3w&#8221; Adama Mickiewicza i Natalia Paw\u0142owska z klasy I b za zdj\u0119cie do &#8222;Ody do wolno\u015bci&#8221; Juliusza S\u0142owackiego.<\/span><\/span><\/span><\/p>\n<p class=\"western\"><span style=\"font-family: Times New Roman, serif;\"><span style=\"font-size: medium;\">W konkursie poetyckim &#8222;\u015awitezianka 2022&#8221;, jury w sk\u0142adzie: Pani Bo\u017cena Maliszewska, <\/span><\/span><span style=\"color: #000000;\"><span style=\"font-family: Times New Roman, serif;\"><span style=\"font-size: medium;\">Aleksandra Golecka, Natalia Staszczuk &#8211; przedstawicielki Samorz\u0105du Uczniowskiego, <\/span><\/span><\/span><span style=\"font-family: Times New Roman, serif;\"><span style=\"font-size: medium;\"> przyzna\u0142o nast\u0119puj\u0105ce miejsca:<\/span><\/span><\/p>\n<p class=\"western\"><span style=\"font-family: Times New Roman, serif;\"><span style=\"font-size: medium;\">I Miejsce &#8211; Adrian Bednarz z klasy IV dn,<\/span><\/span><\/p>\n<p class=\"western\"><span style=\"font-family: Times New Roman, serif;\"><span style=\"font-size: medium;\">II Miejsce &#8211; Krystian Kozak z klasy I d,<\/span><\/span><\/p>\n<p class=\"western\"><span style=\"font-family: Times New Roman, serif;\"><span style=\"font-size: medium;\">III Miejsce &#8211; Miko\u0142aj R\u0119bi\u015b z klasy I b,<\/span><\/span><\/p>\n<p class=\"western\"><span style=\"font-family: Times New Roman, serif;\"><span style=\"font-size: medium;\">oraz wyr\u00f3\u017cnienie Kinga Ku\u0142ak z klasy II b.<\/span><\/span><\/p>\n<p class=\"western\"><span style=\"font-family: Times New Roman, serif;\"><span style=\"font-size: medium;\">Zwyci\u0119zcy otrzymali nagrody ksi\u0105\u017ckowe zakupione ze \u015brodk\u00f3w Narodowego Programu Rozwoju Czytelnictwa.<\/span><\/span><\/p>\n<p class=\"western\"><span style=\"font-family: Times New Roman, serif;\"><span style=\"font-size: medium;\">Gratulujemy zwyci\u0119zcom i zapraszamy do odwiedzania wystawy.<\/span><\/span><\/p>\n<p class=\"western\"><img loading=\"lazy\" decoding=\"async\" class=\"alignnone size-medium wp-image-5729\" src=\"http:\/\/liceum-parczew.pl\/wp-content\/uploads\/2022\/12\/6.-Romantycznosc-Copy-225x300.png\" alt=\"\" width=\"225\" height=\"300\" srcset=\"http:\/\/liceum-parczew.pl\/wp-content\/uploads\/2022\/12\/6.-Romantycznosc-Copy-225x300.png 225w, http:\/\/liceum-parczew.pl\/wp-content\/uploads\/2022\/12\/6.-Romantycznosc-Copy.png 338w\" sizes=\"auto, (max-width: 225px) 100vw, 225px\" \/><img loading=\"lazy\" decoding=\"async\" class=\"alignnone size-medium wp-image-5735\" src=\"http:\/\/liceum-parczew.pl\/wp-content\/uploads\/2022\/12\/1.-Balladyna-Copy-199x300.png\" alt=\"\" width=\"199\" height=\"300\" srcset=\"http:\/\/liceum-parczew.pl\/wp-content\/uploads\/2022\/12\/1.-Balladyna-Copy-199x300.png 199w, http:\/\/liceum-parczew.pl\/wp-content\/uploads\/2022\/12\/1.-Balladyna-Copy.png 299w\" sizes=\"auto, (max-width: 199px) 100vw, 199px\" \/><img loading=\"lazy\" decoding=\"async\" class=\"alignnone size-medium wp-image-5732\" src=\"http:\/\/liceum-parczew.pl\/wp-content\/uploads\/2022\/12\/3.-Dziady-Copy-300x225.png\" alt=\"\" width=\"300\" height=\"225\" srcset=\"http:\/\/liceum-parczew.pl\/wp-content\/uploads\/2022\/12\/3.-Dziady-Copy-300x225.png 300w, http:\/\/liceum-parczew.pl\/wp-content\/uploads\/2022\/12\/3.-Dziady-Copy.png 600w\" sizes=\"auto, (max-width: 300px) 100vw, 300px\" \/><img loading=\"lazy\" decoding=\"async\" class=\"alignnone size-medium wp-image-5734\" src=\"http:\/\/liceum-parczew.pl\/wp-content\/uploads\/2022\/12\/5.-Niepewnosc-Adam-Mickiewicz-Copy-300x163.png\" alt=\"\" width=\"300\" height=\"163\" srcset=\"http:\/\/liceum-parczew.pl\/wp-content\/uploads\/2022\/12\/5.-Niepewnosc-Adam-Mickiewicz-Copy-300x163.png 300w, http:\/\/liceum-parczew.pl\/wp-content\/uploads\/2022\/12\/5.-Niepewnosc-Adam-Mickiewicz-Copy.png 600w\" sizes=\"auto, (max-width: 300px) 100vw, 300px\" \/><img loading=\"lazy\" decoding=\"async\" class=\"alignnone size-medium wp-image-5730\" src=\"http:\/\/liceum-parczew.pl\/wp-content\/uploads\/2022\/12\/2.-Dziady-cz.-II-Copy-225x300.png\" alt=\"\" width=\"225\" height=\"300\" srcset=\"http:\/\/liceum-parczew.pl\/wp-content\/uploads\/2022\/12\/2.-Dziady-cz.-II-Copy-225x300.png 225w, http:\/\/liceum-parczew.pl\/wp-content\/uploads\/2022\/12\/2.-Dziady-cz.-II-Copy.png 337w\" sizes=\"auto, (max-width: 225px) 100vw, 225px\" \/><img loading=\"lazy\" decoding=\"async\" class=\"alignnone size-medium wp-image-5733\" src=\"http:\/\/liceum-parczew.pl\/wp-content\/uploads\/2022\/12\/4.1-Juliusz-Slowacki-Oda-do-wolnosci-Copy-300x225.png\" alt=\"\" width=\"300\" height=\"225\" srcset=\"http:\/\/liceum-parczew.pl\/wp-content\/uploads\/2022\/12\/4.1-Juliusz-Slowacki-Oda-do-wolnosci-Copy-300x225.png 300w, http:\/\/liceum-parczew.pl\/wp-content\/uploads\/2022\/12\/4.1-Juliusz-Slowacki-Oda-do-wolnosci-Copy.png 600w\" sizes=\"auto, (max-width: 300px) 100vw, 300px\" \/><img loading=\"lazy\" decoding=\"async\" class=\"alignnone size-medium wp-image-5724\" src=\"http:\/\/liceum-parczew.pl\/wp-content\/uploads\/2022\/12\/20221202_112418-Copy-225x300.png\" alt=\"\" width=\"225\" height=\"300\" srcset=\"http:\/\/liceum-parczew.pl\/wp-content\/uploads\/2022\/12\/20221202_112418-Copy-225x300.png 225w, http:\/\/liceum-parczew.pl\/wp-content\/uploads\/2022\/12\/20221202_112418-Copy.png 338w\" sizes=\"auto, (max-width: 225px) 100vw, 225px\" \/><img loading=\"lazy\" decoding=\"async\" class=\"alignnone size-medium wp-image-5726\" src=\"http:\/\/liceum-parczew.pl\/wp-content\/uploads\/2022\/12\/20221202_112508-Copy-225x300.png\" alt=\"\" width=\"225\" height=\"300\" srcset=\"http:\/\/liceum-parczew.pl\/wp-content\/uploads\/2022\/12\/20221202_112508-Copy-225x300.png 225w, http:\/\/liceum-parczew.pl\/wp-content\/uploads\/2022\/12\/20221202_112508-Copy.png 338w\" sizes=\"auto, (max-width: 225px) 100vw, 225px\" \/><img loading=\"lazy\" decoding=\"async\" class=\"alignnone size-medium wp-image-5725\" src=\"http:\/\/liceum-parczew.pl\/wp-content\/uploads\/2022\/12\/20221202_112501-Copy-225x300.png\" alt=\"\" width=\"225\" height=\"300\" srcset=\"http:\/\/liceum-parczew.pl\/wp-content\/uploads\/2022\/12\/20221202_112501-Copy-225x300.png 225w, http:\/\/liceum-parczew.pl\/wp-content\/uploads\/2022\/12\/20221202_112501-Copy.png 338w\" sizes=\"auto, (max-width: 225px) 100vw, 225px\" \/><\/p>\n","protected":false},"excerpt":{"rendered":"<p>W ubieg\u0142y pi\u0105tek zosta\u0142y zaprezentowane spo\u0142eczno\u015bci szkolnej wyniki konkurs\u00f3w og\u0142oszonych z okazji Roku Polskiego Romantyzmu. W konkursie \u201eCzucie i wiara<\/p>\n","protected":false},"author":3,"featured_media":5722,"comment_status":"closed","ping_status":"closed","sticky":false,"template":"","format":"standard","meta":{"colormag_page_container_layout":"default_layout","colormag_page_sidebar_layout":"default_layout","footnotes":""},"categories":[3],"tags":[],"class_list":["post-5721","post","type-post","status-publish","format-standard","has-post-thumbnail","hentry","category-aktualnosci"],"_links":{"self":[{"href":"http:\/\/liceum-parczew.pl\/index.php\/wp-json\/wp\/v2\/posts\/5721","targetHints":{"allow":["GET"]}}],"collection":[{"href":"http:\/\/liceum-parczew.pl\/index.php\/wp-json\/wp\/v2\/posts"}],"about":[{"href":"http:\/\/liceum-parczew.pl\/index.php\/wp-json\/wp\/v2\/types\/post"}],"author":[{"embeddable":true,"href":"http:\/\/liceum-parczew.pl\/index.php\/wp-json\/wp\/v2\/users\/3"}],"replies":[{"embeddable":true,"href":"http:\/\/liceum-parczew.pl\/index.php\/wp-json\/wp\/v2\/comments?post=5721"}],"version-history":[{"count":4,"href":"http:\/\/liceum-parczew.pl\/index.php\/wp-json\/wp\/v2\/posts\/5721\/revisions"}],"predecessor-version":[{"id":5736,"href":"http:\/\/liceum-parczew.pl\/index.php\/wp-json\/wp\/v2\/posts\/5721\/revisions\/5736"}],"wp:featuredmedia":[{"embeddable":true,"href":"http:\/\/liceum-parczew.pl\/index.php\/wp-json\/wp\/v2\/media\/5722"}],"wp:attachment":[{"href":"http:\/\/liceum-parczew.pl\/index.php\/wp-json\/wp\/v2\/media?parent=5721"}],"wp:term":[{"taxonomy":"category","embeddable":true,"href":"http:\/\/liceum-parczew.pl\/index.php\/wp-json\/wp\/v2\/categories?post=5721"},{"taxonomy":"post_tag","embeddable":true,"href":"http:\/\/liceum-parczew.pl\/index.php\/wp-json\/wp\/v2\/tags?post=5721"}],"curies":[{"name":"wp","href":"https:\/\/api.w.org\/{rel}","templated":true}]}}