{"id":5489,"date":"2022-09-20T12:47:40","date_gmt":"2022-09-20T10:47:40","guid":{"rendered":"http:\/\/liceum-parczew.pl\/?p=5489"},"modified":"2022-10-20T12:50:28","modified_gmt":"2022-10-20T10:50:28","slug":"narodowe-czytanie","status":"publish","type":"post","link":"http:\/\/liceum-parczew.pl\/index.php\/2022\/09\/20\/narodowe-czytanie\/","title":{"rendered":"Narodowe Czytanie"},"content":{"rendered":"<p><span style=\"color: #000000;\"><span style=\"font-family: Liberation Serif, serif;\"><span style=\"font-size: large;\">9 wrze\u015bnia odby\u0142a si\u0119 w auli szkolna ods\u0142ona akcji Narodowego Czytania <em>Ballad i romans\u00f3w<\/em> Adama Mickiewicza. Ballad\u0119 <em>\u015awitezianka<\/em> zaprezentowali uczniowie z klas: III b &#8211; Kasia za\u015bpiewa\u0142a pocz\u0105tkowe i ko\u0144cowe zwrotki ballady, IV bn, II b i I d oraz Anetta Weremczuk i pan dyrektor Jerzy \u015awi\u0107. Natomiast <em>Lilie<\/em> odczyta\u0142y z podzia\u0142em na role uczennice klasy II d. Cieszymy si\u0119, \u017ce do akcji w\u0142\u0105czy\u0142y si\u0119 nasze absolwentki: Ania, Ada i Ewelina, kt\u00f3re za\u015bpiewa\u0142y romantyczne piosenki.<\/span><\/span><\/span><\/p>\n<p><span style=\"color: #000000;\"><span style=\"font-size: large;\"><span style=\"font-family: Liberation Serif, serif;\"><em>Ballady i romanse<\/em> to niezapomniane utwory, kt\u00f3re od dziesi\u0105tk\u00f3w lat \u0142\u0105cz\u0105 pokolenia Polak\u00f3w. Zachwycaj\u0105 wyj\u0105tkow\u0105 aur\u0105, niezr\u00f3wnanymi opisami natury i m\u0105dr\u0105 prawd\u0105, \u017ce \u015bwiat musi by\u0107 sprawiedliwy, dobro nagrodzone, a z\u0142o ukarane. Niezwyk\u0142a wra\u017cliwo\u015b\u0107, wspania\u0142e wyczucie j\u0119zyka i wyobra\u017ania genialnego poety sprawi\u0142y, \u017ce te utwory<\/span><span style=\"font-family: Liberation Serif, serif;\">\u00a0s\u0105 esencj\u0105 polskiego romantyzmu.<\/span><\/span><\/span><\/p>\n<p><a href=\"http:\/\/liceum-parczew.pl\/wp-content\/uploads\/2022\/09\/20220909_104334-Copy.png\"><img loading=\"lazy\" decoding=\"async\" class=\"alignnone wp-image-5488 size-medium\" src=\"http:\/\/liceum-parczew.pl\/wp-content\/uploads\/2022\/09\/20220909_104334-Copy-300x225.png\" alt=\"\" width=\"300\" height=\"225\" srcset=\"http:\/\/liceum-parczew.pl\/wp-content\/uploads\/2022\/09\/20220909_104334-Copy-300x225.png 300w, http:\/\/liceum-parczew.pl\/wp-content\/uploads\/2022\/09\/20220909_104334-Copy.png 600w\" sizes=\"auto, (max-width: 300px) 100vw, 300px\" \/><\/a> <a href=\"http:\/\/liceum-parczew.pl\/wp-content\/uploads\/2022\/09\/20220909_104306-Copy.png\"><img loading=\"lazy\" decoding=\"async\" class=\"alignnone wp-image-5487 size-medium\" src=\"http:\/\/liceum-parczew.pl\/wp-content\/uploads\/2022\/09\/20220909_104306-Copy-225x300.png\" alt=\"\" width=\"225\" height=\"300\" srcset=\"http:\/\/liceum-parczew.pl\/wp-content\/uploads\/2022\/09\/20220909_104306-Copy-225x300.png 225w, http:\/\/liceum-parczew.pl\/wp-content\/uploads\/2022\/09\/20220909_104306-Copy.png 338w\" sizes=\"auto, (max-width: 225px) 100vw, 225px\" \/><\/a> <a href=\"http:\/\/liceum-parczew.pl\/wp-content\/uploads\/2022\/09\/20220909_112450-Copy.png\"><img loading=\"lazy\" decoding=\"async\" class=\"alignnone wp-image-5486 size-medium\" src=\"http:\/\/liceum-parczew.pl\/wp-content\/uploads\/2022\/09\/20220909_112450-Copy-300x225.png\" alt=\"\" width=\"300\" height=\"225\" srcset=\"http:\/\/liceum-parczew.pl\/wp-content\/uploads\/2022\/09\/20220909_112450-Copy-300x225.png 300w, http:\/\/liceum-parczew.pl\/wp-content\/uploads\/2022\/09\/20220909_112450-Copy.png 600w\" sizes=\"auto, (max-width: 300px) 100vw, 300px\" \/><\/a> <a href=\"http:\/\/liceum-parczew.pl\/wp-content\/uploads\/2022\/09\/20220909_112350-Copy.png\"><img loading=\"lazy\" decoding=\"async\" class=\"alignnone wp-image-5485 size-medium\" src=\"http:\/\/liceum-parczew.pl\/wp-content\/uploads\/2022\/09\/20220909_112350-Copy-300x225.png\" alt=\"\" width=\"300\" height=\"225\" srcset=\"http:\/\/liceum-parczew.pl\/wp-content\/uploads\/2022\/09\/20220909_112350-Copy-300x225.png 300w, http:\/\/liceum-parczew.pl\/wp-content\/uploads\/2022\/09\/20220909_112350-Copy.png 600w\" sizes=\"auto, (max-width: 300px) 100vw, 300px\" \/><\/a> <a href=\"http:\/\/liceum-parczew.pl\/wp-content\/uploads\/2022\/09\/20220909_112024-Copy.png\"><img loading=\"lazy\" decoding=\"async\" class=\"alignnone wp-image-5483 size-medium\" src=\"http:\/\/liceum-parczew.pl\/wp-content\/uploads\/2022\/09\/20220909_112024-Copy-300x225.png\" alt=\"\" width=\"300\" height=\"225\" srcset=\"http:\/\/liceum-parczew.pl\/wp-content\/uploads\/2022\/09\/20220909_112024-Copy-300x225.png 300w, http:\/\/liceum-parczew.pl\/wp-content\/uploads\/2022\/09\/20220909_112024-Copy.png 600w\" sizes=\"auto, (max-width: 300px) 100vw, 300px\" \/><\/a> <a href=\"http:\/\/liceum-parczew.pl\/wp-content\/uploads\/2022\/09\/20220909_111952-Copy.png\"><img loading=\"lazy\" decoding=\"async\" class=\"alignnone wp-image-5482 size-medium\" src=\"http:\/\/liceum-parczew.pl\/wp-content\/uploads\/2022\/09\/20220909_111952-Copy-225x300.png\" alt=\"\" width=\"225\" height=\"300\" srcset=\"http:\/\/liceum-parczew.pl\/wp-content\/uploads\/2022\/09\/20220909_111952-Copy-225x300.png 225w, http:\/\/liceum-parczew.pl\/wp-content\/uploads\/2022\/09\/20220909_111952-Copy.png 338w\" sizes=\"auto, (max-width: 225px) 100vw, 225px\" \/><\/a><\/p>\n","protected":false},"excerpt":{"rendered":"<p>9 wrze\u015bnia odby\u0142a si\u0119 w auli szkolna ods\u0142ona akcji Narodowego Czytania Ballad i romans\u00f3w Adama Mickiewicza. Ballad\u0119 \u015awitezianka zaprezentowali uczniowie<\/p>\n","protected":false},"author":3,"featured_media":5483,"comment_status":"closed","ping_status":"closed","sticky":false,"template":"","format":"standard","meta":{"colormag_page_container_layout":"default_layout","colormag_page_sidebar_layout":"default_layout","footnotes":""},"categories":[3],"tags":[],"class_list":["post-5489","post","type-post","status-publish","format-standard","has-post-thumbnail","hentry","category-aktualnosci"],"_links":{"self":[{"href":"http:\/\/liceum-parczew.pl\/index.php\/wp-json\/wp\/v2\/posts\/5489","targetHints":{"allow":["GET"]}}],"collection":[{"href":"http:\/\/liceum-parczew.pl\/index.php\/wp-json\/wp\/v2\/posts"}],"about":[{"href":"http:\/\/liceum-parczew.pl\/index.php\/wp-json\/wp\/v2\/types\/post"}],"author":[{"embeddable":true,"href":"http:\/\/liceum-parczew.pl\/index.php\/wp-json\/wp\/v2\/users\/3"}],"replies":[{"embeddable":true,"href":"http:\/\/liceum-parczew.pl\/index.php\/wp-json\/wp\/v2\/comments?post=5489"}],"version-history":[{"count":5,"href":"http:\/\/liceum-parczew.pl\/index.php\/wp-json\/wp\/v2\/posts\/5489\/revisions"}],"predecessor-version":[{"id":5617,"href":"http:\/\/liceum-parczew.pl\/index.php\/wp-json\/wp\/v2\/posts\/5489\/revisions\/5617"}],"wp:featuredmedia":[{"embeddable":true,"href":"http:\/\/liceum-parczew.pl\/index.php\/wp-json\/wp\/v2\/media\/5483"}],"wp:attachment":[{"href":"http:\/\/liceum-parczew.pl\/index.php\/wp-json\/wp\/v2\/media?parent=5489"}],"wp:term":[{"taxonomy":"category","embeddable":true,"href":"http:\/\/liceum-parczew.pl\/index.php\/wp-json\/wp\/v2\/categories?post=5489"},{"taxonomy":"post_tag","embeddable":true,"href":"http:\/\/liceum-parczew.pl\/index.php\/wp-json\/wp\/v2\/tags?post=5489"}],"curies":[{"name":"wp","href":"https:\/\/api.w.org\/{rel}","templated":true}]}}