{"id":5460,"date":"2022-09-25T19:37:58","date_gmt":"2022-09-25T17:37:58","guid":{"rendered":"http:\/\/liceum-parczew.pl\/?p=5460"},"modified":"2022-09-25T20:19:55","modified_gmt":"2022-09-25T18:19:55","slug":"salon-maturzystow-i-pokazy-z-fizyki-wycieczka-do-lublina-klas-1c-4an-4bn-4dn","status":"publish","type":"post","link":"http:\/\/liceum-parczew.pl\/index.php\/2022\/09\/25\/salon-maturzystow-i-pokazy-z-fizyki-wycieczka-do-lublina-klas-1c-4an-4bn-4dn\/","title":{"rendered":"Salon Maturzyst\u00f3w i pokazy z fizyki \u2013 wycieczka do Lublina klas: 1C, 4AN, 4BN, 4DN."},"content":{"rendered":"<p>19 wrze\u015bnia 2022r. uczniowie klas 1 C, 4AN, 4 BN i 4 DN pod opiek\u0105 Pani Dyrektor \u2013 Beaty Trynieckiej oraz nauczycieli: Artura Michaluka, Anetty Weremczuk, Gra\u017cyny Czech, Anny Burzec, Bo\u017ceny Prokopiuk wzi\u0119li udzia\u0142 w jednodniowej wycieczce do Lublina.<br \/>\nUczniowie klas czwartych uczestniczyli w Lubelskim Salonie Maturzyst\u00f3w Perspektywy na KUL.<\/p>\n<p><a href=\"https:\/\/www.youtube.com\/watch?v=bywvVKGoAyk\">Lubelski Salon Maturzyst\u00f3w 2022r &#8211; YouTube<\/a><\/p>\n<p><img loading=\"lazy\" decoding=\"async\" class=\"alignnone size-medium wp-image-5457\" src=\"http:\/\/liceum-parczew.pl\/wp-content\/uploads\/2022\/09\/Zrzut-ekranu-2022-09-25-192317-300x174.png\" alt=\"\" width=\"300\" height=\"174\" srcset=\"http:\/\/liceum-parczew.pl\/wp-content\/uploads\/2022\/09\/Zrzut-ekranu-2022-09-25-192317-300x174.png 300w, http:\/\/liceum-parczew.pl\/wp-content\/uploads\/2022\/09\/Zrzut-ekranu-2022-09-25-192317-1024x595.png 1024w, http:\/\/liceum-parczew.pl\/wp-content\/uploads\/2022\/09\/Zrzut-ekranu-2022-09-25-192317-768x446.png 768w, http:\/\/liceum-parczew.pl\/wp-content\/uploads\/2022\/09\/Zrzut-ekranu-2022-09-25-192317.png 1433w\" sizes=\"auto, (max-width: 300px) 100vw, 300px\" \/><\/p>\n<p>W czasie, gdy tegoroczni maturzy\u015bci poznawali prezentacje oferty edukacyjnej uczelni akademickich na rok 2023\/2024 z udzia\u0142em przedstawicieli uczelni oraz brali udzia\u0142 w spotkaniach z ekspertami okr\u0119gowych komisji egzaminacyjnych na temat deklaracji maturalnych, termin\u00f3w i wa\u017cnych kwestii zwi\u0105zanych z egzaminami maturalnymi w roku 2023 z j\u0119zyka polskiego, matematyki, j\u0119zyk\u00f3w obcych oraz przedmiot\u00f3w dodatkowych (historia, fizyka, geografia, biologia, chemia) uczniowie klasy 1 C spacerowali po Starym Mie\u015bcie oraz zwiedzali Lubelsk\u0105 Tras\u0119 Podziemn\u0105.<br \/>\nPo po\u0142udniu uczniowie klas 1 C i 4 BN na UMCS poznawali tajniki elektrostatyki, p\u0142yn\u00f3w, ruchu obrotowego oraz \u015bwiat\u0142a i oka w ramach 62. Pokaz\u00f3w z fizyki.<\/p>\n<p>Galeria zdj\u0119\u0107:<\/p>\n<p><a href=\"http:\/\/liceum-parczew.pl\/wp-content\/uploads\/2022\/09\/20220919_165324-Copy.jpg\"><img loading=\"lazy\" decoding=\"async\" class=\"alignnone wp-image-5455 size-medium\" src=\"http:\/\/liceum-parczew.pl\/wp-content\/uploads\/2022\/09\/20220919_165324-Copy-300x169.jpg\" alt=\"\" width=\"300\" height=\"169\" srcset=\"http:\/\/liceum-parczew.pl\/wp-content\/uploads\/2022\/09\/20220919_165324-Copy-300x169.jpg 300w, http:\/\/liceum-parczew.pl\/wp-content\/uploads\/2022\/09\/20220919_165324-Copy-768x433.jpg 768w, http:\/\/liceum-parczew.pl\/wp-content\/uploads\/2022\/09\/20220919_165324-Copy.jpg 800w\" sizes=\"auto, (max-width: 300px) 100vw, 300px\" \/><\/a> <a href=\"http:\/\/liceum-parczew.pl\/wp-content\/uploads\/2022\/09\/20220919_164358-Copy.jpg\"><img loading=\"lazy\" decoding=\"async\" class=\"alignnone wp-image-5454 size-medium\" src=\"http:\/\/liceum-parczew.pl\/wp-content\/uploads\/2022\/09\/20220919_164358-Copy-300x169.jpg\" alt=\"\" width=\"300\" height=\"169\" srcset=\"http:\/\/liceum-parczew.pl\/wp-content\/uploads\/2022\/09\/20220919_164358-Copy-300x169.jpg 300w, http:\/\/liceum-parczew.pl\/wp-content\/uploads\/2022\/09\/20220919_164358-Copy-768x433.jpg 768w, http:\/\/liceum-parczew.pl\/wp-content\/uploads\/2022\/09\/20220919_164358-Copy.jpg 800w\" sizes=\"auto, (max-width: 300px) 100vw, 300px\" \/><\/a> <a href=\"http:\/\/liceum-parczew.pl\/wp-content\/uploads\/2022\/09\/20220919_152252-Copy.jpg\"><img loading=\"lazy\" decoding=\"async\" class=\"alignnone wp-image-5452 size-medium\" src=\"http:\/\/liceum-parczew.pl\/wp-content\/uploads\/2022\/09\/20220919_152252-Copy-300x169.jpg\" alt=\"\" width=\"300\" height=\"169\" srcset=\"http:\/\/liceum-parczew.pl\/wp-content\/uploads\/2022\/09\/20220919_152252-Copy-300x169.jpg 300w, http:\/\/liceum-parczew.pl\/wp-content\/uploads\/2022\/09\/20220919_152252-Copy-768x432.jpg 768w, http:\/\/liceum-parczew.pl\/wp-content\/uploads\/2022\/09\/20220919_152252-Copy.jpg 800w\" sizes=\"auto, (max-width: 300px) 100vw, 300px\" \/><\/a> <a href=\"http:\/\/liceum-parczew.pl\/wp-content\/uploads\/2022\/09\/20220919_125907-Copy.jpg\"><img loading=\"lazy\" decoding=\"async\" class=\"alignnone wp-image-5451 size-medium\" src=\"http:\/\/liceum-parczew.pl\/wp-content\/uploads\/2022\/09\/20220919_125907-Copy-300x169.jpg\" alt=\"\" width=\"300\" height=\"169\" srcset=\"http:\/\/liceum-parczew.pl\/wp-content\/uploads\/2022\/09\/20220919_125907-Copy-300x169.jpg 300w, http:\/\/liceum-parczew.pl\/wp-content\/uploads\/2022\/09\/20220919_125907-Copy-768x432.jpg 768w, http:\/\/liceum-parczew.pl\/wp-content\/uploads\/2022\/09\/20220919_125907-Copy.jpg 800w\" sizes=\"auto, (max-width: 300px) 100vw, 300px\" \/><\/a> <a href=\"http:\/\/liceum-parczew.pl\/wp-content\/uploads\/2022\/09\/20220919_125331-Copy.jpg\"><img loading=\"lazy\" decoding=\"async\" class=\"alignnone wp-image-5450 size-medium\" src=\"http:\/\/liceum-parczew.pl\/wp-content\/uploads\/2022\/09\/20220919_125331-Copy-300x169.jpg\" alt=\"\" width=\"300\" height=\"169\" srcset=\"http:\/\/liceum-parczew.pl\/wp-content\/uploads\/2022\/09\/20220919_125331-Copy-300x169.jpg 300w, http:\/\/liceum-parczew.pl\/wp-content\/uploads\/2022\/09\/20220919_125331-Copy-768x433.jpg 768w, http:\/\/liceum-parczew.pl\/wp-content\/uploads\/2022\/09\/20220919_125331-Copy.jpg 800w\" sizes=\"auto, (max-width: 300px) 100vw, 300px\" \/><\/a> <a href=\"http:\/\/liceum-parczew.pl\/wp-content\/uploads\/2022\/09\/20220919_101601-Copy.jpg\"><img loading=\"lazy\" decoding=\"async\" class=\"alignnone wp-image-5449 size-medium\" src=\"http:\/\/liceum-parczew.pl\/wp-content\/uploads\/2022\/09\/20220919_101601-Copy-300x169.jpg\" alt=\"\" width=\"300\" height=\"169\" srcset=\"http:\/\/liceum-parczew.pl\/wp-content\/uploads\/2022\/09\/20220919_101601-Copy-300x169.jpg 300w, http:\/\/liceum-parczew.pl\/wp-content\/uploads\/2022\/09\/20220919_101601-Copy-768x432.jpg 768w, http:\/\/liceum-parczew.pl\/wp-content\/uploads\/2022\/09\/20220919_101601-Copy.jpg 800w\" sizes=\"auto, (max-width: 300px) 100vw, 300px\" \/><\/a><\/p>\n","protected":false},"excerpt":{"rendered":"<p>19 wrze\u015bnia 2022r. uczniowie klas 1 C, 4AN, 4 BN i 4 DN pod opiek\u0105 Pani Dyrektor \u2013 Beaty Trynieckiej<\/p>\n","protected":false},"author":5,"featured_media":5464,"comment_status":"closed","ping_status":"closed","sticky":false,"template":"","format":"standard","meta":{"colormag_page_container_layout":"default_layout","colormag_page_sidebar_layout":"default_layout","footnotes":""},"categories":[3],"tags":[],"class_list":["post-5460","post","type-post","status-publish","format-standard","has-post-thumbnail","hentry","category-aktualnosci"],"_links":{"self":[{"href":"http:\/\/liceum-parczew.pl\/index.php\/wp-json\/wp\/v2\/posts\/5460","targetHints":{"allow":["GET"]}}],"collection":[{"href":"http:\/\/liceum-parczew.pl\/index.php\/wp-json\/wp\/v2\/posts"}],"about":[{"href":"http:\/\/liceum-parczew.pl\/index.php\/wp-json\/wp\/v2\/types\/post"}],"author":[{"embeddable":true,"href":"http:\/\/liceum-parczew.pl\/index.php\/wp-json\/wp\/v2\/users\/5"}],"replies":[{"embeddable":true,"href":"http:\/\/liceum-parczew.pl\/index.php\/wp-json\/wp\/v2\/comments?post=5460"}],"version-history":[{"count":5,"href":"http:\/\/liceum-parczew.pl\/index.php\/wp-json\/wp\/v2\/posts\/5460\/revisions"}],"predecessor-version":[{"id":5466,"href":"http:\/\/liceum-parczew.pl\/index.php\/wp-json\/wp\/v2\/posts\/5460\/revisions\/5466"}],"wp:featuredmedia":[{"embeddable":true,"href":"http:\/\/liceum-parczew.pl\/index.php\/wp-json\/wp\/v2\/media\/5464"}],"wp:attachment":[{"href":"http:\/\/liceum-parczew.pl\/index.php\/wp-json\/wp\/v2\/media?parent=5460"}],"wp:term":[{"taxonomy":"category","embeddable":true,"href":"http:\/\/liceum-parczew.pl\/index.php\/wp-json\/wp\/v2\/categories?post=5460"},{"taxonomy":"post_tag","embeddable":true,"href":"http:\/\/liceum-parczew.pl\/index.php\/wp-json\/wp\/v2\/tags?post=5460"}],"curies":[{"name":"wp","href":"https:\/\/api.w.org\/{rel}","templated":true}]}}