{"id":5417,"date":"2022-09-04T14:53:20","date_gmt":"2022-09-04T12:53:20","guid":{"rendered":"http:\/\/liceum-parczew.pl\/?p=5417"},"modified":"2022-09-08T15:10:47","modified_gmt":"2022-09-08T13:10:47","slug":"zmiany-w-planie","status":"publish","type":"post","link":"http:\/\/liceum-parczew.pl\/index.php\/2022\/09\/04\/zmiany-w-planie\/","title":{"rendered":"Zmiany w planie"},"content":{"rendered":"<p>W nadchodz\u0105cym tygodniu: 05.09.2022 &#8211; 09.09.2022 zmiany w planie b\u0119d\u0105 publikowane na naszej stronie internetowej. Poni\u017cej zmiany na 09.09.2022r.<\/p>\n<p><img loading=\"lazy\" decoding=\"async\" class=\"aligncenter wp-image-5434 size-full\" src=\"http:\/\/liceum-parczew.pl\/wp-content\/uploads\/2022\/09\/IMG_20220908_140903959.jpg\" alt=\"\" width=\"576\" height=\"768\" srcset=\"http:\/\/liceum-parczew.pl\/wp-content\/uploads\/2022\/09\/IMG_20220908_140903959.jpg 576w, http:\/\/liceum-parczew.pl\/wp-content\/uploads\/2022\/09\/IMG_20220908_140903959-225x300.jpg 225w\" sizes=\"auto, (max-width: 576px) 100vw, 576px\" \/><\/p>\n","protected":false},"excerpt":{"rendered":"<p>W nadchodz\u0105cym tygodniu: 05.09.2022 &#8211; 09.09.2022 zmiany w planie b\u0119d\u0105 publikowane na naszej stronie internetowej. Poni\u017cej zmiany na 09.09.2022r.<\/p>\n","protected":false},"author":1,"featured_media":0,"comment_status":"closed","ping_status":"closed","sticky":false,"template":"","format":"standard","meta":{"colormag_page_container_layout":"default_layout","colormag_page_sidebar_layout":"default_layout","footnotes":""},"categories":[3],"tags":[],"class_list":["post-5417","post","type-post","status-publish","format-standard","hentry","category-aktualnosci"],"_links":{"self":[{"href":"http:\/\/liceum-parczew.pl\/index.php\/wp-json\/wp\/v2\/posts\/5417","targetHints":{"allow":["GET"]}}],"collection":[{"href":"http:\/\/liceum-parczew.pl\/index.php\/wp-json\/wp\/v2\/posts"}],"about":[{"href":"http:\/\/liceum-parczew.pl\/index.php\/wp-json\/wp\/v2\/types\/post"}],"author":[{"embeddable":true,"href":"http:\/\/liceum-parczew.pl\/index.php\/wp-json\/wp\/v2\/users\/1"}],"replies":[{"embeddable":true,"href":"http:\/\/liceum-parczew.pl\/index.php\/wp-json\/wp\/v2\/comments?post=5417"}],"version-history":[{"count":8,"href":"http:\/\/liceum-parczew.pl\/index.php\/wp-json\/wp\/v2\/posts\/5417\/revisions"}],"predecessor-version":[{"id":5435,"href":"http:\/\/liceum-parczew.pl\/index.php\/wp-json\/wp\/v2\/posts\/5417\/revisions\/5435"}],"wp:attachment":[{"href":"http:\/\/liceum-parczew.pl\/index.php\/wp-json\/wp\/v2\/media?parent=5417"}],"wp:term":[{"taxonomy":"category","embeddable":true,"href":"http:\/\/liceum-parczew.pl\/index.php\/wp-json\/wp\/v2\/categories?post=5417"},{"taxonomy":"post_tag","embeddable":true,"href":"http:\/\/liceum-parczew.pl\/index.php\/wp-json\/wp\/v2\/tags?post=5417"}],"curies":[{"name":"wp","href":"https:\/\/api.w.org\/{rel}","templated":true}]}}