{"id":5386,"date":"2022-08-01T08:00:29","date_gmt":"2022-08-01T06:00:29","guid":{"rendered":"http:\/\/liceum-parczew.pl\/?p=5386"},"modified":"2022-08-03T08:31:49","modified_gmt":"2022-08-03T06:31:49","slug":"rekrutacja-uzupelniajaca","status":"publish","type":"post","link":"http:\/\/liceum-parczew.pl\/index.php\/2022\/08\/01\/rekrutacja-uzupelniajaca\/","title":{"rendered":"Rekrutacja uzupe\u0142niaj\u0105ca"},"content":{"rendered":"<p>Do 03.08.2022 mo\u017cna sk\u0142ada\u0107 podania o przyj\u0119cie do liceum w rekrutacji uzupe\u0142niaj\u0105cej.<\/p>\n<p>Posiadamy 1 miejsce w klasie humanistycznej i 2 miejsca w klasie matematyczno-informatycznej.<\/p>\n<p>Wz\u00f3r podania::<\/p>\n<p><a href=\"http:\/\/liceum-parczew.pl\/wp-content\/uploads\/2022\/08\/Podanie-do-szkoly.pdf\">Podanie do szko\u0142y<\/a><\/p>\n<p>Nale\u017cy te\u017c okaza\u0107 \u015bwiadectwo uko\u0144czenia szko\u0142y podstawowej i za\u015bwiadczenie z egzaminu \u00f3smoklasisty.<\/p>\n<p><a href=\"http:\/\/liceum-parczew.pl\/wp-content\/uploads\/2022\/08\/Klauzula-informacyjna-rekrutacji-do-szkoly.pdf\">Klauzula informacyjna rekrutacji do szko\u0142y<\/a><\/p>\n","protected":false},"excerpt":{"rendered":"<p>Do 03.08.2022 mo\u017cna sk\u0142ada\u0107 podania o przyj\u0119cie do liceum w rekrutacji uzupe\u0142niaj\u0105cej. Posiadamy 1 miejsce w klasie humanistycznej i 2<\/p>\n","protected":false},"author":1,"featured_media":0,"comment_status":"closed","ping_status":"closed","sticky":false,"template":"","format":"standard","meta":{"colormag_page_container_layout":"default_layout","colormag_page_sidebar_layout":"default_layout","footnotes":""},"categories":[3],"tags":[],"class_list":["post-5386","post","type-post","status-publish","format-standard","hentry","category-aktualnosci"],"_links":{"self":[{"href":"http:\/\/liceum-parczew.pl\/index.php\/wp-json\/wp\/v2\/posts\/5386","targetHints":{"allow":["GET"]}}],"collection":[{"href":"http:\/\/liceum-parczew.pl\/index.php\/wp-json\/wp\/v2\/posts"}],"about":[{"href":"http:\/\/liceum-parczew.pl\/index.php\/wp-json\/wp\/v2\/types\/post"}],"author":[{"embeddable":true,"href":"http:\/\/liceum-parczew.pl\/index.php\/wp-json\/wp\/v2\/users\/1"}],"replies":[{"embeddable":true,"href":"http:\/\/liceum-parczew.pl\/index.php\/wp-json\/wp\/v2\/comments?post=5386"}],"version-history":[{"count":2,"href":"http:\/\/liceum-parczew.pl\/index.php\/wp-json\/wp\/v2\/posts\/5386\/revisions"}],"predecessor-version":[{"id":5391,"href":"http:\/\/liceum-parczew.pl\/index.php\/wp-json\/wp\/v2\/posts\/5386\/revisions\/5391"}],"wp:attachment":[{"href":"http:\/\/liceum-parczew.pl\/index.php\/wp-json\/wp\/v2\/media?parent=5386"}],"wp:term":[{"taxonomy":"category","embeddable":true,"href":"http:\/\/liceum-parczew.pl\/index.php\/wp-json\/wp\/v2\/categories?post=5386"},{"taxonomy":"post_tag","embeddable":true,"href":"http:\/\/liceum-parczew.pl\/index.php\/wp-json\/wp\/v2\/tags?post=5386"}],"curies":[{"name":"wp","href":"https:\/\/api.w.org\/{rel}","templated":true}]}}