{"id":5377,"date":"2022-07-27T14:03:44","date_gmt":"2022-07-27T12:03:44","guid":{"rendered":"http:\/\/liceum-parczew.pl\/?p=5377"},"modified":"2022-07-29T11:38:09","modified_gmt":"2022-07-29T09:38:09","slug":"rekrutacja-do-klas-pierwszych-na-rok-szkolny-2022-2023","status":"publish","type":"post","link":"http:\/\/liceum-parczew.pl\/index.php\/2022\/07\/27\/rekrutacja-do-klas-pierwszych-na-rok-szkolny-2022-2023\/","title":{"rendered":"Rekrutacja do klas pierwszych na rok szkolny 2022\/2023"},"content":{"rendered":"<p>Przypominamy, \u017ce jeszcze do jutra (28.07.2022) do godziny 15.00 tegoroczni absolwenci szk\u00f3\u0142 podstawowych mog\u0105 podpisa\u0107 wol\u0119 podj\u0119cia nauki w naszej szkole oraz z\u0142o\u017cy\u0107 orygina\u0142y dokument\u00f3w (\u015bwiadectwo uko\u0144czenia szko\u0142y podstawowej, za\u015bwiadczenie z egzaminu \u00f3smoklasisty, karta zdrowia i 2 zdj\u0119cia legitymacyjne podpisane na odwrocie).<\/p>\n<p>29 lipca 2022r. o godz. 9.00 zostan\u0105 opublikowane listy uczni\u00f3w przyj\u0119tych do klas pierwszych naszego liceum.<\/p>\n<p><img loading=\"lazy\" decoding=\"async\" class=\"aligncenter wp-image-5380 size-full\" src=\"http:\/\/liceum-parczew.pl\/wp-content\/uploads\/2022\/07\/png_20220727_124945_0000.png\" alt=\"\" width=\"940\" height=\"788\" srcset=\"http:\/\/liceum-parczew.pl\/wp-content\/uploads\/2022\/07\/png_20220727_124945_0000.png 940w, http:\/\/liceum-parczew.pl\/wp-content\/uploads\/2022\/07\/png_20220727_124945_0000-300x251.png 300w, http:\/\/liceum-parczew.pl\/wp-content\/uploads\/2022\/07\/png_20220727_124945_0000-768x644.png 768w\" sizes=\"auto, (max-width: 940px) 100vw, 940px\" \/><\/p>\n","protected":false},"excerpt":{"rendered":"<p>Przypominamy, \u017ce jeszcze do jutra (28.07.2022) do godziny 15.00 tegoroczni absolwenci szk\u00f3\u0142 podstawowych mog\u0105 podpisa\u0107 wol\u0119 podj\u0119cia nauki w naszej<\/p>\n","protected":false},"author":1,"featured_media":5380,"comment_status":"closed","ping_status":"closed","sticky":false,"template":"","format":"standard","meta":{"colormag_page_container_layout":"default_layout","colormag_page_sidebar_layout":"default_layout","footnotes":""},"categories":[3],"tags":[],"class_list":["post-5377","post","type-post","status-publish","format-standard","has-post-thumbnail","hentry","category-aktualnosci"],"_links":{"self":[{"href":"http:\/\/liceum-parczew.pl\/index.php\/wp-json\/wp\/v2\/posts\/5377","targetHints":{"allow":["GET"]}}],"collection":[{"href":"http:\/\/liceum-parczew.pl\/index.php\/wp-json\/wp\/v2\/posts"}],"about":[{"href":"http:\/\/liceum-parczew.pl\/index.php\/wp-json\/wp\/v2\/types\/post"}],"author":[{"embeddable":true,"href":"http:\/\/liceum-parczew.pl\/index.php\/wp-json\/wp\/v2\/users\/1"}],"replies":[{"embeddable":true,"href":"http:\/\/liceum-parczew.pl\/index.php\/wp-json\/wp\/v2\/comments?post=5377"}],"version-history":[{"count":3,"href":"http:\/\/liceum-parczew.pl\/index.php\/wp-json\/wp\/v2\/posts\/5377\/revisions"}],"predecessor-version":[{"id":5382,"href":"http:\/\/liceum-parczew.pl\/index.php\/wp-json\/wp\/v2\/posts\/5377\/revisions\/5382"}],"wp:featuredmedia":[{"embeddable":true,"href":"http:\/\/liceum-parczew.pl\/index.php\/wp-json\/wp\/v2\/media\/5380"}],"wp:attachment":[{"href":"http:\/\/liceum-parczew.pl\/index.php\/wp-json\/wp\/v2\/media?parent=5377"}],"wp:term":[{"taxonomy":"category","embeddable":true,"href":"http:\/\/liceum-parczew.pl\/index.php\/wp-json\/wp\/v2\/categories?post=5377"},{"taxonomy":"post_tag","embeddable":true,"href":"http:\/\/liceum-parczew.pl\/index.php\/wp-json\/wp\/v2\/tags?post=5377"}],"curies":[{"name":"wp","href":"https:\/\/api.w.org\/{rel}","templated":true}]}}