{"id":5371,"date":"2022-07-15T09:14:57","date_gmt":"2022-07-15T07:14:57","guid":{"rendered":"http:\/\/liceum-parczew.pl\/?p=5371"},"modified":"2022-07-20T09:37:53","modified_gmt":"2022-07-20T07:37:53","slug":"termin-publikacji-listy-zakwalifikowanych-do-i-lo-w-parczewie-i-skladanie-oryginalow-dokumentow","status":"publish","type":"post","link":"http:\/\/liceum-parczew.pl\/index.php\/2022\/07\/15\/termin-publikacji-listy-zakwalifikowanych-do-i-lo-w-parczewie-i-skladanie-oryginalow-dokumentow\/","title":{"rendered":"Termin publikacji listy zakwalifikowanych do I LO w Parczewie i sk\u0142adanie orygina\u0142\u00f3w dokument\u00f3w"},"content":{"rendered":"<p>Lista uczni\u00f3w zakwalifikowanych do przyj\u0119cia do I Liceum Og\u00f3lnokszta\u0142c\u0105cego im. M. Kopernika w Parczewie zostanie wywieszona w szkole 22.07.2022 o godz. 8:00<\/p>\n<p>Podpisywanie woli podj\u0119cia nauki w naszej szkole oraz sk\u0142adanie orygina\u0142\u00f3w dokument\u00f3w (\u015bwiadectwo uko\u0144czenia szko\u0142y podstawowej, za\u015bwiadczenie z egzaminu \u00f3smoklasisty, karta zdrowia i 2 zdj\u0119cia legitymacyjne podpisane na odwrocie) odbywa\u0107 si\u0119 b\u0119dzie od 22.07.2022 do 28.07.2022 w godzinach od 8:00 do 15:00.<\/p>\n","protected":false},"excerpt":{"rendered":"<p>Lista uczni\u00f3w zakwalifikowanych do przyj\u0119cia do I Liceum Og\u00f3lnokszta\u0142c\u0105cego im. M. Kopernika w Parczewie zostanie wywieszona w szkole 22.07.2022 o<\/p>\n","protected":false},"author":1,"featured_media":0,"comment_status":"closed","ping_status":"closed","sticky":false,"template":"","format":"standard","meta":{"colormag_page_container_layout":"default_layout","colormag_page_sidebar_layout":"default_layout","footnotes":""},"categories":[3],"tags":[],"class_list":["post-5371","post","type-post","status-publish","format-standard","hentry","category-aktualnosci"],"_links":{"self":[{"href":"http:\/\/liceum-parczew.pl\/index.php\/wp-json\/wp\/v2\/posts\/5371","targetHints":{"allow":["GET"]}}],"collection":[{"href":"http:\/\/liceum-parczew.pl\/index.php\/wp-json\/wp\/v2\/posts"}],"about":[{"href":"http:\/\/liceum-parczew.pl\/index.php\/wp-json\/wp\/v2\/types\/post"}],"author":[{"embeddable":true,"href":"http:\/\/liceum-parczew.pl\/index.php\/wp-json\/wp\/v2\/users\/1"}],"replies":[{"embeddable":true,"href":"http:\/\/liceum-parczew.pl\/index.php\/wp-json\/wp\/v2\/comments?post=5371"}],"version-history":[{"count":2,"href":"http:\/\/liceum-parczew.pl\/index.php\/wp-json\/wp\/v2\/posts\/5371\/revisions"}],"predecessor-version":[{"id":5373,"href":"http:\/\/liceum-parczew.pl\/index.php\/wp-json\/wp\/v2\/posts\/5371\/revisions\/5373"}],"wp:attachment":[{"href":"http:\/\/liceum-parczew.pl\/index.php\/wp-json\/wp\/v2\/media?parent=5371"}],"wp:term":[{"taxonomy":"category","embeddable":true,"href":"http:\/\/liceum-parczew.pl\/index.php\/wp-json\/wp\/v2\/categories?post=5371"},{"taxonomy":"post_tag","embeddable":true,"href":"http:\/\/liceum-parczew.pl\/index.php\/wp-json\/wp\/v2\/tags?post=5371"}],"curies":[{"name":"wp","href":"https:\/\/api.w.org\/{rel}","templated":true}]}}