{"id":5362,"date":"2022-07-03T22:49:22","date_gmt":"2022-07-03T20:49:22","guid":{"rendered":"http:\/\/liceum-parczew.pl\/?p=5362"},"modified":"2022-07-03T23:06:24","modified_gmt":"2022-07-03T21:06:24","slug":"uroczyste-zakonczenie-roku-szkolnego-2021-22","status":"publish","type":"post","link":"http:\/\/liceum-parczew.pl\/index.php\/2022\/07\/03\/uroczyste-zakonczenie-roku-szkolnego-2021-22\/","title":{"rendered":"Uroczyste zako\u0144czenie roku szkolnego 2021\/22"},"content":{"rendered":"<p class=\"western\" align=\"center\"><span style=\"color: #000000;\"><span style=\"font-family: Times New Roman, serif;\">Uroczyste zako\u0144czenie roku szkolnego 2021\/22<\/span><\/span><\/p>\n<p class=\"western\" align=\"justify\"><span style=\"color: #000000;\"><span style=\"font-family: Times New Roman, serif;\"><span style=\"font-size: medium;\">24 czerwca 2022r. zako\u0144czyli\u015bmy kolejny rok szkolny. Pogoda dopisa\u0142a dlatego uroczysto\u015b\u0107 odby\u0142a si\u0119 przed gmachem naszego liceum. <\/span><\/span><\/span><\/p>\n<p class=\"western\" align=\"justify\"><span style=\"color: #000000;\"><span style=\"font-family: Times New Roman, serif;\"><span style=\"font-size: medium;\">Pani dyrektor Beata Tryniecka podzi\u0119kowa\u0142a za wsp\u00f3lna prac\u0119 <\/span><\/span><\/span><span style=\"color: #000000;\"><span style=\"font-family: Times New Roman, serif;\"><span style=\"font-size: medium;\"><span lang=\"pl-PL\">w ci\u0105gu tego pierwszego po pandemii roku, podczas kt\u00f3rego mogli\u015bmy na nowo, w pe\u0142ni uczestniczy\u0107 w \u017cyciu szko\u0142y. Przytaczaj\u0105c s\u0142owa staro\u017cytnego filozofa o tym, \u017ce \u201eWiedza mo\u017ce by\u0107 drugim s\u0142o\u0144cem dla ludzi, kt\u00f3rzy j\u0105 posiadaj\u0105\u201d podkre\u015bli\u0142a zaanga\u017cowanie uczni\u00f3w, kt\u00f3rzy w minionym roku mieli szczeg\u00f3lne osi\u0105gni\u0119cia. Zwracaj\u0105c si\u0119 do wszystkich zebranych, zwr\u00f3ci\u0142a uwag\u0119 na to, jak wa\u017cny jest odpoczynek i zadbanie o sw\u00f3j dobrostan po dziesi\u0119ciu miesi\u0105cach wyt\u0119\u017conej nauki. <\/span><\/span><\/span><\/span><\/p>\n<p class=\"western\" align=\"justify\"><span style=\"color: #000000;\"><span style=\"font-family: Times New Roman, serif;\"><span style=\"font-size: medium;\"><span lang=\"pl-PL\">By\u0142y nagrody dla uczni\u00f3w za ich osi\u0105gni\u0119cia, podzi\u0119kowania, \u017cyczenia dobrych wakacji, ale i po\u017cegnania. Po pi\u0119ciu latach pracy w naszym liceum, ksi\u0105dz \u0141ukasz Ka\u0142aska zosta\u0142 skierowany do pos\u0142ugi w katedrze w Siedlcach. W imieniu ca\u0142ej spo\u0142eczno\u015bci szkolnej pani dyrektor po\u017cegna\u0142a ksi\u0119dza \u0141ukasza. <\/span><\/span><\/span><\/span><\/p>\n<p class=\"western\" align=\"justify\"><span style=\"color: #000000;\"><span style=\"font-family: Times New Roman, serif;\"><span style=\"font-size: medium;\"><span lang=\"pl-PL\">Podczas uroczysto\u015bci g\u0142os zabrali tak\u017ce przedstawiciele Rady Rodzic\u00f3w oraz <\/span><\/span><\/span><\/span><span style=\"color: #000000;\"><span style=\"font-family: Times New Roman, serif;\"><span style=\"font-size: medium;\">Starosta Parczewski Janusz Hordejuk, kt\u00f3ry wraz z Wicestarost\u0105 Arturem Jaszczukiem, zaszczyci\u0142 nas swoj\u0105 obecno\u015bci\u0105. <\/span><\/span><\/span><\/p>\n<p class=\"western\" align=\"justify\"><span style=\"color: #000000;\"><span style=\"font-family: Times New Roman, serif;\"><span style=\"font-size: medium;\">Mieli\u015bmy tak\u017ce okazj\u0119 pos\u0142ucha\u0107 wyst\u0119pu utalentowanego Mateusza Ma\u0142afiejewa z klasy 2b. Na koniec przedstawiciele klasy 2d z\u0142o\u017cyli w<\/span><\/span><\/span><span style=\"color: #000000;\"><span style=\"font-family: Times New Roman, serif;\"><span style=\"font-size: medium;\"><span lang=\"pl-PL\">szystkim \u017cyczenia niezapomnianych wakacyjnych wra\u017ce\u0144, inspiruj\u0105cych podr\u00f3\u017cy i spotka\u0144 z ciekawymi lud\u017ami, radosnego odpoczynku, bezpiecznych szlak\u00f3w, dobrej pogody i u\u015bmiechu.<\/span><\/span><\/span><\/span><\/p>\n<p class=\"western\" align=\"left\"><span style=\"color: #000000;\"><span style=\"font-family: Times New Roman, serif;\"><span style=\"font-size: medium;\">Zapraszamy do obejrzenia fotorelacji z ostatniego przed wakacjami dnia w szkole.<\/span><\/span><\/span><\/p>\n<p align=\"left\"><a href=\"http:\/\/liceum-parczew.pl\/wp-content\/uploads\/2022\/07\/1-1600x1200-1.jpg\"><img loading=\"lazy\" decoding=\"async\" class=\"alignnone wp-image-5344 size-medium\" src=\"http:\/\/liceum-parczew.pl\/wp-content\/uploads\/2022\/07\/1-1600x1200-1-300x200.jpg\" alt=\"\" width=\"300\" height=\"200\" srcset=\"http:\/\/liceum-parczew.pl\/wp-content\/uploads\/2022\/07\/1-1600x1200-1-300x200.jpg 300w, http:\/\/liceum-parczew.pl\/wp-content\/uploads\/2022\/07\/1-1600x1200-1-1024x683.jpg 1024w, http:\/\/liceum-parczew.pl\/wp-content\/uploads\/2022\/07\/1-1600x1200-1-768x512.jpg 768w, http:\/\/liceum-parczew.pl\/wp-content\/uploads\/2022\/07\/1-1600x1200-1-1536x1024.jpg 1536w, http:\/\/liceum-parczew.pl\/wp-content\/uploads\/2022\/07\/1-1600x1200-1.jpg 1600w\" sizes=\"auto, (max-width: 300px) 100vw, 300px\" \/><\/a> <a href=\"http:\/\/liceum-parczew.pl\/wp-content\/uploads\/2022\/07\/IMG_4849-1600x1200-1.jpg\"><img loading=\"lazy\" decoding=\"async\" class=\"alignnone wp-image-5361 size-medium\" src=\"http:\/\/liceum-parczew.pl\/wp-content\/uploads\/2022\/07\/IMG_4849-1600x1200-1-300x200.jpg\" alt=\"\" width=\"300\" height=\"200\" srcset=\"http:\/\/liceum-parczew.pl\/wp-content\/uploads\/2022\/07\/IMG_4849-1600x1200-1-300x200.jpg 300w, http:\/\/liceum-parczew.pl\/wp-content\/uploads\/2022\/07\/IMG_4849-1600x1200-1-1024x683.jpg 1024w, http:\/\/liceum-parczew.pl\/wp-content\/uploads\/2022\/07\/IMG_4849-1600x1200-1-768x512.jpg 768w, http:\/\/liceum-parczew.pl\/wp-content\/uploads\/2022\/07\/IMG_4849-1600x1200-1-1536x1024.jpg 1536w, http:\/\/liceum-parczew.pl\/wp-content\/uploads\/2022\/07\/IMG_4849-1600x1200-1.jpg 1600w\" sizes=\"auto, (max-width: 300px) 100vw, 300px\" \/><\/a>\u00a0\u00a0\u00a0\u00a0\u00a0 <a href=\"http:\/\/liceum-parczew.pl\/wp-content\/uploads\/2022\/07\/20220624_104842-1600x1200-1.jpg\"><img loading=\"lazy\" decoding=\"async\" class=\"alignnone wp-image-5350 size-medium\" src=\"http:\/\/liceum-parczew.pl\/wp-content\/uploads\/2022\/07\/20220624_104842-1600x1200-1-169x300.jpg\" alt=\"\" width=\"169\" height=\"300\" srcset=\"http:\/\/liceum-parczew.pl\/wp-content\/uploads\/2022\/07\/20220624_104842-1600x1200-1-169x300.jpg 169w, http:\/\/liceum-parczew.pl\/wp-content\/uploads\/2022\/07\/20220624_104842-1600x1200-1-577x1024.jpg 577w, http:\/\/liceum-parczew.pl\/wp-content\/uploads\/2022\/07\/20220624_104842-1600x1200-1.jpg 676w\" sizes=\"auto, (max-width: 169px) 100vw, 169px\" \/><\/a> <a href=\"http:\/\/liceum-parczew.pl\/wp-content\/uploads\/2022\/07\/20220624_104933-1600x1200-1.jpg\"><img loading=\"lazy\" decoding=\"async\" class=\"alignnone wp-image-5351 size-medium\" src=\"http:\/\/liceum-parczew.pl\/wp-content\/uploads\/2022\/07\/20220624_104933-1600x1200-1-169x300.jpg\" alt=\"\" width=\"169\" height=\"300\" srcset=\"http:\/\/liceum-parczew.pl\/wp-content\/uploads\/2022\/07\/20220624_104933-1600x1200-1-169x300.jpg 169w, http:\/\/liceum-parczew.pl\/wp-content\/uploads\/2022\/07\/20220624_104933-1600x1200-1-577x1024.jpg 577w, http:\/\/liceum-parczew.pl\/wp-content\/uploads\/2022\/07\/20220624_104933-1600x1200-1.jpg 676w\" sizes=\"auto, (max-width: 169px) 100vw, 169px\" \/><\/a> <a href=\"http:\/\/liceum-parczew.pl\/wp-content\/uploads\/2022\/07\/20220624_105119-1600x1200-1.jpg\"><img loading=\"lazy\" decoding=\"async\" class=\"alignnone wp-image-5352 size-medium\" src=\"http:\/\/liceum-parczew.pl\/wp-content\/uploads\/2022\/07\/20220624_105119-1600x1200-1-169x300.jpg\" alt=\"\" width=\"169\" height=\"300\" srcset=\"http:\/\/liceum-parczew.pl\/wp-content\/uploads\/2022\/07\/20220624_105119-1600x1200-1-169x300.jpg 169w, http:\/\/liceum-parczew.pl\/wp-content\/uploads\/2022\/07\/20220624_105119-1600x1200-1-577x1024.jpg 577w, http:\/\/liceum-parczew.pl\/wp-content\/uploads\/2022\/07\/20220624_105119-1600x1200-1.jpg 676w\" sizes=\"auto, (max-width: 169px) 100vw, 169px\" \/><\/a> <a href=\"http:\/\/liceum-parczew.pl\/wp-content\/uploads\/2022\/07\/20220624_105225-1600x1200-1.jpg\"><img loading=\"lazy\" decoding=\"async\" class=\"alignnone wp-image-5353 size-medium\" src=\"http:\/\/liceum-parczew.pl\/wp-content\/uploads\/2022\/07\/20220624_105225-1600x1200-1-169x300.jpg\" alt=\"\" width=\"169\" height=\"300\" srcset=\"http:\/\/liceum-parczew.pl\/wp-content\/uploads\/2022\/07\/20220624_105225-1600x1200-1-169x300.jpg 169w, http:\/\/liceum-parczew.pl\/wp-content\/uploads\/2022\/07\/20220624_105225-1600x1200-1-577x1024.jpg 577w, http:\/\/liceum-parczew.pl\/wp-content\/uploads\/2022\/07\/20220624_105225-1600x1200-1.jpg 676w\" sizes=\"auto, (max-width: 169px) 100vw, 169px\" \/><\/a>\u00a0 <a href=\"http:\/\/liceum-parczew.pl\/wp-content\/uploads\/2022\/07\/20220624_105536-1600x1200-1.jpg\"><img loading=\"lazy\" decoding=\"async\" class=\"alignnone wp-image-5355 size-medium\" src=\"http:\/\/liceum-parczew.pl\/wp-content\/uploads\/2022\/07\/20220624_105536-1600x1200-1-169x300.jpg\" alt=\"\" width=\"169\" height=\"300\" srcset=\"http:\/\/liceum-parczew.pl\/wp-content\/uploads\/2022\/07\/20220624_105536-1600x1200-1-169x300.jpg 169w, http:\/\/liceum-parczew.pl\/wp-content\/uploads\/2022\/07\/20220624_105536-1600x1200-1-577x1024.jpg 577w, http:\/\/liceum-parczew.pl\/wp-content\/uploads\/2022\/07\/20220624_105536-1600x1200-1.jpg 676w\" sizes=\"auto, (max-width: 169px) 100vw, 169px\" \/><\/a> <a href=\"http:\/\/liceum-parczew.pl\/wp-content\/uploads\/2022\/07\/20220624_104751-1600x1200-1.jpg\"><img loading=\"lazy\" decoding=\"async\" class=\"alignnone wp-image-5349 size-medium\" src=\"http:\/\/liceum-parczew.pl\/wp-content\/uploads\/2022\/07\/20220624_104751-1600x1200-1-169x300.jpg\" alt=\"\" width=\"169\" height=\"300\" srcset=\"http:\/\/liceum-parczew.pl\/wp-content\/uploads\/2022\/07\/20220624_104751-1600x1200-1-169x300.jpg 169w, http:\/\/liceum-parczew.pl\/wp-content\/uploads\/2022\/07\/20220624_104751-1600x1200-1-577x1024.jpg 577w, http:\/\/liceum-parczew.pl\/wp-content\/uploads\/2022\/07\/20220624_104751-1600x1200-1.jpg 676w\" sizes=\"auto, (max-width: 169px) 100vw, 169px\" \/><\/a> <a href=\"http:\/\/liceum-parczew.pl\/wp-content\/uploads\/2022\/07\/20220624_104649-1600x1200-1.jpg\"><img loading=\"lazy\" decoding=\"async\" class=\"alignnone wp-image-5348 size-medium\" src=\"http:\/\/liceum-parczew.pl\/wp-content\/uploads\/2022\/07\/20220624_104649-1600x1200-1-169x300.jpg\" alt=\"\" width=\"169\" height=\"300\" srcset=\"http:\/\/liceum-parczew.pl\/wp-content\/uploads\/2022\/07\/20220624_104649-1600x1200-1-169x300.jpg 169w, http:\/\/liceum-parczew.pl\/wp-content\/uploads\/2022\/07\/20220624_104649-1600x1200-1-577x1024.jpg 577w, http:\/\/liceum-parczew.pl\/wp-content\/uploads\/2022\/07\/20220624_104649-1600x1200-1.jpg 676w\" sizes=\"auto, (max-width: 169px) 100vw, 169px\" \/><\/a> <a href=\"http:\/\/liceum-parczew.pl\/wp-content\/uploads\/2022\/07\/20220624_104514-1600x1200-1.jpg\"><img loading=\"lazy\" decoding=\"async\" class=\"alignnone wp-image-5347 size-medium\" src=\"http:\/\/liceum-parczew.pl\/wp-content\/uploads\/2022\/07\/20220624_104514-1600x1200-1-169x300.jpg\" alt=\"\" width=\"169\" height=\"300\" srcset=\"http:\/\/liceum-parczew.pl\/wp-content\/uploads\/2022\/07\/20220624_104514-1600x1200-1-169x300.jpg 169w, http:\/\/liceum-parczew.pl\/wp-content\/uploads\/2022\/07\/20220624_104514-1600x1200-1-577x1024.jpg 577w, http:\/\/liceum-parczew.pl\/wp-content\/uploads\/2022\/07\/20220624_104514-1600x1200-1.jpg 676w\" sizes=\"auto, (max-width: 169px) 100vw, 169px\" \/><\/a><a href=\"http:\/\/liceum-parczew.pl\/wp-content\/uploads\/2022\/07\/20220624_105323-1600x1200-1.jpg\"><img loading=\"lazy\" decoding=\"async\" class=\"alignnone wp-image-5354 size-medium\" src=\"http:\/\/liceum-parczew.pl\/wp-content\/uploads\/2022\/07\/20220624_105323-1600x1200-1-169x300.jpg\" alt=\"\" width=\"169\" height=\"300\" srcset=\"http:\/\/liceum-parczew.pl\/wp-content\/uploads\/2022\/07\/20220624_105323-1600x1200-1-169x300.jpg 169w, http:\/\/liceum-parczew.pl\/wp-content\/uploads\/2022\/07\/20220624_105323-1600x1200-1-577x1024.jpg 577w, http:\/\/liceum-parczew.pl\/wp-content\/uploads\/2022\/07\/20220624_105323-1600x1200-1.jpg 676w\" sizes=\"auto, (max-width: 169px) 100vw, 169px\" \/><\/a> <a href=\"http:\/\/liceum-parczew.pl\/wp-content\/uploads\/2022\/07\/20220624_104414-1600x1200-1.jpg\"><img loading=\"lazy\" decoding=\"async\" class=\"alignnone wp-image-5346 size-medium\" src=\"http:\/\/liceum-parczew.pl\/wp-content\/uploads\/2022\/07\/20220624_104414-1600x1200-1-169x300.jpg\" alt=\"\" width=\"169\" height=\"300\" srcset=\"http:\/\/liceum-parczew.pl\/wp-content\/uploads\/2022\/07\/20220624_104414-1600x1200-1-169x300.jpg 169w, http:\/\/liceum-parczew.pl\/wp-content\/uploads\/2022\/07\/20220624_104414-1600x1200-1-577x1024.jpg 577w, http:\/\/liceum-parczew.pl\/wp-content\/uploads\/2022\/07\/20220624_104414-1600x1200-1.jpg 676w\" sizes=\"auto, (max-width: 169px) 100vw, 169px\" \/><\/a> <a href=\"http:\/\/liceum-parczew.pl\/wp-content\/uploads\/2022\/07\/20220624_105749-1600x1200-1.jpg\"><img loading=\"lazy\" decoding=\"async\" class=\"alignnone wp-image-5356 size-medium\" src=\"http:\/\/liceum-parczew.pl\/wp-content\/uploads\/2022\/07\/20220624_105749-1600x1200-1-169x300.jpg\" alt=\"\" width=\"169\" height=\"300\" srcset=\"http:\/\/liceum-parczew.pl\/wp-content\/uploads\/2022\/07\/20220624_105749-1600x1200-1-169x300.jpg 169w, http:\/\/liceum-parczew.pl\/wp-content\/uploads\/2022\/07\/20220624_105749-1600x1200-1-577x1024.jpg 577w, http:\/\/liceum-parczew.pl\/wp-content\/uploads\/2022\/07\/20220624_105749-1600x1200-1.jpg 676w\" sizes=\"auto, (max-width: 169px) 100vw, 169px\" \/><\/a><a href=\"http:\/\/liceum-parczew.pl\/wp-content\/uploads\/2022\/07\/20220624_110816-1600x1200-1.jpg\"><img loading=\"lazy\" decoding=\"async\" class=\"alignnone wp-image-5359 size-medium\" src=\"http:\/\/liceum-parczew.pl\/wp-content\/uploads\/2022\/07\/20220624_110816-1600x1200-1-169x300.jpg\" alt=\"\" width=\"169\" height=\"300\" srcset=\"http:\/\/liceum-parczew.pl\/wp-content\/uploads\/2022\/07\/20220624_110816-1600x1200-1-169x300.jpg 169w, http:\/\/liceum-parczew.pl\/wp-content\/uploads\/2022\/07\/20220624_110816-1600x1200-1-577x1024.jpg 577w, http:\/\/liceum-parczew.pl\/wp-content\/uploads\/2022\/07\/20220624_110816-1600x1200-1.jpg 676w\" sizes=\"auto, (max-width: 169px) 100vw, 169px\" \/><\/a><a href=\"http:\/\/liceum-parczew.pl\/wp-content\/uploads\/2022\/07\/IMG_4858-1600x1200-1.jpg\"><img loading=\"lazy\" decoding=\"async\" class=\"alignnone wp-image-5340 size-medium\" src=\"http:\/\/liceum-parczew.pl\/wp-content\/uploads\/2022\/07\/IMG_4858-1600x1200-1-300x200.jpg\" alt=\"\" width=\"300\" height=\"200\" srcset=\"http:\/\/liceum-parczew.pl\/wp-content\/uploads\/2022\/07\/IMG_4858-1600x1200-1-300x200.jpg 300w, http:\/\/liceum-parczew.pl\/wp-content\/uploads\/2022\/07\/IMG_4858-1600x1200-1-1024x683.jpg 1024w, http:\/\/liceum-parczew.pl\/wp-content\/uploads\/2022\/07\/IMG_4858-1600x1200-1-768x512.jpg 768w, http:\/\/liceum-parczew.pl\/wp-content\/uploads\/2022\/07\/IMG_4858-1600x1200-1-1536x1024.jpg 1536w, http:\/\/liceum-parczew.pl\/wp-content\/uploads\/2022\/07\/IMG_4858-1600x1200-1.jpg 1600w\" sizes=\"auto, (max-width: 300px) 100vw, 300px\" \/><\/a><a href=\"http:\/\/liceum-parczew.pl\/wp-content\/uploads\/2022\/07\/IMG_4851-1600x1200-1.jpg\"><img loading=\"lazy\" decoding=\"async\" class=\"alignnone wp-image-5339 size-medium\" src=\"http:\/\/liceum-parczew.pl\/wp-content\/uploads\/2022\/07\/IMG_4851-1600x1200-1-300x200.jpg\" alt=\"\" width=\"300\" height=\"200\" srcset=\"http:\/\/liceum-parczew.pl\/wp-content\/uploads\/2022\/07\/IMG_4851-1600x1200-1-300x200.jpg 300w, http:\/\/liceum-parczew.pl\/wp-content\/uploads\/2022\/07\/IMG_4851-1600x1200-1-1024x683.jpg 1024w, http:\/\/liceum-parczew.pl\/wp-content\/uploads\/2022\/07\/IMG_4851-1600x1200-1-768x512.jpg 768w, http:\/\/liceum-parczew.pl\/wp-content\/uploads\/2022\/07\/IMG_4851-1600x1200-1-1536x1024.jpg 1536w, http:\/\/liceum-parczew.pl\/wp-content\/uploads\/2022\/07\/IMG_4851-1600x1200-1.jpg 1600w\" sizes=\"auto, (max-width: 300px) 100vw, 300px\" \/><\/a><a href=\"http:\/\/liceum-parczew.pl\/wp-content\/uploads\/2022\/07\/IMG_4863-1600x1200-1.jpg\"><img loading=\"lazy\" decoding=\"async\" class=\"alignnone wp-image-5341 size-medium\" src=\"http:\/\/liceum-parczew.pl\/wp-content\/uploads\/2022\/07\/IMG_4863-1600x1200-1-300x200.jpg\" alt=\"\" width=\"300\" height=\"200\" srcset=\"http:\/\/liceum-parczew.pl\/wp-content\/uploads\/2022\/07\/IMG_4863-1600x1200-1-300x200.jpg 300w, http:\/\/liceum-parczew.pl\/wp-content\/uploads\/2022\/07\/IMG_4863-1600x1200-1-1024x683.jpg 1024w, http:\/\/liceum-parczew.pl\/wp-content\/uploads\/2022\/07\/IMG_4863-1600x1200-1-768x512.jpg 768w, http:\/\/liceum-parczew.pl\/wp-content\/uploads\/2022\/07\/IMG_4863-1600x1200-1-1536x1024.jpg 1536w, http:\/\/liceum-parczew.pl\/wp-content\/uploads\/2022\/07\/IMG_4863-1600x1200-1.jpg 1600w\" sizes=\"auto, (max-width: 300px) 100vw, 300px\" \/><\/a><a href=\"http:\/\/liceum-parczew.pl\/wp-content\/uploads\/2022\/07\/IMG_4898-1600x1200-1.jpg\"><img loading=\"lazy\" decoding=\"async\" class=\"alignnone wp-image-5342 size-medium\" src=\"http:\/\/liceum-parczew.pl\/wp-content\/uploads\/2022\/07\/IMG_4898-1600x1200-1-300x200.jpg\" alt=\"\" width=\"300\" height=\"200\" srcset=\"http:\/\/liceum-parczew.pl\/wp-content\/uploads\/2022\/07\/IMG_4898-1600x1200-1-300x200.jpg 300w, http:\/\/liceum-parczew.pl\/wp-content\/uploads\/2022\/07\/IMG_4898-1600x1200-1-1024x683.jpg 1024w, http:\/\/liceum-parczew.pl\/wp-content\/uploads\/2022\/07\/IMG_4898-1600x1200-1-768x512.jpg 768w, http:\/\/liceum-parczew.pl\/wp-content\/uploads\/2022\/07\/IMG_4898-1600x1200-1-1536x1024.jpg 1536w, http:\/\/liceum-parczew.pl\/wp-content\/uploads\/2022\/07\/IMG_4898-1600x1200-1.jpg 1600w\" sizes=\"auto, (max-width: 300px) 100vw, 300px\" \/><\/a><a href=\"http:\/\/liceum-parczew.pl\/wp-content\/uploads\/2022\/07\/20220624_105906-1600x1200-1.jpg\"><img loading=\"lazy\" decoding=\"async\" class=\"alignnone wp-image-5357 size-medium\" src=\"http:\/\/liceum-parczew.pl\/wp-content\/uploads\/2022\/07\/20220624_105906-1600x1200-1-300x169.jpg\" alt=\"\" width=\"300\" height=\"169\" srcset=\"http:\/\/liceum-parczew.pl\/wp-content\/uploads\/2022\/07\/20220624_105906-1600x1200-1-300x169.jpg 300w, http:\/\/liceum-parczew.pl\/wp-content\/uploads\/2022\/07\/20220624_105906-1600x1200-1-1024x577.jpg 1024w, http:\/\/liceum-parczew.pl\/wp-content\/uploads\/2022\/07\/20220624_105906-1600x1200-1-768x432.jpg 768w, http:\/\/liceum-parczew.pl\/wp-content\/uploads\/2022\/07\/20220624_105906-1600x1200-1-1536x865.jpg 1536w, http:\/\/liceum-parczew.pl\/wp-content\/uploads\/2022\/07\/20220624_105906-1600x1200-1.jpg 1600w\" sizes=\"auto, (max-width: 300px) 100vw, 300px\" \/><\/a><a href=\"http:\/\/liceum-parczew.pl\/wp-content\/uploads\/2022\/07\/20220624_110958-1600x1200-1.jpg\"><img loading=\"lazy\" decoding=\"async\" class=\"alignnone wp-image-5360 size-medium\" src=\"http:\/\/liceum-parczew.pl\/wp-content\/uploads\/2022\/07\/20220624_110958-1600x1200-1-169x300.jpg\" alt=\"\" width=\"169\" height=\"300\" srcset=\"http:\/\/liceum-parczew.pl\/wp-content\/uploads\/2022\/07\/20220624_110958-1600x1200-1-169x300.jpg 169w, http:\/\/liceum-parczew.pl\/wp-content\/uploads\/2022\/07\/20220624_110958-1600x1200-1-577x1024.jpg 577w, http:\/\/liceum-parczew.pl\/wp-content\/uploads\/2022\/07\/20220624_110958-1600x1200-1.jpg 676w\" sizes=\"auto, (max-width: 169px) 100vw, 169px\" \/><\/a>\u00a0\u00a0\u00a0\u00a0 <a href=\"http:\/\/liceum-parczew.pl\/wp-content\/uploads\/2022\/07\/20220624_110402-1600x1200-1.jpg\"><img loading=\"lazy\" decoding=\"async\" class=\"alignnone wp-image-5358 size-medium\" src=\"http:\/\/liceum-parczew.pl\/wp-content\/uploads\/2022\/07\/20220624_110402-1600x1200-1-169x300.jpg\" alt=\"\" width=\"169\" height=\"300\" srcset=\"http:\/\/liceum-parczew.pl\/wp-content\/uploads\/2022\/07\/20220624_110402-1600x1200-1-169x300.jpg 169w, http:\/\/liceum-parczew.pl\/wp-content\/uploads\/2022\/07\/20220624_110402-1600x1200-1-577x1024.jpg 577w, http:\/\/liceum-parczew.pl\/wp-content\/uploads\/2022\/07\/20220624_110402-1600x1200-1.jpg 676w\" sizes=\"auto, (max-width: 169px) 100vw, 169px\" \/><\/a><a href=\"http:\/\/liceum-parczew.pl\/wp-content\/uploads\/2022\/07\/IMG_4915-1600x1200-1.jpg\"><img loading=\"lazy\" decoding=\"async\" class=\"alignnone wp-image-5343 size-medium\" src=\"http:\/\/liceum-parczew.pl\/wp-content\/uploads\/2022\/07\/IMG_4915-1600x1200-1-300x200.jpg\" alt=\"\" width=\"300\" height=\"200\" srcset=\"http:\/\/liceum-parczew.pl\/wp-content\/uploads\/2022\/07\/IMG_4915-1600x1200-1-300x200.jpg 300w, http:\/\/liceum-parczew.pl\/wp-content\/uploads\/2022\/07\/IMG_4915-1600x1200-1-1024x683.jpg 1024w, http:\/\/liceum-parczew.pl\/wp-content\/uploads\/2022\/07\/IMG_4915-1600x1200-1-768x512.jpg 768w, http:\/\/liceum-parczew.pl\/wp-content\/uploads\/2022\/07\/IMG_4915-1600x1200-1-1536x1024.jpg 1536w, http:\/\/liceum-parczew.pl\/wp-content\/uploads\/2022\/07\/IMG_4915-1600x1200-1.jpg 1600w\" sizes=\"auto, (max-width: 300px) 100vw, 300px\" \/><\/a><\/p>\n","protected":false},"excerpt":{"rendered":"<p>Uroczyste zako\u0144czenie roku szkolnego 2021\/22 24 czerwca 2022r. zako\u0144czyli\u015bmy kolejny rok szkolny. Pogoda dopisa\u0142a dlatego uroczysto\u015b\u0107 odby\u0142a si\u0119 przed gmachem<\/p>\n","protected":false},"author":5,"featured_media":5344,"comment_status":"closed","ping_status":"closed","sticky":false,"template":"","format":"standard","meta":{"colormag_page_container_layout":"no_sidebar_full_width","colormag_page_sidebar_layout":"right_sidebar","footnotes":""},"categories":[3],"tags":[],"class_list":["post-5362","post","type-post","status-publish","format-standard","has-post-thumbnail","hentry","category-aktualnosci"],"_links":{"self":[{"href":"http:\/\/liceum-parczew.pl\/index.php\/wp-json\/wp\/v2\/posts\/5362","targetHints":{"allow":["GET"]}}],"collection":[{"href":"http:\/\/liceum-parczew.pl\/index.php\/wp-json\/wp\/v2\/posts"}],"about":[{"href":"http:\/\/liceum-parczew.pl\/index.php\/wp-json\/wp\/v2\/types\/post"}],"author":[{"embeddable":true,"href":"http:\/\/liceum-parczew.pl\/index.php\/wp-json\/wp\/v2\/users\/5"}],"replies":[{"embeddable":true,"href":"http:\/\/liceum-parczew.pl\/index.php\/wp-json\/wp\/v2\/comments?post=5362"}],"version-history":[{"count":6,"href":"http:\/\/liceum-parczew.pl\/index.php\/wp-json\/wp\/v2\/posts\/5362\/revisions"}],"predecessor-version":[{"id":5369,"href":"http:\/\/liceum-parczew.pl\/index.php\/wp-json\/wp\/v2\/posts\/5362\/revisions\/5369"}],"wp:featuredmedia":[{"embeddable":true,"href":"http:\/\/liceum-parczew.pl\/index.php\/wp-json\/wp\/v2\/media\/5344"}],"wp:attachment":[{"href":"http:\/\/liceum-parczew.pl\/index.php\/wp-json\/wp\/v2\/media?parent=5362"}],"wp:term":[{"taxonomy":"category","embeddable":true,"href":"http:\/\/liceum-parczew.pl\/index.php\/wp-json\/wp\/v2\/categories?post=5362"},{"taxonomy":"post_tag","embeddable":true,"href":"http:\/\/liceum-parczew.pl\/index.php\/wp-json\/wp\/v2\/tags?post=5362"}],"curies":[{"name":"wp","href":"https:\/\/api.w.org\/{rel}","templated":true}]}}