{"id":5216,"date":"2022-05-29T18:50:24","date_gmt":"2022-05-29T16:50:24","guid":{"rendered":"http:\/\/liceum-parczew.pl\/?p=5216"},"modified":"2022-05-29T19:27:48","modified_gmt":"2022-05-29T17:27:48","slug":"zakonczenie-roku-klas-maturalnych","status":"publish","type":"post","link":"http:\/\/liceum-parczew.pl\/index.php\/2022\/05\/29\/zakonczenie-roku-klas-maturalnych\/","title":{"rendered":"Zako\u0144czenie roku klas maturalnych."},"content":{"rendered":"<p>Po\u017cegnanie absolwent\u00f3w<\/p>\n<p>W podnios\u0142ej atmosferze, w obecno\u015bci dyrektor\u00f3w szko\u0142y Beaty Trynieckiej i Jerzego \u015awicia oraz wychowawc\u00f3w, nauczycieli i rodzic\u00f3w, a tak\u017ce m\u0142odszych kole\u017canek i koleg\u00f3w, z murami naszej szko\u0142y rozstali si\u0119 tegoroczni absolwenci. Po\u017cegnaniu towarzyszy\u0142y zar\u00f3wno radosne, jak i wzruszaj\u0105ce chwile.<br \/>\nPani Dyrektor z\u0142o\u017cy\u0142a \u017cyczenia maturzystom i wr\u0119czy\u0142a wyr\u00f3\u017cniaj\u0105cym si\u0119 uczniom nagrody za osi\u0105gni\u0119cia w nauce oraz aktywno\u015b\u0107 na rzecz szko\u0142y. W imieniu trzecioklasist\u00f3w, z podzi\u0119kowaniami za lata nauki i kszta\u0142towania charakter\u00f3w, wyst\u0105pi\u0142 Igor Sternik &#8211; przewodnicz\u0105cy Samorz\u0105du Uczniowskiego w ubieg\u0142ym roku szkolnym. Na zako\u0144czenie uczennice Ola Kro\u015bko z klasy III dn i Katarzyna \u017belazko z klasy II b zadedykowa\u0142y odchodz\u0105cym uczniom refleksyjne piosenki.<br \/>\nGrono absolwent\u00f3w I LO powi\u0119kszy\u0142o si\u0119 o 76 os\u00f3b. Wszystkim gratulujemy i \u017cyczymy powodzenia na maturze oraz dostania si\u0119 na wymarzone studia.<\/p>\n<p>&nbsp;<\/p>\n<div id='gallery-1' class='gallery galleryid-5216 gallery-columns-3 gallery-size-full'><figure class='gallery-item'>\n\t\t\t<div class='gallery-icon landscape'>\n\t\t\t\t<a href='http:\/\/liceum-parczew.pl\/index.php\/2022\/05\/29\/zakonczenie-roku-klas-maturalnych\/279554450_409095421042362_6927283858109826634_n\/'><img loading=\"lazy\" decoding=\"async\" width=\"2560\" height=\"1707\" src=\"http:\/\/liceum-parczew.pl\/wp-content\/uploads\/2022\/05\/279554450_409095421042362_6927283858109826634_n-scaled.jpg\" class=\"attachment-full size-full\" alt=\"\" srcset=\"http:\/\/liceum-parczew.pl\/wp-content\/uploads\/2022\/05\/279554450_409095421042362_6927283858109826634_n-scaled.jpg 2560w, http:\/\/liceum-parczew.pl\/wp-content\/uploads\/2022\/05\/279554450_409095421042362_6927283858109826634_n-300x200.jpg 300w, http:\/\/liceum-parczew.pl\/wp-content\/uploads\/2022\/05\/279554450_409095421042362_6927283858109826634_n-1024x683.jpg 1024w, http:\/\/liceum-parczew.pl\/wp-content\/uploads\/2022\/05\/279554450_409095421042362_6927283858109826634_n-768x512.jpg 768w, http:\/\/liceum-parczew.pl\/wp-content\/uploads\/2022\/05\/279554450_409095421042362_6927283858109826634_n-1536x1024.jpg 1536w, http:\/\/liceum-parczew.pl\/wp-content\/uploads\/2022\/05\/279554450_409095421042362_6927283858109826634_n-2048x1365.jpg 2048w\" sizes=\"auto, (max-width: 2560px) 100vw, 2560px\" \/><\/a>\n\t\t\t<\/div><\/figure><figure class='gallery-item'>\n\t\t\t<div class='gallery-icon landscape'>\n\t\t\t\t<a href='http:\/\/liceum-parczew.pl\/index.php\/2022\/05\/29\/zakonczenie-roku-klas-maturalnych\/279491758_327438542831713_3667865545753655445_n\/'><img loading=\"lazy\" decoding=\"async\" width=\"2560\" height=\"1707\" src=\"http:\/\/liceum-parczew.pl\/wp-content\/uploads\/2022\/05\/279491758_327438542831713_3667865545753655445_n-scaled.jpg\" class=\"attachment-full size-full\" alt=\"\" srcset=\"http:\/\/liceum-parczew.pl\/wp-content\/uploads\/2022\/05\/279491758_327438542831713_3667865545753655445_n-scaled.jpg 2560w, http:\/\/liceum-parczew.pl\/wp-content\/uploads\/2022\/05\/279491758_327438542831713_3667865545753655445_n-300x200.jpg 300w, http:\/\/liceum-parczew.pl\/wp-content\/uploads\/2022\/05\/279491758_327438542831713_3667865545753655445_n-1024x683.jpg 1024w, http:\/\/liceum-parczew.pl\/wp-content\/uploads\/2022\/05\/279491758_327438542831713_3667865545753655445_n-768x512.jpg 768w, http:\/\/liceum-parczew.pl\/wp-content\/uploads\/2022\/05\/279491758_327438542831713_3667865545753655445_n-1536x1024.jpg 1536w, http:\/\/liceum-parczew.pl\/wp-content\/uploads\/2022\/05\/279491758_327438542831713_3667865545753655445_n-2048x1365.jpg 2048w\" sizes=\"auto, (max-width: 2560px) 100vw, 2560px\" \/><\/a>\n\t\t\t<\/div><\/figure><figure class='gallery-item'>\n\t\t\t<div class='gallery-icon landscape'>\n\t\t\t\t<a href='http:\/\/liceum-parczew.pl\/index.php\/2022\/05\/29\/zakonczenie-roku-klas-maturalnych\/279436475_993975617974328_5954924837866972004_n\/'><img loading=\"lazy\" decoding=\"async\" width=\"2560\" height=\"1707\" src=\"http:\/\/liceum-parczew.pl\/wp-content\/uploads\/2022\/05\/279436475_993975617974328_5954924837866972004_n-scaled.jpg\" class=\"attachment-full size-full\" alt=\"\" srcset=\"http:\/\/liceum-parczew.pl\/wp-content\/uploads\/2022\/05\/279436475_993975617974328_5954924837866972004_n-scaled.jpg 2560w, http:\/\/liceum-parczew.pl\/wp-content\/uploads\/2022\/05\/279436475_993975617974328_5954924837866972004_n-300x200.jpg 300w, http:\/\/liceum-parczew.pl\/wp-content\/uploads\/2022\/05\/279436475_993975617974328_5954924837866972004_n-1024x683.jpg 1024w, http:\/\/liceum-parczew.pl\/wp-content\/uploads\/2022\/05\/279436475_993975617974328_5954924837866972004_n-768x512.jpg 768w, http:\/\/liceum-parczew.pl\/wp-content\/uploads\/2022\/05\/279436475_993975617974328_5954924837866972004_n-1536x1024.jpg 1536w, http:\/\/liceum-parczew.pl\/wp-content\/uploads\/2022\/05\/279436475_993975617974328_5954924837866972004_n-2048x1365.jpg 2048w\" sizes=\"auto, (max-width: 2560px) 100vw, 2560px\" \/><\/a>\n\t\t\t<\/div><\/figure><figure class='gallery-item'>\n\t\t\t<div class='gallery-icon landscape'>\n\t\t\t\t<a href='http:\/\/liceum-parczew.pl\/index.php\/2022\/05\/29\/zakonczenie-roku-klas-maturalnych\/279428526_1603072643381960_2635225561753976603_n\/'><img loading=\"lazy\" decoding=\"async\" width=\"2560\" height=\"1707\" src=\"http:\/\/liceum-parczew.pl\/wp-content\/uploads\/2022\/05\/279428526_1603072643381960_2635225561753976603_n-scaled.jpg\" class=\"attachment-full size-full\" alt=\"\" srcset=\"http:\/\/liceum-parczew.pl\/wp-content\/uploads\/2022\/05\/279428526_1603072643381960_2635225561753976603_n-scaled.jpg 2560w, http:\/\/liceum-parczew.pl\/wp-content\/uploads\/2022\/05\/279428526_1603072643381960_2635225561753976603_n-300x200.jpg 300w, http:\/\/liceum-parczew.pl\/wp-content\/uploads\/2022\/05\/279428526_1603072643381960_2635225561753976603_n-1024x683.jpg 1024w, http:\/\/liceum-parczew.pl\/wp-content\/uploads\/2022\/05\/279428526_1603072643381960_2635225561753976603_n-768x512.jpg 768w, http:\/\/liceum-parczew.pl\/wp-content\/uploads\/2022\/05\/279428526_1603072643381960_2635225561753976603_n-1536x1024.jpg 1536w, http:\/\/liceum-parczew.pl\/wp-content\/uploads\/2022\/05\/279428526_1603072643381960_2635225561753976603_n-2048x1365.jpg 2048w\" sizes=\"auto, (max-width: 2560px) 100vw, 2560px\" \/><\/a>\n\t\t\t<\/div><\/figure><figure class='gallery-item'>\n\t\t\t<div class='gallery-icon landscape'>\n\t\t\t\t<a href='http:\/\/liceum-parczew.pl\/index.php\/2022\/05\/29\/zakonczenie-roku-klas-maturalnych\/279408738_5260275287366875_6117821601689771022_n\/'><img loading=\"lazy\" decoding=\"async\" width=\"2560\" height=\"1707\" src=\"http:\/\/liceum-parczew.pl\/wp-content\/uploads\/2022\/05\/279408738_5260275287366875_6117821601689771022_n-scaled.jpg\" class=\"attachment-full size-full\" alt=\"\" srcset=\"http:\/\/liceum-parczew.pl\/wp-content\/uploads\/2022\/05\/279408738_5260275287366875_6117821601689771022_n-scaled.jpg 2560w, http:\/\/liceum-parczew.pl\/wp-content\/uploads\/2022\/05\/279408738_5260275287366875_6117821601689771022_n-300x200.jpg 300w, http:\/\/liceum-parczew.pl\/wp-content\/uploads\/2022\/05\/279408738_5260275287366875_6117821601689771022_n-1024x683.jpg 1024w, http:\/\/liceum-parczew.pl\/wp-content\/uploads\/2022\/05\/279408738_5260275287366875_6117821601689771022_n-768x512.jpg 768w, http:\/\/liceum-parczew.pl\/wp-content\/uploads\/2022\/05\/279408738_5260275287366875_6117821601689771022_n-1536x1024.jpg 1536w, http:\/\/liceum-parczew.pl\/wp-content\/uploads\/2022\/05\/279408738_5260275287366875_6117821601689771022_n-2048x1365.jpg 2048w\" sizes=\"auto, (max-width: 2560px) 100vw, 2560px\" \/><\/a>\n\t\t\t<\/div><\/figure><figure class='gallery-item'>\n\t\t\t<div class='gallery-icon landscape'>\n\t\t\t\t<a href='http:\/\/liceum-parczew.pl\/index.php\/2022\/05\/29\/zakonczenie-roku-klas-maturalnych\/279386764_532142281644463_4310297481316300518_n\/'><img loading=\"lazy\" decoding=\"async\" width=\"2560\" height=\"1707\" src=\"http:\/\/liceum-parczew.pl\/wp-content\/uploads\/2022\/05\/279386764_532142281644463_4310297481316300518_n-scaled.jpg\" class=\"attachment-full size-full\" alt=\"\" srcset=\"http:\/\/liceum-parczew.pl\/wp-content\/uploads\/2022\/05\/279386764_532142281644463_4310297481316300518_n-scaled.jpg 2560w, http:\/\/liceum-parczew.pl\/wp-content\/uploads\/2022\/05\/279386764_532142281644463_4310297481316300518_n-300x200.jpg 300w, http:\/\/liceum-parczew.pl\/wp-content\/uploads\/2022\/05\/279386764_532142281644463_4310297481316300518_n-1024x683.jpg 1024w, http:\/\/liceum-parczew.pl\/wp-content\/uploads\/2022\/05\/279386764_532142281644463_4310297481316300518_n-768x512.jpg 768w, http:\/\/liceum-parczew.pl\/wp-content\/uploads\/2022\/05\/279386764_532142281644463_4310297481316300518_n-1536x1024.jpg 1536w, http:\/\/liceum-parczew.pl\/wp-content\/uploads\/2022\/05\/279386764_532142281644463_4310297481316300518_n-2048x1365.jpg 2048w\" sizes=\"auto, (max-width: 2560px) 100vw, 2560px\" \/><\/a>\n\t\t\t<\/div><\/figure><figure class='gallery-item'>\n\t\t\t<div class='gallery-icon landscape'>\n\t\t\t\t<a href='http:\/\/liceum-parczew.pl\/index.php\/2022\/05\/29\/zakonczenie-roku-klas-maturalnych\/279348526_1005234173433268_289002330821599236_n\/'><img loading=\"lazy\" decoding=\"async\" width=\"2560\" height=\"1707\" src=\"http:\/\/liceum-parczew.pl\/wp-content\/uploads\/2022\/05\/279348526_1005234173433268_289002330821599236_n-scaled.jpg\" class=\"attachment-full size-full\" alt=\"\" srcset=\"http:\/\/liceum-parczew.pl\/wp-content\/uploads\/2022\/05\/279348526_1005234173433268_289002330821599236_n-scaled.jpg 2560w, http:\/\/liceum-parczew.pl\/wp-content\/uploads\/2022\/05\/279348526_1005234173433268_289002330821599236_n-300x200.jpg 300w, http:\/\/liceum-parczew.pl\/wp-content\/uploads\/2022\/05\/279348526_1005234173433268_289002330821599236_n-1024x683.jpg 1024w, http:\/\/liceum-parczew.pl\/wp-content\/uploads\/2022\/05\/279348526_1005234173433268_289002330821599236_n-768x512.jpg 768w, http:\/\/liceum-parczew.pl\/wp-content\/uploads\/2022\/05\/279348526_1005234173433268_289002330821599236_n-1536x1024.jpg 1536w, http:\/\/liceum-parczew.pl\/wp-content\/uploads\/2022\/05\/279348526_1005234173433268_289002330821599236_n-2048x1365.jpg 2048w\" sizes=\"auto, (max-width: 2560px) 100vw, 2560px\" \/><\/a>\n\t\t\t<\/div><\/figure><figure class='gallery-item'>\n\t\t\t<div class='gallery-icon landscape'>\n\t\t\t\t<a href='http:\/\/liceum-parczew.pl\/index.php\/2022\/05\/29\/zakonczenie-roku-klas-maturalnych\/279354574_413002916893448_1296695050279510023_n\/'><img loading=\"lazy\" decoding=\"async\" width=\"2560\" height=\"1707\" src=\"http:\/\/liceum-parczew.pl\/wp-content\/uploads\/2022\/05\/279354574_413002916893448_1296695050279510023_n-scaled.jpg\" class=\"attachment-full size-full\" alt=\"\" srcset=\"http:\/\/liceum-parczew.pl\/wp-content\/uploads\/2022\/05\/279354574_413002916893448_1296695050279510023_n-scaled.jpg 2560w, http:\/\/liceum-parczew.pl\/wp-content\/uploads\/2022\/05\/279354574_413002916893448_1296695050279510023_n-300x200.jpg 300w, http:\/\/liceum-parczew.pl\/wp-content\/uploads\/2022\/05\/279354574_413002916893448_1296695050279510023_n-1024x683.jpg 1024w, http:\/\/liceum-parczew.pl\/wp-content\/uploads\/2022\/05\/279354574_413002916893448_1296695050279510023_n-768x512.jpg 768w, http:\/\/liceum-parczew.pl\/wp-content\/uploads\/2022\/05\/279354574_413002916893448_1296695050279510023_n-1536x1024.jpg 1536w, http:\/\/liceum-parczew.pl\/wp-content\/uploads\/2022\/05\/279354574_413002916893448_1296695050279510023_n-2048x1365.jpg 2048w\" sizes=\"auto, (max-width: 2560px) 100vw, 2560px\" \/><\/a>\n\t\t\t<\/div><\/figure><figure class='gallery-item'>\n\t\t\t<div class='gallery-icon landscape'>\n\t\t\t\t<a href='http:\/\/liceum-parczew.pl\/index.php\/2022\/05\/29\/zakonczenie-roku-klas-maturalnych\/279362697_411006157166061_4516242231764277240_n\/'><img loading=\"lazy\" decoding=\"async\" width=\"2560\" height=\"1707\" src=\"http:\/\/liceum-parczew.pl\/wp-content\/uploads\/2022\/05\/279362697_411006157166061_4516242231764277240_n-scaled.jpg\" class=\"attachment-full size-full\" alt=\"\" srcset=\"http:\/\/liceum-parczew.pl\/wp-content\/uploads\/2022\/05\/279362697_411006157166061_4516242231764277240_n-scaled.jpg 2560w, http:\/\/liceum-parczew.pl\/wp-content\/uploads\/2022\/05\/279362697_411006157166061_4516242231764277240_n-300x200.jpg 300w, http:\/\/liceum-parczew.pl\/wp-content\/uploads\/2022\/05\/279362697_411006157166061_4516242231764277240_n-1024x683.jpg 1024w, http:\/\/liceum-parczew.pl\/wp-content\/uploads\/2022\/05\/279362697_411006157166061_4516242231764277240_n-768x512.jpg 768w, http:\/\/liceum-parczew.pl\/wp-content\/uploads\/2022\/05\/279362697_411006157166061_4516242231764277240_n-1536x1024.jpg 1536w, http:\/\/liceum-parczew.pl\/wp-content\/uploads\/2022\/05\/279362697_411006157166061_4516242231764277240_n-2048x1365.jpg 2048w\" sizes=\"auto, (max-width: 2560px) 100vw, 2560px\" \/><\/a>\n\t\t\t<\/div><\/figure><figure class='gallery-item'>\n\t\t\t<div class='gallery-icon landscape'>\n\t\t\t\t<a href='http:\/\/liceum-parczew.pl\/index.php\/2022\/05\/29\/zakonczenie-roku-klas-maturalnych\/279366833_5021694224534067_8782773034954257574_n\/'><img loading=\"lazy\" decoding=\"async\" width=\"2560\" height=\"1707\" src=\"http:\/\/liceum-parczew.pl\/wp-content\/uploads\/2022\/05\/279366833_5021694224534067_8782773034954257574_n-scaled.jpg\" class=\"attachment-full size-full\" alt=\"\" srcset=\"http:\/\/liceum-parczew.pl\/wp-content\/uploads\/2022\/05\/279366833_5021694224534067_8782773034954257574_n-scaled.jpg 2560w, http:\/\/liceum-parczew.pl\/wp-content\/uploads\/2022\/05\/279366833_5021694224534067_8782773034954257574_n-300x200.jpg 300w, http:\/\/liceum-parczew.pl\/wp-content\/uploads\/2022\/05\/279366833_5021694224534067_8782773034954257574_n-1024x683.jpg 1024w, http:\/\/liceum-parczew.pl\/wp-content\/uploads\/2022\/05\/279366833_5021694224534067_8782773034954257574_n-768x512.jpg 768w, http:\/\/liceum-parczew.pl\/wp-content\/uploads\/2022\/05\/279366833_5021694224534067_8782773034954257574_n-1536x1024.jpg 1536w, http:\/\/liceum-parczew.pl\/wp-content\/uploads\/2022\/05\/279366833_5021694224534067_8782773034954257574_n-2048x1365.jpg 2048w\" sizes=\"auto, (max-width: 2560px) 100vw, 2560px\" \/><\/a>\n\t\t\t<\/div><\/figure><figure class='gallery-item'>\n\t\t\t<div class='gallery-icon landscape'>\n\t\t\t\t<a href='http:\/\/liceum-parczew.pl\/index.php\/2022\/05\/29\/zakonczenie-roku-klas-maturalnych\/279378239_1008683553104566_4660508087540750385_n\/'><img loading=\"lazy\" decoding=\"async\" width=\"2560\" height=\"1707\" src=\"http:\/\/liceum-parczew.pl\/wp-content\/uploads\/2022\/05\/279378239_1008683553104566_4660508087540750385_n-scaled.jpg\" class=\"attachment-full size-full\" alt=\"\" srcset=\"http:\/\/liceum-parczew.pl\/wp-content\/uploads\/2022\/05\/279378239_1008683553104566_4660508087540750385_n-scaled.jpg 2560w, http:\/\/liceum-parczew.pl\/wp-content\/uploads\/2022\/05\/279378239_1008683553104566_4660508087540750385_n-300x200.jpg 300w, http:\/\/liceum-parczew.pl\/wp-content\/uploads\/2022\/05\/279378239_1008683553104566_4660508087540750385_n-1024x683.jpg 1024w, http:\/\/liceum-parczew.pl\/wp-content\/uploads\/2022\/05\/279378239_1008683553104566_4660508087540750385_n-768x512.jpg 768w, http:\/\/liceum-parczew.pl\/wp-content\/uploads\/2022\/05\/279378239_1008683553104566_4660508087540750385_n-1536x1024.jpg 1536w, http:\/\/liceum-parczew.pl\/wp-content\/uploads\/2022\/05\/279378239_1008683553104566_4660508087540750385_n-2048x1365.jpg 2048w\" sizes=\"auto, (max-width: 2560px) 100vw, 2560px\" \/><\/a>\n\t\t\t<\/div><\/figure><figure class='gallery-item'>\n\t\t\t<div class='gallery-icon landscape'>\n\t\t\t\t<a href='http:\/\/liceum-parczew.pl\/index.php\/2022\/05\/29\/zakonczenie-roku-klas-maturalnych\/279383265_506370597637984_7034406735138796780_n\/'><img loading=\"lazy\" decoding=\"async\" width=\"2560\" height=\"1707\" src=\"http:\/\/liceum-parczew.pl\/wp-content\/uploads\/2022\/05\/279383265_506370597637984_7034406735138796780_n-scaled.jpg\" class=\"attachment-full size-full\" alt=\"\" srcset=\"http:\/\/liceum-parczew.pl\/wp-content\/uploads\/2022\/05\/279383265_506370597637984_7034406735138796780_n-scaled.jpg 2560w, http:\/\/liceum-parczew.pl\/wp-content\/uploads\/2022\/05\/279383265_506370597637984_7034406735138796780_n-300x200.jpg 300w, http:\/\/liceum-parczew.pl\/wp-content\/uploads\/2022\/05\/279383265_506370597637984_7034406735138796780_n-1024x683.jpg 1024w, http:\/\/liceum-parczew.pl\/wp-content\/uploads\/2022\/05\/279383265_506370597637984_7034406735138796780_n-768x512.jpg 768w, http:\/\/liceum-parczew.pl\/wp-content\/uploads\/2022\/05\/279383265_506370597637984_7034406735138796780_n-1536x1024.jpg 1536w, http:\/\/liceum-parczew.pl\/wp-content\/uploads\/2022\/05\/279383265_506370597637984_7034406735138796780_n-2048x1365.jpg 2048w\" sizes=\"auto, (max-width: 2560px) 100vw, 2560px\" \/><\/a>\n\t\t\t<\/div><\/figure><figure class='gallery-item'>\n\t\t\t<div class='gallery-icon landscape'>\n\t\t\t\t<a href='http:\/\/liceum-parczew.pl\/index.php\/2022\/05\/29\/zakonczenie-roku-klas-maturalnych\/279292866_3264614633825662_6607183925357121578_n\/'><img loading=\"lazy\" decoding=\"async\" width=\"2560\" height=\"1707\" src=\"http:\/\/liceum-parczew.pl\/wp-content\/uploads\/2022\/05\/279292866_3264614633825662_6607183925357121578_n-scaled.jpg\" class=\"attachment-full size-full\" alt=\"\" srcset=\"http:\/\/liceum-parczew.pl\/wp-content\/uploads\/2022\/05\/279292866_3264614633825662_6607183925357121578_n-scaled.jpg 2560w, http:\/\/liceum-parczew.pl\/wp-content\/uploads\/2022\/05\/279292866_3264614633825662_6607183925357121578_n-300x200.jpg 300w, http:\/\/liceum-parczew.pl\/wp-content\/uploads\/2022\/05\/279292866_3264614633825662_6607183925357121578_n-1024x683.jpg 1024w, http:\/\/liceum-parczew.pl\/wp-content\/uploads\/2022\/05\/279292866_3264614633825662_6607183925357121578_n-768x512.jpg 768w, http:\/\/liceum-parczew.pl\/wp-content\/uploads\/2022\/05\/279292866_3264614633825662_6607183925357121578_n-1536x1024.jpg 1536w, http:\/\/liceum-parczew.pl\/wp-content\/uploads\/2022\/05\/279292866_3264614633825662_6607183925357121578_n-2048x1365.jpg 2048w\" sizes=\"auto, (max-width: 2560px) 100vw, 2560px\" \/><\/a>\n\t\t\t<\/div><\/figure><figure class='gallery-item'>\n\t\t\t<div class='gallery-icon landscape'>\n\t\t\t\t<a href='http:\/\/liceum-parczew.pl\/index.php\/2022\/05\/29\/zakonczenie-roku-klas-maturalnych\/279292261_1891580931033625_4725051502915239008_n\/'><img loading=\"lazy\" decoding=\"async\" width=\"2560\" height=\"1707\" src=\"http:\/\/liceum-parczew.pl\/wp-content\/uploads\/2022\/05\/279292261_1891580931033625_4725051502915239008_n-scaled.jpg\" class=\"attachment-full size-full\" alt=\"\" srcset=\"http:\/\/liceum-parczew.pl\/wp-content\/uploads\/2022\/05\/279292261_1891580931033625_4725051502915239008_n-scaled.jpg 2560w, http:\/\/liceum-parczew.pl\/wp-content\/uploads\/2022\/05\/279292261_1891580931033625_4725051502915239008_n-300x200.jpg 300w, http:\/\/liceum-parczew.pl\/wp-content\/uploads\/2022\/05\/279292261_1891580931033625_4725051502915239008_n-1024x683.jpg 1024w, http:\/\/liceum-parczew.pl\/wp-content\/uploads\/2022\/05\/279292261_1891580931033625_4725051502915239008_n-768x512.jpg 768w, http:\/\/liceum-parczew.pl\/wp-content\/uploads\/2022\/05\/279292261_1891580931033625_4725051502915239008_n-1536x1024.jpg 1536w, http:\/\/liceum-parczew.pl\/wp-content\/uploads\/2022\/05\/279292261_1891580931033625_4725051502915239008_n-2048x1365.jpg 2048w\" sizes=\"auto, (max-width: 2560px) 100vw, 2560px\" \/><\/a>\n\t\t\t<\/div><\/figure><figure class='gallery-item'>\n\t\t\t<div class='gallery-icon landscape'>\n\t\t\t\t<a href='http:\/\/liceum-parczew.pl\/index.php\/2022\/05\/29\/zakonczenie-roku-klas-maturalnych\/279281254_565490741504470_4287876912041158602_n\/'><img loading=\"lazy\" decoding=\"async\" width=\"2560\" height=\"1707\" src=\"http:\/\/liceum-parczew.pl\/wp-content\/uploads\/2022\/05\/279281254_565490741504470_4287876912041158602_n-scaled.jpg\" class=\"attachment-full size-full\" alt=\"\" srcset=\"http:\/\/liceum-parczew.pl\/wp-content\/uploads\/2022\/05\/279281254_565490741504470_4287876912041158602_n-scaled.jpg 2560w, http:\/\/liceum-parczew.pl\/wp-content\/uploads\/2022\/05\/279281254_565490741504470_4287876912041158602_n-300x200.jpg 300w, http:\/\/liceum-parczew.pl\/wp-content\/uploads\/2022\/05\/279281254_565490741504470_4287876912041158602_n-1024x683.jpg 1024w, http:\/\/liceum-parczew.pl\/wp-content\/uploads\/2022\/05\/279281254_565490741504470_4287876912041158602_n-768x512.jpg 768w, http:\/\/liceum-parczew.pl\/wp-content\/uploads\/2022\/05\/279281254_565490741504470_4287876912041158602_n-1536x1024.jpg 1536w, http:\/\/liceum-parczew.pl\/wp-content\/uploads\/2022\/05\/279281254_565490741504470_4287876912041158602_n-2048x1365.jpg 2048w\" sizes=\"auto, (max-width: 2560px) 100vw, 2560px\" \/><\/a>\n\t\t\t<\/div><\/figure><figure class='gallery-item'>\n\t\t\t<div class='gallery-icon landscape'>\n\t\t\t\t<a href='http:\/\/liceum-parczew.pl\/index.php\/2022\/05\/29\/zakonczenie-roku-klas-maturalnych\/279277909_1169603510491532_6807214420899064016_n\/'><img loading=\"lazy\" decoding=\"async\" width=\"2560\" height=\"1707\" src=\"http:\/\/liceum-parczew.pl\/wp-content\/uploads\/2022\/05\/279277909_1169603510491532_6807214420899064016_n-scaled.jpg\" class=\"attachment-full size-full\" alt=\"\" srcset=\"http:\/\/liceum-parczew.pl\/wp-content\/uploads\/2022\/05\/279277909_1169603510491532_6807214420899064016_n-scaled.jpg 2560w, http:\/\/liceum-parczew.pl\/wp-content\/uploads\/2022\/05\/279277909_1169603510491532_6807214420899064016_n-300x200.jpg 300w, http:\/\/liceum-parczew.pl\/wp-content\/uploads\/2022\/05\/279277909_1169603510491532_6807214420899064016_n-1024x683.jpg 1024w, http:\/\/liceum-parczew.pl\/wp-content\/uploads\/2022\/05\/279277909_1169603510491532_6807214420899064016_n-768x512.jpg 768w, http:\/\/liceum-parczew.pl\/wp-content\/uploads\/2022\/05\/279277909_1169603510491532_6807214420899064016_n-1536x1024.jpg 1536w, http:\/\/liceum-parczew.pl\/wp-content\/uploads\/2022\/05\/279277909_1169603510491532_6807214420899064016_n-2048x1365.jpg 2048w\" sizes=\"auto, (max-width: 2560px) 100vw, 2560px\" \/><\/a>\n\t\t\t<\/div><\/figure><figure class='gallery-item'>\n\t\t\t<div class='gallery-icon landscape'>\n\t\t\t\t<a href='http:\/\/liceum-parczew.pl\/index.php\/2022\/05\/29\/zakonczenie-roku-klas-maturalnych\/279273300_1030483871197087_4488497728011856053_n\/'><img loading=\"lazy\" decoding=\"async\" width=\"2560\" height=\"1707\" src=\"http:\/\/liceum-parczew.pl\/wp-content\/uploads\/2022\/05\/279273300_1030483871197087_4488497728011856053_n-scaled.jpg\" class=\"attachment-full size-full\" alt=\"\" srcset=\"http:\/\/liceum-parczew.pl\/wp-content\/uploads\/2022\/05\/279273300_1030483871197087_4488497728011856053_n-scaled.jpg 2560w, http:\/\/liceum-parczew.pl\/wp-content\/uploads\/2022\/05\/279273300_1030483871197087_4488497728011856053_n-300x200.jpg 300w, http:\/\/liceum-parczew.pl\/wp-content\/uploads\/2022\/05\/279273300_1030483871197087_4488497728011856053_n-1024x683.jpg 1024w, http:\/\/liceum-parczew.pl\/wp-content\/uploads\/2022\/05\/279273300_1030483871197087_4488497728011856053_n-768x512.jpg 768w, http:\/\/liceum-parczew.pl\/wp-content\/uploads\/2022\/05\/279273300_1030483871197087_4488497728011856053_n-1536x1024.jpg 1536w, http:\/\/liceum-parczew.pl\/wp-content\/uploads\/2022\/05\/279273300_1030483871197087_4488497728011856053_n-2048x1365.jpg 2048w\" sizes=\"auto, (max-width: 2560px) 100vw, 2560px\" \/><\/a>\n\t\t\t<\/div><\/figure><figure class='gallery-item'>\n\t\t\t<div class='gallery-icon landscape'>\n\t\t\t\t<a href='http:\/\/liceum-parczew.pl\/index.php\/2022\/05\/29\/zakonczenie-roku-klas-maturalnych\/279270908_549914446523231_4660144000661758818_n\/'><img loading=\"lazy\" decoding=\"async\" width=\"2560\" height=\"1707\" src=\"http:\/\/liceum-parczew.pl\/wp-content\/uploads\/2022\/05\/279270908_549914446523231_4660144000661758818_n-scaled.jpg\" class=\"attachment-full size-full\" alt=\"\" srcset=\"http:\/\/liceum-parczew.pl\/wp-content\/uploads\/2022\/05\/279270908_549914446523231_4660144000661758818_n-scaled.jpg 2560w, http:\/\/liceum-parczew.pl\/wp-content\/uploads\/2022\/05\/279270908_549914446523231_4660144000661758818_n-300x200.jpg 300w, http:\/\/liceum-parczew.pl\/wp-content\/uploads\/2022\/05\/279270908_549914446523231_4660144000661758818_n-1024x683.jpg 1024w, http:\/\/liceum-parczew.pl\/wp-content\/uploads\/2022\/05\/279270908_549914446523231_4660144000661758818_n-768x512.jpg 768w, http:\/\/liceum-parczew.pl\/wp-content\/uploads\/2022\/05\/279270908_549914446523231_4660144000661758818_n-1536x1024.jpg 1536w, http:\/\/liceum-parczew.pl\/wp-content\/uploads\/2022\/05\/279270908_549914446523231_4660144000661758818_n-2048x1365.jpg 2048w\" sizes=\"auto, (max-width: 2560px) 100vw, 2560px\" \/><\/a>\n\t\t\t<\/div><\/figure><figure class='gallery-item'>\n\t\t\t<div class='gallery-icon landscape'>\n\t\t\t\t<a href='http:\/\/liceum-parczew.pl\/index.php\/2022\/05\/29\/zakonczenie-roku-klas-maturalnych\/279178203_1041722263367174_6455522035112426833_n\/'><img loading=\"lazy\" decoding=\"async\" width=\"2560\" height=\"1707\" src=\"http:\/\/liceum-parczew.pl\/wp-content\/uploads\/2022\/05\/279178203_1041722263367174_6455522035112426833_n-scaled.jpg\" class=\"attachment-full size-full\" alt=\"\" srcset=\"http:\/\/liceum-parczew.pl\/wp-content\/uploads\/2022\/05\/279178203_1041722263367174_6455522035112426833_n-scaled.jpg 2560w, http:\/\/liceum-parczew.pl\/wp-content\/uploads\/2022\/05\/279178203_1041722263367174_6455522035112426833_n-300x200.jpg 300w, http:\/\/liceum-parczew.pl\/wp-content\/uploads\/2022\/05\/279178203_1041722263367174_6455522035112426833_n-1024x683.jpg 1024w, http:\/\/liceum-parczew.pl\/wp-content\/uploads\/2022\/05\/279178203_1041722263367174_6455522035112426833_n-768x512.jpg 768w, http:\/\/liceum-parczew.pl\/wp-content\/uploads\/2022\/05\/279178203_1041722263367174_6455522035112426833_n-1536x1024.jpg 1536w, http:\/\/liceum-parczew.pl\/wp-content\/uploads\/2022\/05\/279178203_1041722263367174_6455522035112426833_n-2048x1365.jpg 2048w\" sizes=\"auto, (max-width: 2560px) 100vw, 2560px\" \/><\/a>\n\t\t\t<\/div><\/figure><figure class='gallery-item'>\n\t\t\t<div class='gallery-icon landscape'>\n\t\t\t\t<a href='http:\/\/liceum-parczew.pl\/index.php\/2022\/05\/29\/zakonczenie-roku-klas-maturalnych\/279184680_376658571038758_1370587311459640698_n\/'><img loading=\"lazy\" decoding=\"async\" width=\"2560\" height=\"1707\" src=\"http:\/\/liceum-parczew.pl\/wp-content\/uploads\/2022\/05\/279184680_376658571038758_1370587311459640698_n-scaled.jpg\" class=\"attachment-full size-full\" alt=\"\" srcset=\"http:\/\/liceum-parczew.pl\/wp-content\/uploads\/2022\/05\/279184680_376658571038758_1370587311459640698_n-scaled.jpg 2560w, http:\/\/liceum-parczew.pl\/wp-content\/uploads\/2022\/05\/279184680_376658571038758_1370587311459640698_n-300x200.jpg 300w, http:\/\/liceum-parczew.pl\/wp-content\/uploads\/2022\/05\/279184680_376658571038758_1370587311459640698_n-1024x683.jpg 1024w, http:\/\/liceum-parczew.pl\/wp-content\/uploads\/2022\/05\/279184680_376658571038758_1370587311459640698_n-768x512.jpg 768w, http:\/\/liceum-parczew.pl\/wp-content\/uploads\/2022\/05\/279184680_376658571038758_1370587311459640698_n-1536x1024.jpg 1536w, http:\/\/liceum-parczew.pl\/wp-content\/uploads\/2022\/05\/279184680_376658571038758_1370587311459640698_n-2048x1365.jpg 2048w\" sizes=\"auto, (max-width: 2560px) 100vw, 2560px\" \/><\/a>\n\t\t\t<\/div><\/figure><figure class='gallery-item'>\n\t\t\t<div class='gallery-icon landscape'>\n\t\t\t\t<a href='http:\/\/liceum-parczew.pl\/index.php\/2022\/05\/29\/zakonczenie-roku-klas-maturalnych\/279191308_1043589476567336_3446720395774195766_n\/'><img loading=\"lazy\" decoding=\"async\" width=\"2560\" height=\"1707\" src=\"http:\/\/liceum-parczew.pl\/wp-content\/uploads\/2022\/05\/279191308_1043589476567336_3446720395774195766_n-scaled.jpg\" class=\"attachment-full size-full\" alt=\"\" srcset=\"http:\/\/liceum-parczew.pl\/wp-content\/uploads\/2022\/05\/279191308_1043589476567336_3446720395774195766_n-scaled.jpg 2560w, http:\/\/liceum-parczew.pl\/wp-content\/uploads\/2022\/05\/279191308_1043589476567336_3446720395774195766_n-300x200.jpg 300w, http:\/\/liceum-parczew.pl\/wp-content\/uploads\/2022\/05\/279191308_1043589476567336_3446720395774195766_n-1024x683.jpg 1024w, http:\/\/liceum-parczew.pl\/wp-content\/uploads\/2022\/05\/279191308_1043589476567336_3446720395774195766_n-768x512.jpg 768w, http:\/\/liceum-parczew.pl\/wp-content\/uploads\/2022\/05\/279191308_1043589476567336_3446720395774195766_n-1536x1024.jpg 1536w, http:\/\/liceum-parczew.pl\/wp-content\/uploads\/2022\/05\/279191308_1043589476567336_3446720395774195766_n-2048x1365.jpg 2048w\" sizes=\"auto, (max-width: 2560px) 100vw, 2560px\" \/><\/a>\n\t\t\t<\/div><\/figure><figure class='gallery-item'>\n\t\t\t<div class='gallery-icon landscape'>\n\t\t\t\t<a href='http:\/\/liceum-parczew.pl\/index.php\/2022\/05\/29\/zakonczenie-roku-klas-maturalnych\/279191873_940734339925699_2004531672296917216_n\/'><img loading=\"lazy\" decoding=\"async\" width=\"2560\" height=\"1707\" src=\"http:\/\/liceum-parczew.pl\/wp-content\/uploads\/2022\/05\/279191873_940734339925699_2004531672296917216_n-scaled.jpg\" class=\"attachment-full size-full\" alt=\"\" srcset=\"http:\/\/liceum-parczew.pl\/wp-content\/uploads\/2022\/05\/279191873_940734339925699_2004531672296917216_n-scaled.jpg 2560w, http:\/\/liceum-parczew.pl\/wp-content\/uploads\/2022\/05\/279191873_940734339925699_2004531672296917216_n-300x200.jpg 300w, http:\/\/liceum-parczew.pl\/wp-content\/uploads\/2022\/05\/279191873_940734339925699_2004531672296917216_n-1024x683.jpg 1024w, http:\/\/liceum-parczew.pl\/wp-content\/uploads\/2022\/05\/279191873_940734339925699_2004531672296917216_n-768x512.jpg 768w, http:\/\/liceum-parczew.pl\/wp-content\/uploads\/2022\/05\/279191873_940734339925699_2004531672296917216_n-1536x1024.jpg 1536w, http:\/\/liceum-parczew.pl\/wp-content\/uploads\/2022\/05\/279191873_940734339925699_2004531672296917216_n-2048x1365.jpg 2048w\" sizes=\"auto, (max-width: 2560px) 100vw, 2560px\" \/><\/a>\n\t\t\t<\/div><\/figure><figure class='gallery-item'>\n\t\t\t<div class='gallery-icon landscape'>\n\t\t\t\t<a href='http:\/\/liceum-parczew.pl\/index.php\/2022\/05\/29\/zakonczenie-roku-klas-maturalnych\/279235783_1094529061126470_2452619284664466310_n\/'><img loading=\"lazy\" decoding=\"async\" width=\"2560\" height=\"1707\" src=\"http:\/\/liceum-parczew.pl\/wp-content\/uploads\/2022\/05\/279235783_1094529061126470_2452619284664466310_n-scaled.jpg\" class=\"attachment-full size-full\" alt=\"\" srcset=\"http:\/\/liceum-parczew.pl\/wp-content\/uploads\/2022\/05\/279235783_1094529061126470_2452619284664466310_n-scaled.jpg 2560w, http:\/\/liceum-parczew.pl\/wp-content\/uploads\/2022\/05\/279235783_1094529061126470_2452619284664466310_n-300x200.jpg 300w, http:\/\/liceum-parczew.pl\/wp-content\/uploads\/2022\/05\/279235783_1094529061126470_2452619284664466310_n-1024x683.jpg 1024w, http:\/\/liceum-parczew.pl\/wp-content\/uploads\/2022\/05\/279235783_1094529061126470_2452619284664466310_n-768x512.jpg 768w, http:\/\/liceum-parczew.pl\/wp-content\/uploads\/2022\/05\/279235783_1094529061126470_2452619284664466310_n-1536x1024.jpg 1536w, http:\/\/liceum-parczew.pl\/wp-content\/uploads\/2022\/05\/279235783_1094529061126470_2452619284664466310_n-2048x1365.jpg 2048w\" sizes=\"auto, (max-width: 2560px) 100vw, 2560px\" \/><\/a>\n\t\t\t<\/div><\/figure><figure class='gallery-item'>\n\t\t\t<div class='gallery-icon landscape'>\n\t\t\t\t<a href='http:\/\/liceum-parczew.pl\/index.php\/2022\/05\/29\/zakonczenie-roku-klas-maturalnych\/279269860_672246620523469_3791624513135797345_n\/'><img loading=\"lazy\" decoding=\"async\" width=\"2560\" height=\"1707\" src=\"http:\/\/liceum-parczew.pl\/wp-content\/uploads\/2022\/05\/279269860_672246620523469_3791624513135797345_n-scaled.jpg\" class=\"attachment-full size-full\" alt=\"\" srcset=\"http:\/\/liceum-parczew.pl\/wp-content\/uploads\/2022\/05\/279269860_672246620523469_3791624513135797345_n-scaled.jpg 2560w, http:\/\/liceum-parczew.pl\/wp-content\/uploads\/2022\/05\/279269860_672246620523469_3791624513135797345_n-300x200.jpg 300w, http:\/\/liceum-parczew.pl\/wp-content\/uploads\/2022\/05\/279269860_672246620523469_3791624513135797345_n-1024x683.jpg 1024w, http:\/\/liceum-parczew.pl\/wp-content\/uploads\/2022\/05\/279269860_672246620523469_3791624513135797345_n-768x512.jpg 768w, http:\/\/liceum-parczew.pl\/wp-content\/uploads\/2022\/05\/279269860_672246620523469_3791624513135797345_n-1536x1024.jpg 1536w, http:\/\/liceum-parczew.pl\/wp-content\/uploads\/2022\/05\/279269860_672246620523469_3791624513135797345_n-2048x1365.jpg 2048w\" sizes=\"auto, (max-width: 2560px) 100vw, 2560px\" \/><\/a>\n\t\t\t<\/div><\/figure><figure class='gallery-item'>\n\t\t\t<div class='gallery-icon landscape'>\n\t\t\t\t<a href='http:\/\/liceum-parczew.pl\/index.php\/2022\/05\/29\/zakonczenie-roku-klas-maturalnych\/279176180_366459501943544_891783436151331727_n\/'><img loading=\"lazy\" decoding=\"async\" width=\"2560\" height=\"1707\" src=\"http:\/\/liceum-parczew.pl\/wp-content\/uploads\/2022\/05\/279176180_366459501943544_891783436151331727_n-scaled.jpg\" class=\"attachment-full size-full\" alt=\"\" srcset=\"http:\/\/liceum-parczew.pl\/wp-content\/uploads\/2022\/05\/279176180_366459501943544_891783436151331727_n-scaled.jpg 2560w, http:\/\/liceum-parczew.pl\/wp-content\/uploads\/2022\/05\/279176180_366459501943544_891783436151331727_n-300x200.jpg 300w, http:\/\/liceum-parczew.pl\/wp-content\/uploads\/2022\/05\/279176180_366459501943544_891783436151331727_n-1024x683.jpg 1024w, http:\/\/liceum-parczew.pl\/wp-content\/uploads\/2022\/05\/279176180_366459501943544_891783436151331727_n-768x512.jpg 768w, http:\/\/liceum-parczew.pl\/wp-content\/uploads\/2022\/05\/279176180_366459501943544_891783436151331727_n-1536x1024.jpg 1536w, http:\/\/liceum-parczew.pl\/wp-content\/uploads\/2022\/05\/279176180_366459501943544_891783436151331727_n-2048x1365.jpg 2048w\" sizes=\"auto, (max-width: 2560px) 100vw, 2560px\" \/><\/a>\n\t\t\t<\/div><\/figure><figure class='gallery-item'>\n\t\t\t<div class='gallery-icon landscape'>\n\t\t\t\t<a href='http:\/\/liceum-parczew.pl\/index.php\/2022\/05\/29\/zakonczenie-roku-klas-maturalnych\/279170518_563674861754568_323312525122573407_n\/'><img loading=\"lazy\" decoding=\"async\" width=\"2560\" height=\"1707\" src=\"http:\/\/liceum-parczew.pl\/wp-content\/uploads\/2022\/05\/279170518_563674861754568_323312525122573407_n-scaled.jpg\" class=\"attachment-full size-full\" alt=\"\" srcset=\"http:\/\/liceum-parczew.pl\/wp-content\/uploads\/2022\/05\/279170518_563674861754568_323312525122573407_n-scaled.jpg 2560w, http:\/\/liceum-parczew.pl\/wp-content\/uploads\/2022\/05\/279170518_563674861754568_323312525122573407_n-300x200.jpg 300w, http:\/\/liceum-parczew.pl\/wp-content\/uploads\/2022\/05\/279170518_563674861754568_323312525122573407_n-1024x683.jpg 1024w, http:\/\/liceum-parczew.pl\/wp-content\/uploads\/2022\/05\/279170518_563674861754568_323312525122573407_n-768x512.jpg 768w, http:\/\/liceum-parczew.pl\/wp-content\/uploads\/2022\/05\/279170518_563674861754568_323312525122573407_n-1536x1024.jpg 1536w, http:\/\/liceum-parczew.pl\/wp-content\/uploads\/2022\/05\/279170518_563674861754568_323312525122573407_n-2048x1365.jpg 2048w\" sizes=\"auto, (max-width: 2560px) 100vw, 2560px\" \/><\/a>\n\t\t\t<\/div><\/figure><figure class='gallery-item'>\n\t\t\t<div class='gallery-icon landscape'>\n\t\t\t\t<a href='http:\/\/liceum-parczew.pl\/index.php\/2022\/05\/29\/zakonczenie-roku-klas-maturalnych\/279162489_370024161566400_9016668466095231765_n-2\/'><img loading=\"lazy\" decoding=\"async\" width=\"2560\" height=\"1707\" src=\"http:\/\/liceum-parczew.pl\/wp-content\/uploads\/2022\/05\/279162489_370024161566400_9016668466095231765_n-1-scaled.jpg\" class=\"attachment-full size-full\" alt=\"\" srcset=\"http:\/\/liceum-parczew.pl\/wp-content\/uploads\/2022\/05\/279162489_370024161566400_9016668466095231765_n-1-scaled.jpg 2560w, http:\/\/liceum-parczew.pl\/wp-content\/uploads\/2022\/05\/279162489_370024161566400_9016668466095231765_n-1-300x200.jpg 300w, http:\/\/liceum-parczew.pl\/wp-content\/uploads\/2022\/05\/279162489_370024161566400_9016668466095231765_n-1-1024x683.jpg 1024w, http:\/\/liceum-parczew.pl\/wp-content\/uploads\/2022\/05\/279162489_370024161566400_9016668466095231765_n-1-768x512.jpg 768w, http:\/\/liceum-parczew.pl\/wp-content\/uploads\/2022\/05\/279162489_370024161566400_9016668466095231765_n-1-1536x1024.jpg 1536w, http:\/\/liceum-parczew.pl\/wp-content\/uploads\/2022\/05\/279162489_370024161566400_9016668466095231765_n-1-2048x1365.jpg 2048w\" sizes=\"auto, (max-width: 2560px) 100vw, 2560px\" \/><\/a>\n\t\t\t<\/div><\/figure><figure class='gallery-item'>\n\t\t\t<div class='gallery-icon landscape'>\n\t\t\t\t<a href='http:\/\/liceum-parczew.pl\/index.php\/2022\/05\/29\/zakonczenie-roku-klas-maturalnych\/279158740_517095860141267_6903284958258123223_n-2\/'><img loading=\"lazy\" decoding=\"async\" width=\"2560\" height=\"1707\" src=\"http:\/\/liceum-parczew.pl\/wp-content\/uploads\/2022\/05\/279158740_517095860141267_6903284958258123223_n-1-scaled.jpg\" class=\"attachment-full size-full\" alt=\"\" srcset=\"http:\/\/liceum-parczew.pl\/wp-content\/uploads\/2022\/05\/279158740_517095860141267_6903284958258123223_n-1-scaled.jpg 2560w, http:\/\/liceum-parczew.pl\/wp-content\/uploads\/2022\/05\/279158740_517095860141267_6903284958258123223_n-1-300x200.jpg 300w, http:\/\/liceum-parczew.pl\/wp-content\/uploads\/2022\/05\/279158740_517095860141267_6903284958258123223_n-1-1024x683.jpg 1024w, http:\/\/liceum-parczew.pl\/wp-content\/uploads\/2022\/05\/279158740_517095860141267_6903284958258123223_n-1-768x512.jpg 768w, http:\/\/liceum-parczew.pl\/wp-content\/uploads\/2022\/05\/279158740_517095860141267_6903284958258123223_n-1-1536x1024.jpg 1536w, http:\/\/liceum-parczew.pl\/wp-content\/uploads\/2022\/05\/279158740_517095860141267_6903284958258123223_n-1-2048x1365.jpg 2048w\" sizes=\"auto, (max-width: 2560px) 100vw, 2560px\" \/><\/a>\n\t\t\t<\/div><\/figure><figure class='gallery-item'>\n\t\t\t<div class='gallery-icon landscape'>\n\t\t\t\t<a href='http:\/\/liceum-parczew.pl\/index.php\/2022\/05\/29\/zakonczenie-roku-klas-maturalnych\/279154207_518261779704018_6801575612900390558_n-2\/'><img loading=\"lazy\" decoding=\"async\" width=\"2560\" height=\"1707\" src=\"http:\/\/liceum-parczew.pl\/wp-content\/uploads\/2022\/05\/279154207_518261779704018_6801575612900390558_n-1-scaled.jpg\" class=\"attachment-full size-full\" alt=\"\" srcset=\"http:\/\/liceum-parczew.pl\/wp-content\/uploads\/2022\/05\/279154207_518261779704018_6801575612900390558_n-1-scaled.jpg 2560w, http:\/\/liceum-parczew.pl\/wp-content\/uploads\/2022\/05\/279154207_518261779704018_6801575612900390558_n-1-300x200.jpg 300w, http:\/\/liceum-parczew.pl\/wp-content\/uploads\/2022\/05\/279154207_518261779704018_6801575612900390558_n-1-1024x683.jpg 1024w, http:\/\/liceum-parczew.pl\/wp-content\/uploads\/2022\/05\/279154207_518261779704018_6801575612900390558_n-1-768x512.jpg 768w, http:\/\/liceum-parczew.pl\/wp-content\/uploads\/2022\/05\/279154207_518261779704018_6801575612900390558_n-1-1536x1024.jpg 1536w, http:\/\/liceum-parczew.pl\/wp-content\/uploads\/2022\/05\/279154207_518261779704018_6801575612900390558_n-1-2048x1365.jpg 2048w\" sizes=\"auto, (max-width: 2560px) 100vw, 2560px\" \/><\/a>\n\t\t\t<\/div><\/figure><figure class='gallery-item'>\n\t\t\t<div class='gallery-icon landscape'>\n\t\t\t\t<a href='http:\/\/liceum-parczew.pl\/index.php\/2022\/05\/29\/zakonczenie-roku-klas-maturalnych\/279143624_408110094485923_280889470368175495_n-2\/'><img loading=\"lazy\" decoding=\"async\" width=\"2560\" height=\"1707\" src=\"http:\/\/liceum-parczew.pl\/wp-content\/uploads\/2022\/05\/279143624_408110094485923_280889470368175495_n-1-scaled.jpg\" class=\"attachment-full size-full\" alt=\"\" srcset=\"http:\/\/liceum-parczew.pl\/wp-content\/uploads\/2022\/05\/279143624_408110094485923_280889470368175495_n-1-scaled.jpg 2560w, http:\/\/liceum-parczew.pl\/wp-content\/uploads\/2022\/05\/279143624_408110094485923_280889470368175495_n-1-300x200.jpg 300w, http:\/\/liceum-parczew.pl\/wp-content\/uploads\/2022\/05\/279143624_408110094485923_280889470368175495_n-1-1024x683.jpg 1024w, http:\/\/liceum-parczew.pl\/wp-content\/uploads\/2022\/05\/279143624_408110094485923_280889470368175495_n-1-768x512.jpg 768w, http:\/\/liceum-parczew.pl\/wp-content\/uploads\/2022\/05\/279143624_408110094485923_280889470368175495_n-1-1536x1024.jpg 1536w, http:\/\/liceum-parczew.pl\/wp-content\/uploads\/2022\/05\/279143624_408110094485923_280889470368175495_n-1-2048x1365.jpg 2048w\" sizes=\"auto, (max-width: 2560px) 100vw, 2560px\" \/><\/a>\n\t\t\t<\/div><\/figure><figure class='gallery-item'>\n\t\t\t<div class='gallery-icon landscape'>\n\t\t\t\t<a href='http:\/\/liceum-parczew.pl\/index.php\/2022\/05\/29\/zakonczenie-roku-klas-maturalnych\/279133961_1714258558922479_4208879396462199709_n-2\/'><img loading=\"lazy\" decoding=\"async\" width=\"2560\" height=\"1707\" src=\"http:\/\/liceum-parczew.pl\/wp-content\/uploads\/2022\/05\/279133961_1714258558922479_4208879396462199709_n-1-scaled.jpg\" class=\"attachment-full size-full\" alt=\"\" srcset=\"http:\/\/liceum-parczew.pl\/wp-content\/uploads\/2022\/05\/279133961_1714258558922479_4208879396462199709_n-1-scaled.jpg 2560w, http:\/\/liceum-parczew.pl\/wp-content\/uploads\/2022\/05\/279133961_1714258558922479_4208879396462199709_n-1-300x200.jpg 300w, http:\/\/liceum-parczew.pl\/wp-content\/uploads\/2022\/05\/279133961_1714258558922479_4208879396462199709_n-1-1024x683.jpg 1024w, http:\/\/liceum-parczew.pl\/wp-content\/uploads\/2022\/05\/279133961_1714258558922479_4208879396462199709_n-1-768x512.jpg 768w, http:\/\/liceum-parczew.pl\/wp-content\/uploads\/2022\/05\/279133961_1714258558922479_4208879396462199709_n-1-1536x1024.jpg 1536w, http:\/\/liceum-parczew.pl\/wp-content\/uploads\/2022\/05\/279133961_1714258558922479_4208879396462199709_n-1-2048x1365.jpg 2048w\" sizes=\"auto, (max-width: 2560px) 100vw, 2560px\" \/><\/a>\n\t\t\t<\/div><\/figure><figure class='gallery-item'>\n\t\t\t<div class='gallery-icon landscape'>\n\t\t\t\t<a href='http:\/\/liceum-parczew.pl\/index.php\/2022\/05\/29\/zakonczenie-roku-klas-maturalnych\/279136861_1863103733875592_5661311296886053027_n-2\/'><img loading=\"lazy\" decoding=\"async\" width=\"2560\" height=\"1707\" src=\"http:\/\/liceum-parczew.pl\/wp-content\/uploads\/2022\/05\/279136861_1863103733875592_5661311296886053027_n-1-scaled.jpg\" class=\"attachment-full size-full\" alt=\"\" srcset=\"http:\/\/liceum-parczew.pl\/wp-content\/uploads\/2022\/05\/279136861_1863103733875592_5661311296886053027_n-1-scaled.jpg 2560w, http:\/\/liceum-parczew.pl\/wp-content\/uploads\/2022\/05\/279136861_1863103733875592_5661311296886053027_n-1-300x200.jpg 300w, http:\/\/liceum-parczew.pl\/wp-content\/uploads\/2022\/05\/279136861_1863103733875592_5661311296886053027_n-1-1024x683.jpg 1024w, http:\/\/liceum-parczew.pl\/wp-content\/uploads\/2022\/05\/279136861_1863103733875592_5661311296886053027_n-1-768x512.jpg 768w, http:\/\/liceum-parczew.pl\/wp-content\/uploads\/2022\/05\/279136861_1863103733875592_5661311296886053027_n-1-1536x1024.jpg 1536w, http:\/\/liceum-parczew.pl\/wp-content\/uploads\/2022\/05\/279136861_1863103733875592_5661311296886053027_n-1-2048x1365.jpg 2048w\" sizes=\"auto, (max-width: 2560px) 100vw, 2560px\" \/><\/a>\n\t\t\t<\/div><\/figure><figure class='gallery-item'>\n\t\t\t<div class='gallery-icon landscape'>\n\t\t\t\t<a href='http:\/\/liceum-parczew.pl\/index.php\/2022\/05\/29\/zakonczenie-roku-klas-maturalnych\/279137542_2456993001104916_6855938455867305188_n-2\/'><img loading=\"lazy\" decoding=\"async\" width=\"2560\" height=\"1707\" src=\"http:\/\/liceum-parczew.pl\/wp-content\/uploads\/2022\/05\/279137542_2456993001104916_6855938455867305188_n-1-scaled.jpg\" class=\"attachment-full size-full\" alt=\"\" srcset=\"http:\/\/liceum-parczew.pl\/wp-content\/uploads\/2022\/05\/279137542_2456993001104916_6855938455867305188_n-1-scaled.jpg 2560w, http:\/\/liceum-parczew.pl\/wp-content\/uploads\/2022\/05\/279137542_2456993001104916_6855938455867305188_n-1-300x200.jpg 300w, http:\/\/liceum-parczew.pl\/wp-content\/uploads\/2022\/05\/279137542_2456993001104916_6855938455867305188_n-1-1024x683.jpg 1024w, http:\/\/liceum-parczew.pl\/wp-content\/uploads\/2022\/05\/279137542_2456993001104916_6855938455867305188_n-1-768x512.jpg 768w, http:\/\/liceum-parczew.pl\/wp-content\/uploads\/2022\/05\/279137542_2456993001104916_6855938455867305188_n-1-1536x1024.jpg 1536w, http:\/\/liceum-parczew.pl\/wp-content\/uploads\/2022\/05\/279137542_2456993001104916_6855938455867305188_n-1-2048x1365.jpg 2048w\" sizes=\"auto, (max-width: 2560px) 100vw, 2560px\" \/><\/a>\n\t\t\t<\/div><\/figure><figure class='gallery-item'>\n\t\t\t<div class='gallery-icon landscape'>\n\t\t\t\t<a href='http:\/\/liceum-parczew.pl\/index.php\/2022\/05\/29\/zakonczenie-roku-klas-maturalnych\/279140955_1092909204592688_5997040073598656857_n-2\/'><img loading=\"lazy\" decoding=\"async\" width=\"2560\" height=\"1707\" src=\"http:\/\/liceum-parczew.pl\/wp-content\/uploads\/2022\/05\/279140955_1092909204592688_5997040073598656857_n-1-scaled.jpg\" class=\"attachment-full size-full\" alt=\"\" srcset=\"http:\/\/liceum-parczew.pl\/wp-content\/uploads\/2022\/05\/279140955_1092909204592688_5997040073598656857_n-1-scaled.jpg 2560w, http:\/\/liceum-parczew.pl\/wp-content\/uploads\/2022\/05\/279140955_1092909204592688_5997040073598656857_n-1-300x200.jpg 300w, http:\/\/liceum-parczew.pl\/wp-content\/uploads\/2022\/05\/279140955_1092909204592688_5997040073598656857_n-1-1024x683.jpg 1024w, http:\/\/liceum-parczew.pl\/wp-content\/uploads\/2022\/05\/279140955_1092909204592688_5997040073598656857_n-1-768x512.jpg 768w, http:\/\/liceum-parczew.pl\/wp-content\/uploads\/2022\/05\/279140955_1092909204592688_5997040073598656857_n-1-1536x1024.jpg 1536w, http:\/\/liceum-parczew.pl\/wp-content\/uploads\/2022\/05\/279140955_1092909204592688_5997040073598656857_n-1-2048x1365.jpg 2048w\" sizes=\"auto, (max-width: 2560px) 100vw, 2560px\" \/><\/a>\n\t\t\t<\/div><\/figure><figure class='gallery-item'>\n\t\t\t<div class='gallery-icon landscape'>\n\t\t\t\t<a href='http:\/\/liceum-parczew.pl\/index.php\/2022\/05\/29\/zakonczenie-roku-klas-maturalnych\/279141692_364693432368364_8785682513738787899_n-3\/'><img loading=\"lazy\" decoding=\"async\" width=\"2560\" height=\"1707\" src=\"http:\/\/liceum-parczew.pl\/wp-content\/uploads\/2022\/05\/279141692_364693432368364_8785682513738787899_n-2-scaled.jpg\" class=\"attachment-full size-full\" alt=\"\" srcset=\"http:\/\/liceum-parczew.pl\/wp-content\/uploads\/2022\/05\/279141692_364693432368364_8785682513738787899_n-2-scaled.jpg 2560w, http:\/\/liceum-parczew.pl\/wp-content\/uploads\/2022\/05\/279141692_364693432368364_8785682513738787899_n-2-300x200.jpg 300w, http:\/\/liceum-parczew.pl\/wp-content\/uploads\/2022\/05\/279141692_364693432368364_8785682513738787899_n-2-1024x683.jpg 1024w, http:\/\/liceum-parczew.pl\/wp-content\/uploads\/2022\/05\/279141692_364693432368364_8785682513738787899_n-2-768x512.jpg 768w, http:\/\/liceum-parczew.pl\/wp-content\/uploads\/2022\/05\/279141692_364693432368364_8785682513738787899_n-2-1536x1024.jpg 1536w, http:\/\/liceum-parczew.pl\/wp-content\/uploads\/2022\/05\/279141692_364693432368364_8785682513738787899_n-2-2048x1365.jpg 2048w\" sizes=\"auto, (max-width: 2560px) 100vw, 2560px\" \/><\/a>\n\t\t\t<\/div><\/figure><figure class='gallery-item'>\n\t\t\t<div class='gallery-icon landscape'>\n\t\t\t\t<a href='http:\/\/liceum-parczew.pl\/index.php\/2022\/05\/29\/zakonczenie-roku-klas-maturalnych\/279143562_552104113095877_1007383520301757755_n-2\/'><img loading=\"lazy\" decoding=\"async\" width=\"2560\" height=\"1707\" src=\"http:\/\/liceum-parczew.pl\/wp-content\/uploads\/2022\/05\/279143562_552104113095877_1007383520301757755_n-1-scaled.jpg\" class=\"attachment-full size-full\" alt=\"\" srcset=\"http:\/\/liceum-parczew.pl\/wp-content\/uploads\/2022\/05\/279143562_552104113095877_1007383520301757755_n-1-scaled.jpg 2560w, http:\/\/liceum-parczew.pl\/wp-content\/uploads\/2022\/05\/279143562_552104113095877_1007383520301757755_n-1-300x200.jpg 300w, http:\/\/liceum-parczew.pl\/wp-content\/uploads\/2022\/05\/279143562_552104113095877_1007383520301757755_n-1-1024x683.jpg 1024w, http:\/\/liceum-parczew.pl\/wp-content\/uploads\/2022\/05\/279143562_552104113095877_1007383520301757755_n-1-768x512.jpg 768w, http:\/\/liceum-parczew.pl\/wp-content\/uploads\/2022\/05\/279143562_552104113095877_1007383520301757755_n-1-1536x1024.jpg 1536w, http:\/\/liceum-parczew.pl\/wp-content\/uploads\/2022\/05\/279143562_552104113095877_1007383520301757755_n-1-2048x1365.jpg 2048w\" sizes=\"auto, (max-width: 2560px) 100vw, 2560px\" \/><\/a>\n\t\t\t<\/div><\/figure><figure class='gallery-item'>\n\t\t\t<div class='gallery-icon landscape'>\n\t\t\t\t<a href='http:\/\/liceum-parczew.pl\/index.php\/2022\/05\/29\/zakonczenie-roku-klas-maturalnych\/279129217_718387232632891_1886422531566243286_n-2\/'><img loading=\"lazy\" decoding=\"async\" width=\"2560\" height=\"1707\" src=\"http:\/\/liceum-parczew.pl\/wp-content\/uploads\/2022\/05\/279129217_718387232632891_1886422531566243286_n-1-scaled.jpg\" class=\"attachment-full size-full\" alt=\"\" srcset=\"http:\/\/liceum-parczew.pl\/wp-content\/uploads\/2022\/05\/279129217_718387232632891_1886422531566243286_n-1-scaled.jpg 2560w, http:\/\/liceum-parczew.pl\/wp-content\/uploads\/2022\/05\/279129217_718387232632891_1886422531566243286_n-1-300x200.jpg 300w, http:\/\/liceum-parczew.pl\/wp-content\/uploads\/2022\/05\/279129217_718387232632891_1886422531566243286_n-1-1024x683.jpg 1024w, http:\/\/liceum-parczew.pl\/wp-content\/uploads\/2022\/05\/279129217_718387232632891_1886422531566243286_n-1-768x512.jpg 768w, http:\/\/liceum-parczew.pl\/wp-content\/uploads\/2022\/05\/279129217_718387232632891_1886422531566243286_n-1-1536x1024.jpg 1536w, http:\/\/liceum-parczew.pl\/wp-content\/uploads\/2022\/05\/279129217_718387232632891_1886422531566243286_n-1-2048x1365.jpg 2048w\" sizes=\"auto, (max-width: 2560px) 100vw, 2560px\" \/><\/a>\n\t\t\t<\/div><\/figure><figure class='gallery-item'>\n\t\t\t<div class='gallery-icon landscape'>\n\t\t\t\t<a href='http:\/\/liceum-parczew.pl\/index.php\/2022\/05\/29\/zakonczenie-roku-klas-maturalnych\/279123080_499331785224386_2859504172752846805_n-3\/'><img loading=\"lazy\" decoding=\"async\" width=\"2560\" height=\"1707\" src=\"http:\/\/liceum-parczew.pl\/wp-content\/uploads\/2022\/05\/279123080_499331785224386_2859504172752846805_n-2-scaled.jpg\" class=\"attachment-full size-full\" alt=\"\" srcset=\"http:\/\/liceum-parczew.pl\/wp-content\/uploads\/2022\/05\/279123080_499331785224386_2859504172752846805_n-2-scaled.jpg 2560w, http:\/\/liceum-parczew.pl\/wp-content\/uploads\/2022\/05\/279123080_499331785224386_2859504172752846805_n-2-300x200.jpg 300w, http:\/\/liceum-parczew.pl\/wp-content\/uploads\/2022\/05\/279123080_499331785224386_2859504172752846805_n-2-1024x683.jpg 1024w, http:\/\/liceum-parczew.pl\/wp-content\/uploads\/2022\/05\/279123080_499331785224386_2859504172752846805_n-2-768x512.jpg 768w, http:\/\/liceum-parczew.pl\/wp-content\/uploads\/2022\/05\/279123080_499331785224386_2859504172752846805_n-2-1536x1024.jpg 1536w, http:\/\/liceum-parczew.pl\/wp-content\/uploads\/2022\/05\/279123080_499331785224386_2859504172752846805_n-2-2048x1365.jpg 2048w\" sizes=\"auto, (max-width: 2560px) 100vw, 2560px\" \/><\/a>\n\t\t\t<\/div><\/figure><figure class='gallery-item'>\n\t\t\t<div class='gallery-icon landscape'>\n\t\t\t\t<a href='http:\/\/liceum-parczew.pl\/index.php\/2022\/05\/29\/zakonczenie-roku-klas-maturalnych\/279122251_740440356958144_2199501535347862186_n-2\/'><img loading=\"lazy\" decoding=\"async\" width=\"2560\" height=\"1707\" src=\"http:\/\/liceum-parczew.pl\/wp-content\/uploads\/2022\/05\/279122251_740440356958144_2199501535347862186_n-1-scaled.jpg\" class=\"attachment-full size-full\" alt=\"\" srcset=\"http:\/\/liceum-parczew.pl\/wp-content\/uploads\/2022\/05\/279122251_740440356958144_2199501535347862186_n-1-scaled.jpg 2560w, http:\/\/liceum-parczew.pl\/wp-content\/uploads\/2022\/05\/279122251_740440356958144_2199501535347862186_n-1-300x200.jpg 300w, http:\/\/liceum-parczew.pl\/wp-content\/uploads\/2022\/05\/279122251_740440356958144_2199501535347862186_n-1-1024x683.jpg 1024w, http:\/\/liceum-parczew.pl\/wp-content\/uploads\/2022\/05\/279122251_740440356958144_2199501535347862186_n-1-768x512.jpg 768w, http:\/\/liceum-parczew.pl\/wp-content\/uploads\/2022\/05\/279122251_740440356958144_2199501535347862186_n-1-1536x1024.jpg 1536w, http:\/\/liceum-parczew.pl\/wp-content\/uploads\/2022\/05\/279122251_740440356958144_2199501535347862186_n-1-2048x1365.jpg 2048w\" sizes=\"auto, (max-width: 2560px) 100vw, 2560px\" \/><\/a>\n\t\t\t<\/div><\/figure><figure class='gallery-item'>\n\t\t\t<div class='gallery-icon landscape'>\n\t\t\t\t<a href='http:\/\/liceum-parczew.pl\/index.php\/2022\/05\/29\/zakonczenie-roku-klas-maturalnych\/278984210_1421222265002168_5047664999201545232_n-2\/'><img loading=\"lazy\" decoding=\"async\" width=\"2560\" height=\"1707\" src=\"http:\/\/liceum-parczew.pl\/wp-content\/uploads\/2022\/05\/278984210_1421222265002168_5047664999201545232_n-1-scaled.jpg\" class=\"attachment-full size-full\" alt=\"\" srcset=\"http:\/\/liceum-parczew.pl\/wp-content\/uploads\/2022\/05\/278984210_1421222265002168_5047664999201545232_n-1-scaled.jpg 2560w, http:\/\/liceum-parczew.pl\/wp-content\/uploads\/2022\/05\/278984210_1421222265002168_5047664999201545232_n-1-300x200.jpg 300w, http:\/\/liceum-parczew.pl\/wp-content\/uploads\/2022\/05\/278984210_1421222265002168_5047664999201545232_n-1-1024x683.jpg 1024w, http:\/\/liceum-parczew.pl\/wp-content\/uploads\/2022\/05\/278984210_1421222265002168_5047664999201545232_n-1-768x512.jpg 768w, http:\/\/liceum-parczew.pl\/wp-content\/uploads\/2022\/05\/278984210_1421222265002168_5047664999201545232_n-1-1536x1024.jpg 1536w, http:\/\/liceum-parczew.pl\/wp-content\/uploads\/2022\/05\/278984210_1421222265002168_5047664999201545232_n-1-2048x1365.jpg 2048w\" sizes=\"auto, (max-width: 2560px) 100vw, 2560px\" \/><\/a>\n\t\t\t<\/div><\/figure><figure class='gallery-item'>\n\t\t\t<div class='gallery-icon landscape'>\n\t\t\t\t<a href='http:\/\/liceum-parczew.pl\/index.php\/2022\/05\/29\/zakonczenie-roku-klas-maturalnych\/279162489_370024161566400_9016668466095231765_n\/'><img loading=\"lazy\" decoding=\"async\" width=\"2560\" height=\"1707\" src=\"http:\/\/liceum-parczew.pl\/wp-content\/uploads\/2022\/05\/279162489_370024161566400_9016668466095231765_n-scaled.jpg\" class=\"attachment-full size-full\" alt=\"\" srcset=\"http:\/\/liceum-parczew.pl\/wp-content\/uploads\/2022\/05\/279162489_370024161566400_9016668466095231765_n-scaled.jpg 2560w, http:\/\/liceum-parczew.pl\/wp-content\/uploads\/2022\/05\/279162489_370024161566400_9016668466095231765_n-300x200.jpg 300w, http:\/\/liceum-parczew.pl\/wp-content\/uploads\/2022\/05\/279162489_370024161566400_9016668466095231765_n-1024x683.jpg 1024w, http:\/\/liceum-parczew.pl\/wp-content\/uploads\/2022\/05\/279162489_370024161566400_9016668466095231765_n-768x512.jpg 768w, http:\/\/liceum-parczew.pl\/wp-content\/uploads\/2022\/05\/279162489_370024161566400_9016668466095231765_n-1536x1024.jpg 1536w, http:\/\/liceum-parczew.pl\/wp-content\/uploads\/2022\/05\/279162489_370024161566400_9016668466095231765_n-2048x1365.jpg 2048w\" sizes=\"auto, (max-width: 2560px) 100vw, 2560px\" \/><\/a>\n\t\t\t<\/div><\/figure><figure class='gallery-item'>\n\t\t\t<div class='gallery-icon landscape'>\n\t\t\t\t<a href='http:\/\/liceum-parczew.pl\/index.php\/2022\/05\/29\/zakonczenie-roku-klas-maturalnych\/279158740_517095860141267_6903284958258123223_n\/'><img loading=\"lazy\" decoding=\"async\" width=\"2560\" height=\"1707\" src=\"http:\/\/liceum-parczew.pl\/wp-content\/uploads\/2022\/05\/279158740_517095860141267_6903284958258123223_n-scaled.jpg\" class=\"attachment-full size-full\" alt=\"\" srcset=\"http:\/\/liceum-parczew.pl\/wp-content\/uploads\/2022\/05\/279158740_517095860141267_6903284958258123223_n-scaled.jpg 2560w, http:\/\/liceum-parczew.pl\/wp-content\/uploads\/2022\/05\/279158740_517095860141267_6903284958258123223_n-300x200.jpg 300w, http:\/\/liceum-parczew.pl\/wp-content\/uploads\/2022\/05\/279158740_517095860141267_6903284958258123223_n-1024x683.jpg 1024w, http:\/\/liceum-parczew.pl\/wp-content\/uploads\/2022\/05\/279158740_517095860141267_6903284958258123223_n-768x512.jpg 768w, http:\/\/liceum-parczew.pl\/wp-content\/uploads\/2022\/05\/279158740_517095860141267_6903284958258123223_n-1536x1024.jpg 1536w, http:\/\/liceum-parczew.pl\/wp-content\/uploads\/2022\/05\/279158740_517095860141267_6903284958258123223_n-2048x1365.jpg 2048w\" sizes=\"auto, (max-width: 2560px) 100vw, 2560px\" \/><\/a>\n\t\t\t<\/div><\/figure><figure class='gallery-item'>\n\t\t\t<div class='gallery-icon landscape'>\n\t\t\t\t<a href='http:\/\/liceum-parczew.pl\/index.php\/2022\/05\/29\/zakonczenie-roku-klas-maturalnych\/279137542_2456993001104916_6855938455867305188_n\/'><img loading=\"lazy\" decoding=\"async\" width=\"2560\" height=\"1707\" src=\"http:\/\/liceum-parczew.pl\/wp-content\/uploads\/2022\/05\/279137542_2456993001104916_6855938455867305188_n-scaled.jpg\" class=\"attachment-full size-full\" alt=\"\" srcset=\"http:\/\/liceum-parczew.pl\/wp-content\/uploads\/2022\/05\/279137542_2456993001104916_6855938455867305188_n-scaled.jpg 2560w, http:\/\/liceum-parczew.pl\/wp-content\/uploads\/2022\/05\/279137542_2456993001104916_6855938455867305188_n-300x200.jpg 300w, http:\/\/liceum-parczew.pl\/wp-content\/uploads\/2022\/05\/279137542_2456993001104916_6855938455867305188_n-1024x683.jpg 1024w, http:\/\/liceum-parczew.pl\/wp-content\/uploads\/2022\/05\/279137542_2456993001104916_6855938455867305188_n-768x512.jpg 768w, http:\/\/liceum-parczew.pl\/wp-content\/uploads\/2022\/05\/279137542_2456993001104916_6855938455867305188_n-1536x1024.jpg 1536w, http:\/\/liceum-parczew.pl\/wp-content\/uploads\/2022\/05\/279137542_2456993001104916_6855938455867305188_n-2048x1365.jpg 2048w\" sizes=\"auto, (max-width: 2560px) 100vw, 2560px\" \/><\/a>\n\t\t\t<\/div><\/figure><figure class='gallery-item'>\n\t\t\t<div class='gallery-icon landscape'>\n\t\t\t\t<a href='http:\/\/liceum-parczew.pl\/index.php\/2022\/05\/29\/zakonczenie-roku-klas-maturalnych\/279140955_1092909204592688_5997040073598656857_n\/'><img loading=\"lazy\" decoding=\"async\" width=\"2560\" height=\"1707\" src=\"http:\/\/liceum-parczew.pl\/wp-content\/uploads\/2022\/05\/279140955_1092909204592688_5997040073598656857_n-scaled.jpg\" class=\"attachment-full size-full\" alt=\"\" srcset=\"http:\/\/liceum-parczew.pl\/wp-content\/uploads\/2022\/05\/279140955_1092909204592688_5997040073598656857_n-scaled.jpg 2560w, http:\/\/liceum-parczew.pl\/wp-content\/uploads\/2022\/05\/279140955_1092909204592688_5997040073598656857_n-300x200.jpg 300w, http:\/\/liceum-parczew.pl\/wp-content\/uploads\/2022\/05\/279140955_1092909204592688_5997040073598656857_n-1024x683.jpg 1024w, http:\/\/liceum-parczew.pl\/wp-content\/uploads\/2022\/05\/279140955_1092909204592688_5997040073598656857_n-768x512.jpg 768w, http:\/\/liceum-parczew.pl\/wp-content\/uploads\/2022\/05\/279140955_1092909204592688_5997040073598656857_n-1536x1024.jpg 1536w, http:\/\/liceum-parczew.pl\/wp-content\/uploads\/2022\/05\/279140955_1092909204592688_5997040073598656857_n-2048x1365.jpg 2048w\" sizes=\"auto, (max-width: 2560px) 100vw, 2560px\" \/><\/a>\n\t\t\t<\/div><\/figure><figure class='gallery-item'>\n\t\t\t<div class='gallery-icon landscape'>\n\t\t\t\t<a href='http:\/\/liceum-parczew.pl\/index.php\/2022\/05\/29\/zakonczenie-roku-klas-maturalnych\/279141692_364693432368364_8785682513738787899_n-2\/'><img loading=\"lazy\" decoding=\"async\" width=\"2560\" height=\"1707\" src=\"http:\/\/liceum-parczew.pl\/wp-content\/uploads\/2022\/05\/279141692_364693432368364_8785682513738787899_n-1-scaled.jpg\" class=\"attachment-full size-full\" alt=\"\" srcset=\"http:\/\/liceum-parczew.pl\/wp-content\/uploads\/2022\/05\/279141692_364693432368364_8785682513738787899_n-1-scaled.jpg 2560w, http:\/\/liceum-parczew.pl\/wp-content\/uploads\/2022\/05\/279141692_364693432368364_8785682513738787899_n-1-300x200.jpg 300w, http:\/\/liceum-parczew.pl\/wp-content\/uploads\/2022\/05\/279141692_364693432368364_8785682513738787899_n-1-1024x683.jpg 1024w, http:\/\/liceum-parczew.pl\/wp-content\/uploads\/2022\/05\/279141692_364693432368364_8785682513738787899_n-1-768x512.jpg 768w, http:\/\/liceum-parczew.pl\/wp-content\/uploads\/2022\/05\/279141692_364693432368364_8785682513738787899_n-1-1536x1024.jpg 1536w, http:\/\/liceum-parczew.pl\/wp-content\/uploads\/2022\/05\/279141692_364693432368364_8785682513738787899_n-1-2048x1365.jpg 2048w\" sizes=\"auto, (max-width: 2560px) 100vw, 2560px\" \/><\/a>\n\t\t\t<\/div><\/figure><figure class='gallery-item'>\n\t\t\t<div class='gallery-icon landscape'>\n\t\t\t\t<a href='http:\/\/liceum-parczew.pl\/index.php\/2022\/05\/29\/zakonczenie-roku-klas-maturalnych\/279143562_552104113095877_1007383520301757755_n\/'><img loading=\"lazy\" decoding=\"async\" width=\"2560\" height=\"1707\" src=\"http:\/\/liceum-parczew.pl\/wp-content\/uploads\/2022\/05\/279143562_552104113095877_1007383520301757755_n-scaled.jpg\" class=\"attachment-full size-full\" alt=\"\" srcset=\"http:\/\/liceum-parczew.pl\/wp-content\/uploads\/2022\/05\/279143562_552104113095877_1007383520301757755_n-scaled.jpg 2560w, http:\/\/liceum-parczew.pl\/wp-content\/uploads\/2022\/05\/279143562_552104113095877_1007383520301757755_n-300x200.jpg 300w, http:\/\/liceum-parczew.pl\/wp-content\/uploads\/2022\/05\/279143562_552104113095877_1007383520301757755_n-1024x683.jpg 1024w, http:\/\/liceum-parczew.pl\/wp-content\/uploads\/2022\/05\/279143562_552104113095877_1007383520301757755_n-768x512.jpg 768w, http:\/\/liceum-parczew.pl\/wp-content\/uploads\/2022\/05\/279143562_552104113095877_1007383520301757755_n-1536x1024.jpg 1536w, http:\/\/liceum-parczew.pl\/wp-content\/uploads\/2022\/05\/279143562_552104113095877_1007383520301757755_n-2048x1365.jpg 2048w\" sizes=\"auto, (max-width: 2560px) 100vw, 2560px\" \/><\/a>\n\t\t\t<\/div><\/figure><figure class='gallery-item'>\n\t\t\t<div class='gallery-icon landscape'>\n\t\t\t\t<a href='http:\/\/liceum-parczew.pl\/index.php\/2022\/05\/29\/zakonczenie-roku-klas-maturalnych\/279143624_408110094485923_280889470368175495_n\/'><img loading=\"lazy\" decoding=\"async\" width=\"2560\" height=\"1707\" src=\"http:\/\/liceum-parczew.pl\/wp-content\/uploads\/2022\/05\/279143624_408110094485923_280889470368175495_n-scaled.jpg\" class=\"attachment-full size-full\" alt=\"\" srcset=\"http:\/\/liceum-parczew.pl\/wp-content\/uploads\/2022\/05\/279143624_408110094485923_280889470368175495_n-scaled.jpg 2560w, http:\/\/liceum-parczew.pl\/wp-content\/uploads\/2022\/05\/279143624_408110094485923_280889470368175495_n-300x200.jpg 300w, http:\/\/liceum-parczew.pl\/wp-content\/uploads\/2022\/05\/279143624_408110094485923_280889470368175495_n-1024x683.jpg 1024w, http:\/\/liceum-parczew.pl\/wp-content\/uploads\/2022\/05\/279143624_408110094485923_280889470368175495_n-768x512.jpg 768w, http:\/\/liceum-parczew.pl\/wp-content\/uploads\/2022\/05\/279143624_408110094485923_280889470368175495_n-1536x1024.jpg 1536w, http:\/\/liceum-parczew.pl\/wp-content\/uploads\/2022\/05\/279143624_408110094485923_280889470368175495_n-2048x1365.jpg 2048w\" sizes=\"auto, (max-width: 2560px) 100vw, 2560px\" \/><\/a>\n\t\t\t<\/div><\/figure><figure class='gallery-item'>\n\t\t\t<div class='gallery-icon landscape'>\n\t\t\t\t<a href='http:\/\/liceum-parczew.pl\/index.php\/2022\/05\/29\/zakonczenie-roku-klas-maturalnych\/279154207_518261779704018_6801575612900390558_n\/'><img loading=\"lazy\" decoding=\"async\" width=\"2560\" height=\"1707\" src=\"http:\/\/liceum-parczew.pl\/wp-content\/uploads\/2022\/05\/279154207_518261779704018_6801575612900390558_n-scaled.jpg\" class=\"attachment-full size-full\" alt=\"\" srcset=\"http:\/\/liceum-parczew.pl\/wp-content\/uploads\/2022\/05\/279154207_518261779704018_6801575612900390558_n-scaled.jpg 2560w, http:\/\/liceum-parczew.pl\/wp-content\/uploads\/2022\/05\/279154207_518261779704018_6801575612900390558_n-300x200.jpg 300w, http:\/\/liceum-parczew.pl\/wp-content\/uploads\/2022\/05\/279154207_518261779704018_6801575612900390558_n-1024x683.jpg 1024w, http:\/\/liceum-parczew.pl\/wp-content\/uploads\/2022\/05\/279154207_518261779704018_6801575612900390558_n-768x512.jpg 768w, http:\/\/liceum-parczew.pl\/wp-content\/uploads\/2022\/05\/279154207_518261779704018_6801575612900390558_n-1536x1024.jpg 1536w, http:\/\/liceum-parczew.pl\/wp-content\/uploads\/2022\/05\/279154207_518261779704018_6801575612900390558_n-2048x1365.jpg 2048w\" sizes=\"auto, (max-width: 2560px) 100vw, 2560px\" \/><\/a>\n\t\t\t<\/div><\/figure><figure class='gallery-item'>\n\t\t\t<div class='gallery-icon landscape'>\n\t\t\t\t<a href='http:\/\/liceum-parczew.pl\/index.php\/2022\/05\/29\/zakonczenie-roku-klas-maturalnych\/279136861_1863103733875592_5661311296886053027_n\/'><img loading=\"lazy\" decoding=\"async\" width=\"2560\" height=\"1707\" src=\"http:\/\/liceum-parczew.pl\/wp-content\/uploads\/2022\/05\/279136861_1863103733875592_5661311296886053027_n-scaled.jpg\" class=\"attachment-full size-full\" alt=\"\" srcset=\"http:\/\/liceum-parczew.pl\/wp-content\/uploads\/2022\/05\/279136861_1863103733875592_5661311296886053027_n-scaled.jpg 2560w, http:\/\/liceum-parczew.pl\/wp-content\/uploads\/2022\/05\/279136861_1863103733875592_5661311296886053027_n-300x200.jpg 300w, http:\/\/liceum-parczew.pl\/wp-content\/uploads\/2022\/05\/279136861_1863103733875592_5661311296886053027_n-1024x683.jpg 1024w, http:\/\/liceum-parczew.pl\/wp-content\/uploads\/2022\/05\/279136861_1863103733875592_5661311296886053027_n-768x512.jpg 768w, http:\/\/liceum-parczew.pl\/wp-content\/uploads\/2022\/05\/279136861_1863103733875592_5661311296886053027_n-1536x1024.jpg 1536w, http:\/\/liceum-parczew.pl\/wp-content\/uploads\/2022\/05\/279136861_1863103733875592_5661311296886053027_n-2048x1365.jpg 2048w\" sizes=\"auto, (max-width: 2560px) 100vw, 2560px\" \/><\/a>\n\t\t\t<\/div><\/figure><figure class='gallery-item'>\n\t\t\t<div class='gallery-icon landscape'>\n\t\t\t\t<a href='http:\/\/liceum-parczew.pl\/index.php\/2022\/05\/29\/zakonczenie-roku-klas-maturalnych\/279133961_1714258558922479_4208879396462199709_n\/'><img loading=\"lazy\" decoding=\"async\" width=\"2560\" height=\"1707\" src=\"http:\/\/liceum-parczew.pl\/wp-content\/uploads\/2022\/05\/279133961_1714258558922479_4208879396462199709_n-scaled.jpg\" class=\"attachment-full size-full\" alt=\"\" srcset=\"http:\/\/liceum-parczew.pl\/wp-content\/uploads\/2022\/05\/279133961_1714258558922479_4208879396462199709_n-scaled.jpg 2560w, http:\/\/liceum-parczew.pl\/wp-content\/uploads\/2022\/05\/279133961_1714258558922479_4208879396462199709_n-300x200.jpg 300w, http:\/\/liceum-parczew.pl\/wp-content\/uploads\/2022\/05\/279133961_1714258558922479_4208879396462199709_n-1024x683.jpg 1024w, http:\/\/liceum-parczew.pl\/wp-content\/uploads\/2022\/05\/279133961_1714258558922479_4208879396462199709_n-768x512.jpg 768w, http:\/\/liceum-parczew.pl\/wp-content\/uploads\/2022\/05\/279133961_1714258558922479_4208879396462199709_n-1536x1024.jpg 1536w, http:\/\/liceum-parczew.pl\/wp-content\/uploads\/2022\/05\/279133961_1714258558922479_4208879396462199709_n-2048x1365.jpg 2048w\" sizes=\"auto, (max-width: 2560px) 100vw, 2560px\" \/><\/a>\n\t\t\t<\/div><\/figure><figure class='gallery-item'>\n\t\t\t<div class='gallery-icon landscape'>\n\t\t\t\t<a href='http:\/\/liceum-parczew.pl\/index.php\/2022\/05\/29\/zakonczenie-roku-klas-maturalnych\/279129217_718387232632891_1886422531566243286_n\/'><img loading=\"lazy\" decoding=\"async\" width=\"2560\" height=\"1707\" src=\"http:\/\/liceum-parczew.pl\/wp-content\/uploads\/2022\/05\/279129217_718387232632891_1886422531566243286_n-scaled.jpg\" class=\"attachment-full size-full\" alt=\"\" srcset=\"http:\/\/liceum-parczew.pl\/wp-content\/uploads\/2022\/05\/279129217_718387232632891_1886422531566243286_n-scaled.jpg 2560w, http:\/\/liceum-parczew.pl\/wp-content\/uploads\/2022\/05\/279129217_718387232632891_1886422531566243286_n-300x200.jpg 300w, http:\/\/liceum-parczew.pl\/wp-content\/uploads\/2022\/05\/279129217_718387232632891_1886422531566243286_n-1024x683.jpg 1024w, http:\/\/liceum-parczew.pl\/wp-content\/uploads\/2022\/05\/279129217_718387232632891_1886422531566243286_n-768x512.jpg 768w, http:\/\/liceum-parczew.pl\/wp-content\/uploads\/2022\/05\/279129217_718387232632891_1886422531566243286_n-1536x1024.jpg 1536w, http:\/\/liceum-parczew.pl\/wp-content\/uploads\/2022\/05\/279129217_718387232632891_1886422531566243286_n-2048x1365.jpg 2048w\" sizes=\"auto, (max-width: 2560px) 100vw, 2560px\" \/><\/a>\n\t\t\t<\/div><\/figure><figure class='gallery-item'>\n\t\t\t<div class='gallery-icon landscape'>\n\t\t\t\t<a href='http:\/\/liceum-parczew.pl\/index.php\/2022\/05\/29\/zakonczenie-roku-klas-maturalnych\/279123080_499331785224386_2859504172752846805_n-2\/'><img loading=\"lazy\" decoding=\"async\" width=\"2560\" height=\"1707\" src=\"http:\/\/liceum-parczew.pl\/wp-content\/uploads\/2022\/05\/279123080_499331785224386_2859504172752846805_n-1-scaled.jpg\" class=\"attachment-full size-full\" alt=\"\" srcset=\"http:\/\/liceum-parczew.pl\/wp-content\/uploads\/2022\/05\/279123080_499331785224386_2859504172752846805_n-1-scaled.jpg 2560w, http:\/\/liceum-parczew.pl\/wp-content\/uploads\/2022\/05\/279123080_499331785224386_2859504172752846805_n-1-300x200.jpg 300w, http:\/\/liceum-parczew.pl\/wp-content\/uploads\/2022\/05\/279123080_499331785224386_2859504172752846805_n-1-1024x683.jpg 1024w, http:\/\/liceum-parczew.pl\/wp-content\/uploads\/2022\/05\/279123080_499331785224386_2859504172752846805_n-1-768x512.jpg 768w, http:\/\/liceum-parczew.pl\/wp-content\/uploads\/2022\/05\/279123080_499331785224386_2859504172752846805_n-1-1536x1024.jpg 1536w, http:\/\/liceum-parczew.pl\/wp-content\/uploads\/2022\/05\/279123080_499331785224386_2859504172752846805_n-1-2048x1365.jpg 2048w\" sizes=\"auto, (max-width: 2560px) 100vw, 2560px\" \/><\/a>\n\t\t\t<\/div><\/figure><figure class='gallery-item'>\n\t\t\t<div class='gallery-icon landscape'>\n\t\t\t\t<a href='http:\/\/liceum-parczew.pl\/index.php\/2022\/05\/29\/zakonczenie-roku-klas-maturalnych\/279122251_740440356958144_2199501535347862186_n\/'><img loading=\"lazy\" decoding=\"async\" width=\"2560\" height=\"1707\" src=\"http:\/\/liceum-parczew.pl\/wp-content\/uploads\/2022\/05\/279122251_740440356958144_2199501535347862186_n-scaled.jpg\" class=\"attachment-full size-full\" alt=\"\" srcset=\"http:\/\/liceum-parczew.pl\/wp-content\/uploads\/2022\/05\/279122251_740440356958144_2199501535347862186_n-scaled.jpg 2560w, http:\/\/liceum-parczew.pl\/wp-content\/uploads\/2022\/05\/279122251_740440356958144_2199501535347862186_n-300x200.jpg 300w, http:\/\/liceum-parczew.pl\/wp-content\/uploads\/2022\/05\/279122251_740440356958144_2199501535347862186_n-1024x683.jpg 1024w, http:\/\/liceum-parczew.pl\/wp-content\/uploads\/2022\/05\/279122251_740440356958144_2199501535347862186_n-768x512.jpg 768w, http:\/\/liceum-parczew.pl\/wp-content\/uploads\/2022\/05\/279122251_740440356958144_2199501535347862186_n-1536x1024.jpg 1536w, http:\/\/liceum-parczew.pl\/wp-content\/uploads\/2022\/05\/279122251_740440356958144_2199501535347862186_n-2048x1365.jpg 2048w\" sizes=\"auto, (max-width: 2560px) 100vw, 2560px\" \/><\/a>\n\t\t\t<\/div><\/figure><figure class='gallery-item'>\n\t\t\t<div class='gallery-icon landscape'>\n\t\t\t\t<a href='http:\/\/liceum-parczew.pl\/index.php\/2022\/05\/29\/zakonczenie-roku-klas-maturalnych\/278984210_1421222265002168_5047664999201545232_n\/'><img loading=\"lazy\" decoding=\"async\" width=\"2560\" height=\"1707\" src=\"http:\/\/liceum-parczew.pl\/wp-content\/uploads\/2022\/05\/278984210_1421222265002168_5047664999201545232_n-scaled.jpg\" class=\"attachment-full size-full\" alt=\"\" srcset=\"http:\/\/liceum-parczew.pl\/wp-content\/uploads\/2022\/05\/278984210_1421222265002168_5047664999201545232_n-scaled.jpg 2560w, http:\/\/liceum-parczew.pl\/wp-content\/uploads\/2022\/05\/278984210_1421222265002168_5047664999201545232_n-300x200.jpg 300w, http:\/\/liceum-parczew.pl\/wp-content\/uploads\/2022\/05\/278984210_1421222265002168_5047664999201545232_n-1024x683.jpg 1024w, http:\/\/liceum-parczew.pl\/wp-content\/uploads\/2022\/05\/278984210_1421222265002168_5047664999201545232_n-768x512.jpg 768w, http:\/\/liceum-parczew.pl\/wp-content\/uploads\/2022\/05\/278984210_1421222265002168_5047664999201545232_n-1536x1024.jpg 1536w, http:\/\/liceum-parczew.pl\/wp-content\/uploads\/2022\/05\/278984210_1421222265002168_5047664999201545232_n-2048x1365.jpg 2048w\" sizes=\"auto, (max-width: 2560px) 100vw, 2560px\" \/><\/a>\n\t\t\t<\/div><\/figure><figure class='gallery-item'>\n\t\t\t<div class='gallery-icon landscape'>\n\t\t\t\t<a href='http:\/\/liceum-parczew.pl\/index.php\/2022\/05\/29\/zakonczenie-roku-klas-maturalnych\/279123080_499331785224386_2859504172752846805_n\/'><img loading=\"lazy\" decoding=\"async\" width=\"2560\" height=\"1707\" src=\"http:\/\/liceum-parczew.pl\/wp-content\/uploads\/2022\/05\/279123080_499331785224386_2859504172752846805_n-scaled.jpg\" class=\"attachment-full size-full\" alt=\"\" srcset=\"http:\/\/liceum-parczew.pl\/wp-content\/uploads\/2022\/05\/279123080_499331785224386_2859504172752846805_n-scaled.jpg 2560w, http:\/\/liceum-parczew.pl\/wp-content\/uploads\/2022\/05\/279123080_499331785224386_2859504172752846805_n-300x200.jpg 300w, http:\/\/liceum-parczew.pl\/wp-content\/uploads\/2022\/05\/279123080_499331785224386_2859504172752846805_n-1024x683.jpg 1024w, http:\/\/liceum-parczew.pl\/wp-content\/uploads\/2022\/05\/279123080_499331785224386_2859504172752846805_n-768x512.jpg 768w, http:\/\/liceum-parczew.pl\/wp-content\/uploads\/2022\/05\/279123080_499331785224386_2859504172752846805_n-1536x1024.jpg 1536w, http:\/\/liceum-parczew.pl\/wp-content\/uploads\/2022\/05\/279123080_499331785224386_2859504172752846805_n-2048x1365.jpg 2048w\" sizes=\"auto, (max-width: 2560px) 100vw, 2560px\" \/><\/a>\n\t\t\t<\/div><\/figure><figure class='gallery-item'>\n\t\t\t<div class='gallery-icon landscape'>\n\t\t\t\t<a href='http:\/\/liceum-parczew.pl\/index.php\/2022\/05\/29\/zakonczenie-roku-klas-maturalnych\/279141692_364693432368364_8785682513738787899_n\/'><img loading=\"lazy\" decoding=\"async\" width=\"2560\" height=\"1707\" src=\"http:\/\/liceum-parczew.pl\/wp-content\/uploads\/2022\/05\/279141692_364693432368364_8785682513738787899_n-scaled.jpg\" class=\"attachment-full size-full\" alt=\"\" srcset=\"http:\/\/liceum-parczew.pl\/wp-content\/uploads\/2022\/05\/279141692_364693432368364_8785682513738787899_n-scaled.jpg 2560w, http:\/\/liceum-parczew.pl\/wp-content\/uploads\/2022\/05\/279141692_364693432368364_8785682513738787899_n-300x200.jpg 300w, http:\/\/liceum-parczew.pl\/wp-content\/uploads\/2022\/05\/279141692_364693432368364_8785682513738787899_n-1024x683.jpg 1024w, http:\/\/liceum-parczew.pl\/wp-content\/uploads\/2022\/05\/279141692_364693432368364_8785682513738787899_n-768x512.jpg 768w, http:\/\/liceum-parczew.pl\/wp-content\/uploads\/2022\/05\/279141692_364693432368364_8785682513738787899_n-1536x1024.jpg 1536w, http:\/\/liceum-parczew.pl\/wp-content\/uploads\/2022\/05\/279141692_364693432368364_8785682513738787899_n-2048x1365.jpg 2048w\" sizes=\"auto, (max-width: 2560px) 100vw, 2560px\" \/><\/a>\n\t\t\t<\/div><\/figure>\n\t\t<\/div>\n\n<p>&nbsp;<\/p>\n","protected":false},"excerpt":{"rendered":"<p>Po\u017cegnanie absolwent\u00f3w W podnios\u0142ej atmosferze, w obecno\u015bci dyrektor\u00f3w szko\u0142y Beaty Trynieckiej i Jerzego \u015awicia oraz wychowawc\u00f3w, nauczycieli i rodzic\u00f3w, a<\/p>\n","protected":false},"author":5,"featured_media":5221,"comment_status":"closed","ping_status":"closed","sticky":false,"template":"","format":"standard","meta":{"colormag_page_container_layout":"default_layout","colormag_page_sidebar_layout":"default_layout","footnotes":""},"categories":[3],"tags":[],"class_list":["post-5216","post","type-post","status-publish","format-standard","has-post-thumbnail","hentry","category-aktualnosci"],"_links":{"self":[{"href":"http:\/\/liceum-parczew.pl\/index.php\/wp-json\/wp\/v2\/posts\/5216","targetHints":{"allow":["GET"]}}],"collection":[{"href":"http:\/\/liceum-parczew.pl\/index.php\/wp-json\/wp\/v2\/posts"}],"about":[{"href":"http:\/\/liceum-parczew.pl\/index.php\/wp-json\/wp\/v2\/types\/post"}],"author":[{"embeddable":true,"href":"http:\/\/liceum-parczew.pl\/index.php\/wp-json\/wp\/v2\/users\/5"}],"replies":[{"embeddable":true,"href":"http:\/\/liceum-parczew.pl\/index.php\/wp-json\/wp\/v2\/comments?post=5216"}],"version-history":[{"count":6,"href":"http:\/\/liceum-parczew.pl\/index.php\/wp-json\/wp\/v2\/posts\/5216\/revisions"}],"predecessor-version":[{"id":5224,"href":"http:\/\/liceum-parczew.pl\/index.php\/wp-json\/wp\/v2\/posts\/5216\/revisions\/5224"}],"wp:featuredmedia":[{"embeddable":true,"href":"http:\/\/liceum-parczew.pl\/index.php\/wp-json\/wp\/v2\/media\/5221"}],"wp:attachment":[{"href":"http:\/\/liceum-parczew.pl\/index.php\/wp-json\/wp\/v2\/media?parent=5216"}],"wp:term":[{"taxonomy":"category","embeddable":true,"href":"http:\/\/liceum-parczew.pl\/index.php\/wp-json\/wp\/v2\/categories?post=5216"},{"taxonomy":"post_tag","embeddable":true,"href":"http:\/\/liceum-parczew.pl\/index.php\/wp-json\/wp\/v2\/tags?post=5216"}],"curies":[{"name":"wp","href":"https:\/\/api.w.org\/{rel}","templated":true}]}}