{"id":4768,"date":"2022-02-22T09:44:01","date_gmt":"2022-02-22T08:44:01","guid":{"rendered":"http:\/\/liceum-parczew.pl\/?p=4768"},"modified":"2022-02-22T09:52:30","modified_gmt":"2022-02-22T08:52:30","slug":"oferta-edukacyjna-na-rok-szkolny-2022-2023","status":"publish","type":"post","link":"http:\/\/liceum-parczew.pl\/index.php\/2022\/02\/22\/oferta-edukacyjna-na-rok-szkolny-2022-2023\/","title":{"rendered":"Oferta edukacyjna na rok szkolny 2022\/2023"},"content":{"rendered":"<header class=\"entry-header\">\n<h1 class=\"entry-title\" style=\"text-align: center;\" data-wahfont=\"34\">Oferta dla absolwent\u00f3w szk\u00f3\u0142 podstawowych<\/h1>\n<p style=\"text-align: center;\"><strong>na rok szkolny 2022\/2023<\/strong><\/p>\n<div class=\"entry-content clearfix\">\n<p data-wahfont=\"15\"><strong>Dla absolwent\u00f3w szk\u00f3\u0142 podstawowych proponujemy na rok szkolny 2022\/2023 cztery klasy pierwsze :<\/strong><\/p>\n<\/div>\n<table width=\"785\">\n<tbody>\n<tr>\n<td width=\"189\"><strong>Nazwa oddzia\u0142u<\/strong><\/td>\n<td width=\"255\"><strong>Przedmioty realizowane wg podstawy rozszerzonej:<\/strong><\/td>\n<td width=\"217\"><strong>J\u0119zyki<\/strong><\/td>\n<\/tr>\n<tr>\n<td width=\"189\">Ia: klasa\u00a0 humanistyczna<\/td>\n<td width=\"255\"><strong>j\u0119zyk polski, j\u0119zyk angielski, historia,<\/strong><\/p>\n<p>dodatkowy przedmiot rozszerzony: edukacja filmowa,<\/td>\n<td width=\"217\">j\u0119zyk angielski poziom rozszerzony(kontynuacja)<\/p>\n<p>j\u0119zyk niemiecki\/j\u0119zyk rosyjski<\/td>\n<\/tr>\n<tr>\n<td width=\"189\">Ib: klasa\u00a0 matematyczno- j\u0119zykowa<\/td>\n<td width=\"255\"><strong>matematyka, j\u0119zyk angielski, geografia,<\/strong><\/td>\n<td width=\"217\">j\u0119zyk angielski poziom rozszerzony (kontynuacja)<\/p>\n<p>j\u0119zyk niemiecki\/j\u0119zyk rosyjski<\/td>\n<\/tr>\n<tr>\n<td width=\"189\">Ic: klasa matematyczno- informatyczna<\/td>\n<td width=\"255\"><strong>matematyka, informatyka, fizyka,<\/strong><\/p>\n<p>dodatkowy przedmiot rozszerzony:<br \/>\nprogramowanie urz\u0105dze\u0144 cyfrowych,<\/td>\n<td width=\"217\">j\u0119zyk angielski(kontynuacja)<\/p>\n<p>j\u0119zyk niemiecki\/j\u0119zyk rosyjski<\/td>\n<\/tr>\n<tr>\n<td width=\"189\">Id: klasa biologiczno-chemiczna<\/td>\n<td width=\"255\"><strong>biologia, chemia, j\u0119zyk angielski,<\/strong><\/p>\n<p>dodatkowy przedmiot rozszerzony: biologia do\u015bwiadczalna,<\/td>\n<td width=\"217\">j\u0119zyk angielski poziom rozszerzony (kontynuacja)<\/p>\n<p>j\u0119zyk niemiecki\/j\u0119zyk rosyjski<\/td>\n<\/tr>\n<\/tbody>\n<\/table>\n<p>Ustala si\u0119 nast\u0119puj\u0105ce przedmioty, z kt\u00f3rych oceny b\u0119d\u0105 brane pod uwag\u0119 w zale\u017cno\u015bci od rozszerzenia programowego w danej klasie, przy ustalaniu liczby punkt\u00f3w osi\u0105ganych przez kandydat\u00f3w w procesie rekrutacyjnym:<\/p>\n<p>&#8211; klasa Ia \u2013 j\u0119zyk polski, matematyka, j\u0119zyk angielski, oraz do wyboru: historia lub wiedza o spo\u0142ecze\u0144stwie;<\/p>\n<p>&#8211; klasa Ib \u2013 j\u0119zyk polski, matematyka, j\u0119zyk angielski, geografia;<\/p>\n<p>&#8211; klasa Ic \u2013 j\u0119zyk polski, matematyka, j\u0119zyk angielski, informatyka;<\/p>\n<p>&#8211; klasa Id \u2013 j\u0119zyk polski, matematyka, j\u0119zyk angielski, oraz do wyboru: biologia lub chemia.<\/p>\n<p>O przyj\u0119cie do I Liceum Og\u00f3lnokszta\u0142c\u0105cego im. Miko\u0142aja Kopernika w Parczewie mog\u0105 si\u0119 ubiega\u0107 absolwenci szk\u00f3\u0142 podstawowych, kt\u00f3rzy uzyskali minimum 70 punkt\u00f3w w procesie rekrutacji.<\/p>\n<p>W wyniku procesu rekrutacyjnego \u015brednia liczba uczni\u00f3w w klasach pierwszych ma wynosi\u0107 minimum 25. Mo\u017ce wynosi\u0107 mniej za zgod\u0105 Organu Prowadz\u0105cego szko\u0142\u0119.<\/p>\n<p><iframe loading=\"lazy\" title=\"Wirtualny spacer po szkole\" width=\"800\" height=\"450\" src=\"https:\/\/www.youtube.com\/embed\/W3zehySLNyk?feature=oembed\" frameborder=\"0\" allow=\"accelerometer; autoplay; clipboard-write; encrypted-media; gyroscope; picture-in-picture\" allowfullscreen><\/iframe><\/p>\n<p><iframe loading=\"lazy\" title=\"I Liceum Og\u00f3lnokszta\u0142c\u0105ce im. Miko\u0142aja Kopernika w Parczewie\" width=\"800\" height=\"450\" src=\"https:\/\/www.youtube.com\/embed\/vUaELA_fgx0?feature=oembed\" frameborder=\"0\" allow=\"accelerometer; autoplay; clipboard-write; encrypted-media; gyroscope; picture-in-picture\" allowfullscreen><\/iframe><\/p>\n<p><iframe loading=\"lazy\" title=\"I LICEUM OG\u00d3LNOKSZTA\u0141C\u0104CE im. Miko\u0142aja Kopernika w Parczewie \/ PROMO 2020\" width=\"800\" height=\"450\" src=\"https:\/\/www.youtube.com\/embed\/45FEU2zkVEA?feature=oembed\" frameborder=\"0\" allow=\"accelerometer; autoplay; clipboard-write; encrypted-media; gyroscope; picture-in-picture\" allowfullscreen><\/iframe><\/p>\n<\/header>\n<div class=\"entry-content clearfix\"><\/div>\n<p>&nbsp;<\/p>\n<p><img loading=\"lazy\" decoding=\"async\" class=\"aligncenter wp-image-4765 size-full\" src=\"http:\/\/liceum-parczew.pl\/wp-content\/uploads\/2022\/02\/plakat-2022.png\" alt=\"\" width=\"992\" height=\"1403\" srcset=\"http:\/\/liceum-parczew.pl\/wp-content\/uploads\/2022\/02\/plakat-2022.png 992w, http:\/\/liceum-parczew.pl\/wp-content\/uploads\/2022\/02\/plakat-2022-212x300.png 212w, http:\/\/liceum-parczew.pl\/wp-content\/uploads\/2022\/02\/plakat-2022-724x1024.png 724w, http:\/\/liceum-parczew.pl\/wp-content\/uploads\/2022\/02\/plakat-2022-768x1086.png 768w\" sizes=\"auto, (max-width: 992px) 100vw, 992px\" \/><\/p>\n","protected":false},"excerpt":{"rendered":"<p>Oferta dla absolwent\u00f3w szk\u00f3\u0142 podstawowych na rok szkolny 2022\/2023 Dla absolwent\u00f3w szk\u00f3\u0142 podstawowych proponujemy na rok szkolny 2022\/2023 cztery klasy<\/p>\n","protected":false},"author":1,"featured_media":4774,"comment_status":"closed","ping_status":"closed","sticky":false,"template":"","format":"standard","meta":{"colormag_page_container_layout":"default_layout","colormag_page_sidebar_layout":"default_layout","footnotes":""},"categories":[3],"tags":[],"class_list":["post-4768","post","type-post","status-publish","format-standard","has-post-thumbnail","hentry","category-aktualnosci"],"_links":{"self":[{"href":"http:\/\/liceum-parczew.pl\/index.php\/wp-json\/wp\/v2\/posts\/4768","targetHints":{"allow":["GET"]}}],"collection":[{"href":"http:\/\/liceum-parczew.pl\/index.php\/wp-json\/wp\/v2\/posts"}],"about":[{"href":"http:\/\/liceum-parczew.pl\/index.php\/wp-json\/wp\/v2\/types\/post"}],"author":[{"embeddable":true,"href":"http:\/\/liceum-parczew.pl\/index.php\/wp-json\/wp\/v2\/users\/1"}],"replies":[{"embeddable":true,"href":"http:\/\/liceum-parczew.pl\/index.php\/wp-json\/wp\/v2\/comments?post=4768"}],"version-history":[{"count":2,"href":"http:\/\/liceum-parczew.pl\/index.php\/wp-json\/wp\/v2\/posts\/4768\/revisions"}],"predecessor-version":[{"id":4770,"href":"http:\/\/liceum-parczew.pl\/index.php\/wp-json\/wp\/v2\/posts\/4768\/revisions\/4770"}],"wp:featuredmedia":[{"embeddable":true,"href":"http:\/\/liceum-parczew.pl\/index.php\/wp-json\/wp\/v2\/media\/4774"}],"wp:attachment":[{"href":"http:\/\/liceum-parczew.pl\/index.php\/wp-json\/wp\/v2\/media?parent=4768"}],"wp:term":[{"taxonomy":"category","embeddable":true,"href":"http:\/\/liceum-parczew.pl\/index.php\/wp-json\/wp\/v2\/categories?post=4768"},{"taxonomy":"post_tag","embeddable":true,"href":"http:\/\/liceum-parczew.pl\/index.php\/wp-json\/wp\/v2\/tags?post=4768"}],"curies":[{"name":"wp","href":"https:\/\/api.w.org\/{rel}","templated":true}]}}