{"id":4545,"date":"2021-11-29T13:38:58","date_gmt":"2021-11-29T12:38:58","guid":{"rendered":"http:\/\/liceum-parczew.pl\/?p=4545"},"modified":"2021-12-01T08:37:01","modified_gmt":"2021-12-01T07:37:01","slug":"andrzejki-w-bibliotece-2","status":"publish","type":"post","link":"http:\/\/liceum-parczew.pl\/index.php\/2021\/11\/29\/andrzejki-w-bibliotece-2\/","title":{"rendered":"Andrzejki w bibliotece"},"content":{"rendered":"<p>W andrzejkowy poranek (i w czasie przerw) zapraszamy do biblioteki, gdzie spr\u00f3bujemy zajrze\u0107 za zas\u0142on\u0119 przysz\u0142o\u015bci&#8230;<\/p>\n","protected":false},"excerpt":{"rendered":"<p>W andrzejkowy poranek (i w czasie przerw) zapraszamy do biblioteki, gdzie spr\u00f3bujemy zajrze\u0107 za zas\u0142on\u0119 przysz\u0142o\u015bci&#8230;<\/p>\n","protected":false},"author":3,"featured_media":4549,"comment_status":"closed","ping_status":"closed","sticky":false,"template":"","format":"standard","meta":{"colormag_page_container_layout":"default_layout","colormag_page_sidebar_layout":"default_layout","footnotes":""},"categories":[3],"tags":[],"class_list":["post-4545","post","type-post","status-publish","format-standard","has-post-thumbnail","hentry","category-aktualnosci"],"_links":{"self":[{"href":"http:\/\/liceum-parczew.pl\/index.php\/wp-json\/wp\/v2\/posts\/4545","targetHints":{"allow":["GET"]}}],"collection":[{"href":"http:\/\/liceum-parczew.pl\/index.php\/wp-json\/wp\/v2\/posts"}],"about":[{"href":"http:\/\/liceum-parczew.pl\/index.php\/wp-json\/wp\/v2\/types\/post"}],"author":[{"embeddable":true,"href":"http:\/\/liceum-parczew.pl\/index.php\/wp-json\/wp\/v2\/users\/3"}],"replies":[{"embeddable":true,"href":"http:\/\/liceum-parczew.pl\/index.php\/wp-json\/wp\/v2\/comments?post=4545"}],"version-history":[{"count":1,"href":"http:\/\/liceum-parczew.pl\/index.php\/wp-json\/wp\/v2\/posts\/4545\/revisions"}],"predecessor-version":[{"id":4547,"href":"http:\/\/liceum-parczew.pl\/index.php\/wp-json\/wp\/v2\/posts\/4545\/revisions\/4547"}],"wp:featuredmedia":[{"embeddable":true,"href":"http:\/\/liceum-parczew.pl\/index.php\/wp-json\/wp\/v2\/media\/4549"}],"wp:attachment":[{"href":"http:\/\/liceum-parczew.pl\/index.php\/wp-json\/wp\/v2\/media?parent=4545"}],"wp:term":[{"taxonomy":"category","embeddable":true,"href":"http:\/\/liceum-parczew.pl\/index.php\/wp-json\/wp\/v2\/categories?post=4545"},{"taxonomy":"post_tag","embeddable":true,"href":"http:\/\/liceum-parczew.pl\/index.php\/wp-json\/wp\/v2\/tags?post=4545"}],"curies":[{"name":"wp","href":"https:\/\/api.w.org\/{rel}","templated":true}]}}