{"id":4417,"date":"2021-10-28T09:31:19","date_gmt":"2021-10-28T07:31:19","guid":{"rendered":"http:\/\/liceum-parczew.pl\/?p=4417"},"modified":"2021-10-28T09:31:19","modified_gmt":"2021-10-28T07:31:19","slug":"koncert-oratorium-milosc-mi-wszystko-wyjasnila","status":"publish","type":"post","link":"http:\/\/liceum-parczew.pl\/index.php\/2021\/10\/28\/koncert-oratorium-milosc-mi-wszystko-wyjasnila\/","title":{"rendered":"Koncert Oratorium &#8222;Mi\u0142o\u015b\u0107 mi wszystko wyja\u015bni\u0142a&#8221;"},"content":{"rendered":"<p>Samorz\u0105d Powiatu Parczewskiego serdecznie zaprasza Dyrekcj\u0119, Nauczycieli, pracownik\u00f3w szko\u0142y oraz uczni\u00f3w na Koncert Oratorium &#8222;Mi\u0142o\u015b\u0107 mi wszystko wyja\u015bni\u0142a&#8221;.<\/p>\n<p><img loading=\"lazy\" decoding=\"async\" class=\"wp-image-4418 size-full aligncenter\" src=\"http:\/\/liceum-parczew.pl\/wp-content\/uploads\/2021\/10\/plakat_oratorium.jpg\" alt=\"\" width=\"549\" height=\"768\" srcset=\"http:\/\/liceum-parczew.pl\/wp-content\/uploads\/2021\/10\/plakat_oratorium.jpg 549w, http:\/\/liceum-parczew.pl\/wp-content\/uploads\/2021\/10\/plakat_oratorium-214x300.jpg 214w\" sizes=\"auto, (max-width: 549px) 100vw, 549px\" \/><\/p>\n","protected":false},"excerpt":{"rendered":"<p>Samorz\u0105d Powiatu Parczewskiego serdecznie zaprasza Dyrekcj\u0119, Nauczycieli, pracownik\u00f3w szko\u0142y oraz uczni\u00f3w na Koncert Oratorium &#8222;Mi\u0142o\u015b\u0107 mi wszystko wyja\u015bni\u0142a&#8221;.<\/p>\n","protected":false},"author":1,"featured_media":0,"comment_status":"closed","ping_status":"closed","sticky":false,"template":"","format":"standard","meta":{"colormag_page_container_layout":"default_layout","colormag_page_sidebar_layout":"default_layout","footnotes":""},"categories":[3],"tags":[],"class_list":["post-4417","post","type-post","status-publish","format-standard","hentry","category-aktualnosci"],"_links":{"self":[{"href":"http:\/\/liceum-parczew.pl\/index.php\/wp-json\/wp\/v2\/posts\/4417","targetHints":{"allow":["GET"]}}],"collection":[{"href":"http:\/\/liceum-parczew.pl\/index.php\/wp-json\/wp\/v2\/posts"}],"about":[{"href":"http:\/\/liceum-parczew.pl\/index.php\/wp-json\/wp\/v2\/types\/post"}],"author":[{"embeddable":true,"href":"http:\/\/liceum-parczew.pl\/index.php\/wp-json\/wp\/v2\/users\/1"}],"replies":[{"embeddable":true,"href":"http:\/\/liceum-parczew.pl\/index.php\/wp-json\/wp\/v2\/comments?post=4417"}],"version-history":[{"count":2,"href":"http:\/\/liceum-parczew.pl\/index.php\/wp-json\/wp\/v2\/posts\/4417\/revisions"}],"predecessor-version":[{"id":4420,"href":"http:\/\/liceum-parczew.pl\/index.php\/wp-json\/wp\/v2\/posts\/4417\/revisions\/4420"}],"wp:attachment":[{"href":"http:\/\/liceum-parczew.pl\/index.php\/wp-json\/wp\/v2\/media?parent=4417"}],"wp:term":[{"taxonomy":"category","embeddable":true,"href":"http:\/\/liceum-parczew.pl\/index.php\/wp-json\/wp\/v2\/categories?post=4417"},{"taxonomy":"post_tag","embeddable":true,"href":"http:\/\/liceum-parczew.pl\/index.php\/wp-json\/wp\/v2\/tags?post=4417"}],"curies":[{"name":"wp","href":"https:\/\/api.w.org\/{rel}","templated":true}]}}