{"id":3919,"date":"2021-06-09T13:22:52","date_gmt":"2021-06-09T11:22:52","guid":{"rendered":"http:\/\/liceum-parczew.pl\/?p=3919"},"modified":"2021-06-09T13:22:52","modified_gmt":"2021-06-09T11:22:52","slug":"sukces-natalii-staszczuk-z-1d-w-ix-edycji-bialskiego-konkursu-wiedzy-o-kulturze-i-historii-krajow-anglosaskich","status":"publish","type":"post","link":"http:\/\/liceum-parczew.pl\/index.php\/2021\/06\/09\/sukces-natalii-staszczuk-z-1d-w-ix-edycji-bialskiego-konkursu-wiedzy-o-kulturze-i-historii-krajow-anglosaskich\/","title":{"rendered":"Sukces Natalii Staszczuk z 1d w  IX edycji Bialskiego Konkursu Wiedzy o Kulturze i Historii Kraj\u00f3w Anglosaskich"},"content":{"rendered":"<p>Mi\u0142o nam poinformowa\u0107,\u00a0 \u017ce\u00a0 <strong>Natalia Staszczuk z klasy 1 d zaj\u0119\u0142a trzecie miejsce <\/strong>w\u00a0 tegorocznej edycji\u00a0 Konkursu Wiedzy o Kulturze i Historii Kraj\u00f3w Anglosaskich.\u00a0\u00a0 Konkurs zorganizowa\u0142o Naukowe Ko\u0142o Anglist\u00f3w dzia\u0142aj\u0105ce w Zak\u0142adzie Neofilologii w Pa\u0144stwowej Szkole Wy\u017cszej w Bia\u0142ej Podlaskiej. Konkurs sk\u0142ada\u0142 si\u0119 z dw\u00f3ch etap\u00f3w. Etap pierwszy\u00a0 mia\u0142 \u00a0form\u0119 pisemn\u0105 i polega\u0142\u00a0 na rozwi\u0105zaniu testu zamkni\u0119tego. Etap drugi, kt\u00f3ry odby\u0142 si\u0119 20 kwietnia, 2021r., to rozmowa z\u00a0 komisj\u0105 konkursow\u0105.\u00a0 Wszyscy zwyci\u0119zcy otrzymali nagrody ksi\u0105\u017ckowe.<\/p>\n<p>Serdecznie gratulujemy Natalii i \u017cyczymy dalszych sukces\u00f3w!<\/p>\n<p><img loading=\"lazy\" decoding=\"async\" class=\"aligncenter wp-image-3920 size-full\" src=\"http:\/\/liceum-parczew.pl\/wp-content\/uploads\/2021\/06\/United-Kingdom.jpg\" alt=\"\" width=\"1920\" height=\"1583\" srcset=\"http:\/\/liceum-parczew.pl\/wp-content\/uploads\/2021\/06\/United-Kingdom.jpg 1920w, http:\/\/liceum-parczew.pl\/wp-content\/uploads\/2021\/06\/United-Kingdom-300x247.jpg 300w, http:\/\/liceum-parczew.pl\/wp-content\/uploads\/2021\/06\/United-Kingdom-1024x844.jpg 1024w, http:\/\/liceum-parczew.pl\/wp-content\/uploads\/2021\/06\/United-Kingdom-768x633.jpg 768w, http:\/\/liceum-parczew.pl\/wp-content\/uploads\/2021\/06\/United-Kingdom-1536x1266.jpg 1536w\" sizes=\"auto, (max-width: 1920px) 100vw, 1920px\" \/><\/p>\n","protected":false},"excerpt":{"rendered":"<p>Mi\u0142o nam poinformowa\u0107,\u00a0 \u017ce\u00a0 Natalia Staszczuk z klasy 1 d zaj\u0119\u0142a trzecie miejsce w\u00a0 tegorocznej edycji\u00a0 Konkursu Wiedzy o Kulturze<\/p>\n","protected":false},"author":1,"featured_media":3920,"comment_status":"closed","ping_status":"closed","sticky":false,"template":"","format":"standard","meta":{"colormag_page_container_layout":"default_layout","colormag_page_sidebar_layout":"default_layout","footnotes":""},"categories":[3],"tags":[],"class_list":["post-3919","post","type-post","status-publish","format-standard","has-post-thumbnail","hentry","category-aktualnosci"],"_links":{"self":[{"href":"http:\/\/liceum-parczew.pl\/index.php\/wp-json\/wp\/v2\/posts\/3919","targetHints":{"allow":["GET"]}}],"collection":[{"href":"http:\/\/liceum-parczew.pl\/index.php\/wp-json\/wp\/v2\/posts"}],"about":[{"href":"http:\/\/liceum-parczew.pl\/index.php\/wp-json\/wp\/v2\/types\/post"}],"author":[{"embeddable":true,"href":"http:\/\/liceum-parczew.pl\/index.php\/wp-json\/wp\/v2\/users\/1"}],"replies":[{"embeddable":true,"href":"http:\/\/liceum-parczew.pl\/index.php\/wp-json\/wp\/v2\/comments?post=3919"}],"version-history":[{"count":1,"href":"http:\/\/liceum-parczew.pl\/index.php\/wp-json\/wp\/v2\/posts\/3919\/revisions"}],"predecessor-version":[{"id":3921,"href":"http:\/\/liceum-parczew.pl\/index.php\/wp-json\/wp\/v2\/posts\/3919\/revisions\/3921"}],"wp:featuredmedia":[{"embeddable":true,"href":"http:\/\/liceum-parczew.pl\/index.php\/wp-json\/wp\/v2\/media\/3920"}],"wp:attachment":[{"href":"http:\/\/liceum-parczew.pl\/index.php\/wp-json\/wp\/v2\/media?parent=3919"}],"wp:term":[{"taxonomy":"category","embeddable":true,"href":"http:\/\/liceum-parczew.pl\/index.php\/wp-json\/wp\/v2\/categories?post=3919"},{"taxonomy":"post_tag","embeddable":true,"href":"http:\/\/liceum-parczew.pl\/index.php\/wp-json\/wp\/v2\/tags?post=3919"}],"curies":[{"name":"wp","href":"https:\/\/api.w.org\/{rel}","templated":true}]}}