{"id":3830,"date":"2021-04-30T10:00:04","date_gmt":"2021-04-30T08:00:04","guid":{"rendered":"http:\/\/liceum-parczew.pl\/?p=3830"},"modified":"2021-04-30T14:43:47","modified_gmt":"2021-04-30T12:43:47","slug":"odezwa-komitetu-honorowego-obchodow-swieta-narodowego-trzeciego-maja-w-wojewodztwie-lubelskim","status":"publish","type":"post","link":"http:\/\/liceum-parczew.pl\/index.php\/2021\/04\/30\/odezwa-komitetu-honorowego-obchodow-swieta-narodowego-trzeciego-maja-w-wojewodztwie-lubelskim\/","title":{"rendered":"Odezwa Komitetu Honorowego Obchod\u00f3w \u015awi\u0119ta Narodowego Trzeciego Maja w Wojew\u00f3dztwie Lubelskim"},"content":{"rendered":"<p>W linku poni\u017cej <span class=\"fontstyle0\">Odezwa Komitetu Honorowego Obchod\u00f3w \u015awi\u0119ta Narodowego Trzeciego Maja w Wojew\u00f3dztwie Lubelskim<\/span><\/p>\n<p><a href=\"http:\/\/liceum-parczew.pl\/wp-content\/uploads\/2021\/04\/ODEZWA_Swieto_3_Maja_2021.pdf\">ODEZWA_Swi\u0119to_3_Maja_2021<\/a><\/p>\n","protected":false},"excerpt":{"rendered":"<p>W linku poni\u017cej Odezwa Komitetu Honorowego Obchod\u00f3w \u015awi\u0119ta Narodowego Trzeciego Maja w Wojew\u00f3dztwie Lubelskim ODEZWA_Swi\u0119to_3_Maja_2021<\/p>\n","protected":false},"author":1,"featured_media":0,"comment_status":"closed","ping_status":"closed","sticky":false,"template":"","format":"standard","meta":{"colormag_page_container_layout":"default_layout","colormag_page_sidebar_layout":"default_layout","footnotes":""},"categories":[3],"tags":[],"class_list":["post-3830","post","type-post","status-publish","format-standard","hentry","category-aktualnosci"],"_links":{"self":[{"href":"http:\/\/liceum-parczew.pl\/index.php\/wp-json\/wp\/v2\/posts\/3830","targetHints":{"allow":["GET"]}}],"collection":[{"href":"http:\/\/liceum-parczew.pl\/index.php\/wp-json\/wp\/v2\/posts"}],"about":[{"href":"http:\/\/liceum-parczew.pl\/index.php\/wp-json\/wp\/v2\/types\/post"}],"author":[{"embeddable":true,"href":"http:\/\/liceum-parczew.pl\/index.php\/wp-json\/wp\/v2\/users\/1"}],"replies":[{"embeddable":true,"href":"http:\/\/liceum-parczew.pl\/index.php\/wp-json\/wp\/v2\/comments?post=3830"}],"version-history":[{"count":1,"href":"http:\/\/liceum-parczew.pl\/index.php\/wp-json\/wp\/v2\/posts\/3830\/revisions"}],"predecessor-version":[{"id":3832,"href":"http:\/\/liceum-parczew.pl\/index.php\/wp-json\/wp\/v2\/posts\/3830\/revisions\/3832"}],"wp:attachment":[{"href":"http:\/\/liceum-parczew.pl\/index.php\/wp-json\/wp\/v2\/media?parent=3830"}],"wp:term":[{"taxonomy":"category","embeddable":true,"href":"http:\/\/liceum-parczew.pl\/index.php\/wp-json\/wp\/v2\/categories?post=3830"},{"taxonomy":"post_tag","embeddable":true,"href":"http:\/\/liceum-parczew.pl\/index.php\/wp-json\/wp\/v2\/tags?post=3830"}],"curies":[{"name":"wp","href":"https:\/\/api.w.org\/{rel}","templated":true}]}}