{"id":3825,"date":"2021-04-30T12:52:08","date_gmt":"2021-04-30T10:52:08","guid":{"rendered":"http:\/\/liceum-parczew.pl\/?p=3825"},"modified":"2021-04-30T12:52:08","modified_gmt":"2021-04-30T10:52:08","slug":"list-starosty-parczewskiego-do-maturzystow","status":"publish","type":"post","link":"http:\/\/liceum-parczew.pl\/index.php\/2021\/04\/30\/list-starosty-parczewskiego-do-maturzystow\/","title":{"rendered":"List Starosty Parczewskiego do Maturzyst\u00f3w"},"content":{"rendered":"<p>Drodzy Maturzy\u015bci,<\/p>\n<p>Dzi\u015b ko\u0144czycie Wasz ostatni rok szkolny w szkole \u015bredniej. Rok, kt\u00f3ry na pewno pozostanie w Waszej pami\u0119ci, gdy\u017c up\u0142yn\u0105\u0142 pod znakiem panuj\u0105cej pandemii, a Wasza nauka przebiega\u0142a przede wszystkim w trybie zdalnym, co niew\u0105tpliwie musia\u0142o zostawi\u0107 sw\u00f3j \u015blad na Waszym \u017cyciu i relacjach mi\u0119dzyludzkich. Zostali\u015bcie pozbawieni Balu Maturalnego, czyli popularnej \u201eStudni\u00f3wki\u201d, kt\u00f3ra zawsze by\u0142a takim przedsionkiem doros\u0142o\u015bci, a wspomnienia z tego wydarzenia pozostawa\u0142y na zawsze w pami\u0119ci. Tego Wam niestety zabraknie, cho\u0107 zapewne innych wspomnie\u0144 zwi\u0105zanych z okresem szkolnym jest mn\u00f3stwo.<\/p>\n<p>Pragniemy Wam przy tej okazji podzi\u0119kowa\u0107 za te lata sp\u0119dzone w Zespole Szk\u00f3\u0142 im. St. Staszica oraz w Liceum Og\u00f3lnokszta\u0142c\u0105cym im. M. Kopernika w Parczewie gdzie, dzi\u0119ki zaanga\u017cowaniu grona pedagogicznego mogli\u015bcie nabywa\u0107 wiedz\u0119\u00a0oraz kszta\u0142towa\u0107 swoje umiej\u0119tno\u015bci, kt\u00f3re niew\u0105tpliwie b\u0119d\u0105 pomocne w realizacji Waszych \u017cyciowych zamierze\u0144.<\/p>\n<p>Dzi\u0119kujemy Wam r\u00f3wnie\u017c za to, \u017ce promowali\u015bcie Wasze szko\u0142y, a przez to Powiat Parczewski, w r\u00f3\u017cnego rodzaju konkursach, olimpiadach i zawodach odnosz\u0105c liczne sukcesy. Mamy nadziej\u0119, \u017ce b\u0119d\u0105c rozrzuconymi po r\u00f3\u017cnych zak\u0105tkach \u015bwiata nie zapomnicie, gdzie si\u0119gaj\u0105 Wasze korzenie.<\/p>\n<p>Teraz przed Wami Matura, czyli swego rodzaju krok w doros\u0142o\u015b\u0107, kt\u00f3ra na pewno b\u0119dzie dla wszystkich sporym wyzwaniem bior\u0105c pod uwag\u0119 okoliczno\u015bci w jakich przysz\u0142o Wam si\u0119 do niej przygotowywa\u0107 oraz to, \u017ce b\u0119dzie przebiega\u0107, ze wzgl\u0119du na pandemi\u0119 i re\u017cim sanitarny, na \u015bci\u015ble okre\u015blonych zasadach. Ale jeste\u015bmy przekonani, \u017ce tak Wy, jak te\u017c Wasi Nauczyciele i Rodzice do\u0142o\u017cyli\u015bcie wszelkich stara\u0144, aby ten pierwszy du\u017cy \u017cyciowy egzamin wypad\u0142 udanie i bez przeszk\u00f3d.<\/p>\n<p>\u017byczymy Wam wszystkim powodzenia, spe\u0142nienia tych nawet najbardziej ukrytych marze\u0144 oraz realizacji wszystkich zamierzonych cel\u00f3w, ju\u017c gdzie\u015b na kolejnym etapie Waszego \u017cycia<\/p>\n<p>&nbsp;<\/p>\n<p>Starosta Parczewski\u00a0\u00a0\u00a0\u00a0\u00a0\u00a0\u00a0\u00a0\u00a0\u00a0\u00a0\u00a0\u00a0\u00a0 Przewodnicz\u0105cy Rady Powiatu\u00a0\u00a0\u00a0\u00a0\u00a0\u00a0\u00a0\u00a0 Wicestarosta Parczewski<\/p>\n<p>Janusz Hordejuk\u00a0\u00a0\u00a0\u00a0\u00a0\u00a0\u00a0\u00a0\u00a0\u00a0\u00a0\u00a0\u00a0\u00a0 \u00a0\u00a0\u00a0\u00a0\u00a0\u00a0\u00a0\u00a0\u00a0\u00a0\u00a0 Janusz Zieli\u0144ski\u00a0\u00a0\u00a0\u00a0\u00a0\u00a0\u00a0\u00a0\u00a0\u00a0\u00a0\u00a0\u00a0\u00a0\u00a0\u00a0\u00a0\u00a0\u00a0\u00a0\u00a0\u00a0\u00a0\u00a0\u00a0\u00a0\u00a0\u00a0\u00a0\u00a0\u00a0\u00a0\u00a0 Artur Jaszczuk<\/p>\n","protected":false},"excerpt":{"rendered":"<p>Drodzy Maturzy\u015bci, Dzi\u015b ko\u0144czycie Wasz ostatni rok szkolny w szkole \u015bredniej. Rok, kt\u00f3ry na pewno pozostanie w Waszej pami\u0119ci, gdy\u017c<\/p>\n","protected":false},"author":1,"featured_media":0,"comment_status":"closed","ping_status":"closed","sticky":false,"template":"","format":"standard","meta":{"colormag_page_container_layout":"default_layout","colormag_page_sidebar_layout":"default_layout","footnotes":""},"categories":[3],"tags":[],"class_list":["post-3825","post","type-post","status-publish","format-standard","hentry","category-aktualnosci"],"_links":{"self":[{"href":"http:\/\/liceum-parczew.pl\/index.php\/wp-json\/wp\/v2\/posts\/3825","targetHints":{"allow":["GET"]}}],"collection":[{"href":"http:\/\/liceum-parczew.pl\/index.php\/wp-json\/wp\/v2\/posts"}],"about":[{"href":"http:\/\/liceum-parczew.pl\/index.php\/wp-json\/wp\/v2\/types\/post"}],"author":[{"embeddable":true,"href":"http:\/\/liceum-parczew.pl\/index.php\/wp-json\/wp\/v2\/users\/1"}],"replies":[{"embeddable":true,"href":"http:\/\/liceum-parczew.pl\/index.php\/wp-json\/wp\/v2\/comments?post=3825"}],"version-history":[{"count":1,"href":"http:\/\/liceum-parczew.pl\/index.php\/wp-json\/wp\/v2\/posts\/3825\/revisions"}],"predecessor-version":[{"id":3826,"href":"http:\/\/liceum-parczew.pl\/index.php\/wp-json\/wp\/v2\/posts\/3825\/revisions\/3826"}],"wp:attachment":[{"href":"http:\/\/liceum-parczew.pl\/index.php\/wp-json\/wp\/v2\/media?parent=3825"}],"wp:term":[{"taxonomy":"category","embeddable":true,"href":"http:\/\/liceum-parczew.pl\/index.php\/wp-json\/wp\/v2\/categories?post=3825"},{"taxonomy":"post_tag","embeddable":true,"href":"http:\/\/liceum-parczew.pl\/index.php\/wp-json\/wp\/v2\/tags?post=3825"}],"curies":[{"name":"wp","href":"https:\/\/api.w.org\/{rel}","templated":true}]}}