{"id":3795,"date":"2021-03-24T09:50:58","date_gmt":"2021-03-24T08:50:58","guid":{"rendered":"http:\/\/liceum-parczew.pl\/?p=3795"},"modified":"2021-03-24T09:57:42","modified_gmt":"2021-03-24T08:57:42","slug":"czytamy-wiersze-krzysztofa-kamila-baczynskiego","status":"publish","type":"post","link":"http:\/\/liceum-parczew.pl\/index.php\/2021\/03\/24\/czytamy-wiersze-krzysztofa-kamila-baczynskiego\/","title":{"rendered":"Czytamy wiersze Krzysztofa Kamila Baczy\u0144skiego"},"content":{"rendered":"<p><img loading=\"lazy\" decoding=\"async\" class=\"aligncenter wp-image-3796 size-full\" src=\"http:\/\/liceum-parczew.pl\/wp-content\/uploads\/2021\/03\/K-K-Baczynski-1.png\" alt=\"\" width=\"654\" height=\"600\" srcset=\"http:\/\/liceum-parczew.pl\/wp-content\/uploads\/2021\/03\/K-K-Baczynski-1.png 654w, http:\/\/liceum-parczew.pl\/wp-content\/uploads\/2021\/03\/K-K-Baczynski-1-300x275.png 300w\" sizes=\"auto, (max-width: 654px) 100vw, 654px\" \/><\/p>\n<p>W trwaj\u0105cym Roku Krzysztofa Kamila Baczy\u0144skiego zach\u0119camy do udzia\u0142u w projekcie \u201eCZYTAMY WIERSZE POETY\u201d. Wykonany przez siebie wiersz Krzysztofa Kamila Baczy\u0144skiego nale\u017cy nagra\u0107 &#8211; mo\u017cna do\u0142\u0105czy\u0107 do niego muzyk\u0119 lub utworzy\u0107 filmik i przes\u0142a\u0107 na adres: <a href=\"mailto:biblioteka_lo@interia.pl\">biblioteka_lo@interia.pl<\/a>. Utw\u00f3r zostanie zamieszczony na Facebooku naszej szko\u0142y. Zosta\u0142 ju\u017c opublikowany pierwszy filmik z nagraniem wiersza <a href=\"https:\/\/pl-pl.facebook.com\/120547484704329\/videos\/729826267679581\/\">&#8222;\u015apiew na wiosn\u0119&#8221;<\/a>.<\/p>\n<p>Szczeg\u00f3\u0142owych informacji o projekcie udzielaj\u0105 panie: Monika Szwed i Bo\u017cena Prokopiuk (<a href=\"mailto:biblioteka_lo@interia.pl\">biblioteka_lo@interia.pl<\/a>).<\/p>\n<p>Krzysztof Kamil Baczy\u0144ski nale\u017cy do pokolenia tw\u00f3rc\u00f3w urodzonych na pocz\u0105tku lat dwudziestych XX wieku, kt\u00f3rzy wchodzili w doros\u0142o\u015b\u0107 w czasie II wojny \u015bwiatowej. Poeta \u2013 \u017co\u0142nierz w swoich utworach cz\u0119sto wypowiada\u0142 si\u0119 w liczbie mnogiej, opisywa\u0142 emocje ca\u0142ego m\u0142odego pokolenia do\u015bwiadczonego wojn\u0105, przez co sta\u0142 si\u0119 niejako kronikarzem tragicznych wydarze\u0144. Zgin\u0105\u0142 w powstaniu warszawskim w wieku zaledwie 23 lat i zostawi\u0142 po sobie przesz\u0142o 500 wierszy, kilkana\u015bcie opowiada\u0144 i kilka poemat\u00f3w. Zachowa\u0142o si\u0119 te\u017c kilkaset jego grafik i rysunk\u00f3w do opowiada\u0144, projekt\u00f3w ok\u0142adek ksi\u0105\u017cek i tomik\u00f3w.<\/p>\n<p><a href=\"https:\/\/culture.pl\/pl\/tworca\/krzysztof-kamil-baczynski\">Krzysztof Kamil Baczy\u0144ski &#8211; \u017bycie i tw\u00f3rczo\u015b\u0107 | Artysta | Culture.pl<\/a><\/p>\n<p><a href=\"https:\/\/polona.pl\/collections\/institutions\/1\/baczynski,NDI0ODQ1MDI4MTU4MTA3MTEyNg\/?sort=score%20desc\">Baczy\u0144ski &#8211; kolekcja stworzona przez Biblioteka Narodowa | Polona<\/a><\/p>\n<p><a href=\"http:\/\/www.baczynski.art.pl\/kkb\/\">:: Krzysztof Kamil Baczynski :: Zycie i tworczosc :: Krzysztof Kamil Baczy\u0144ski ::<\/a><\/p>\n<p><a href=\"https:\/\/www.1944.pl\/powstancze-biogramy\/krzysztof-baczynski,805.html\">Powsta\u0144cze Biogramy &#8211; Krzysztof Baczy\u0144ski (1944.pl)<\/a><\/p>\n<p><a href=\"https:\/\/www.youtube.com\/watch?v=aZ0MXMEwQj8\">K.K. Baczy\u0144ski &#8211; Noc zielona by\u0142a&#8230; &#8211; YouTube<\/a><\/p>\n<p><a href=\"https:\/\/www.zeszytyliterackie.pl\/krzysztof-kamil-baczynski-wiersze-2\/\">KRZYSZTOF KAMIL BACZY\u0143SKI, Wiersze (zeszytyliterackie.pl)<\/a><\/p>\n","protected":false},"excerpt":{"rendered":"<p>W trwaj\u0105cym Roku Krzysztofa Kamila Baczy\u0144skiego zach\u0119camy do udzia\u0142u w projekcie \u201eCZYTAMY WIERSZE POETY\u201d. Wykonany przez siebie wiersz Krzysztofa Kamila<\/p>\n","protected":false},"author":1,"featured_media":0,"comment_status":"closed","ping_status":"closed","sticky":false,"template":"","format":"standard","meta":{"colormag_page_container_layout":"default_layout","colormag_page_sidebar_layout":"default_layout","footnotes":""},"categories":[3],"tags":[],"class_list":["post-3795","post","type-post","status-publish","format-standard","hentry","category-aktualnosci"],"_links":{"self":[{"href":"http:\/\/liceum-parczew.pl\/index.php\/wp-json\/wp\/v2\/posts\/3795","targetHints":{"allow":["GET"]}}],"collection":[{"href":"http:\/\/liceum-parczew.pl\/index.php\/wp-json\/wp\/v2\/posts"}],"about":[{"href":"http:\/\/liceum-parczew.pl\/index.php\/wp-json\/wp\/v2\/types\/post"}],"author":[{"embeddable":true,"href":"http:\/\/liceum-parczew.pl\/index.php\/wp-json\/wp\/v2\/users\/1"}],"replies":[{"embeddable":true,"href":"http:\/\/liceum-parczew.pl\/index.php\/wp-json\/wp\/v2\/comments?post=3795"}],"version-history":[{"count":4,"href":"http:\/\/liceum-parczew.pl\/index.php\/wp-json\/wp\/v2\/posts\/3795\/revisions"}],"predecessor-version":[{"id":3800,"href":"http:\/\/liceum-parczew.pl\/index.php\/wp-json\/wp\/v2\/posts\/3795\/revisions\/3800"}],"wp:attachment":[{"href":"http:\/\/liceum-parczew.pl\/index.php\/wp-json\/wp\/v2\/media?parent=3795"}],"wp:term":[{"taxonomy":"category","embeddable":true,"href":"http:\/\/liceum-parczew.pl\/index.php\/wp-json\/wp\/v2\/categories?post=3795"},{"taxonomy":"post_tag","embeddable":true,"href":"http:\/\/liceum-parczew.pl\/index.php\/wp-json\/wp\/v2\/tags?post=3795"}],"curies":[{"name":"wp","href":"https:\/\/api.w.org\/{rel}","templated":true}]}}