{"id":3714,"date":"2021-02-22T15:19:57","date_gmt":"2021-02-22T14:19:57","guid":{"rendered":"http:\/\/liceum-parczew.pl\/?p=3714"},"modified":"2021-02-22T15:19:57","modified_gmt":"2021-02-22T14:19:57","slug":"drzwi-otwarte-pierwsza-sroda-miesiaca-2","status":"publish","type":"post","link":"http:\/\/liceum-parczew.pl\/index.php\/2021\/02\/22\/drzwi-otwarte-pierwsza-sroda-miesiaca-2\/","title":{"rendered":"Drzwi otwarte &#8211; pierwsza \u015broda miesi\u0105ca"},"content":{"rendered":"<p>Dnia 03.03.2021r. od godziny 17:00 odb\u0119dzie si\u0119 w naszej szkole spotkanie z rodzicami w ramach tzw. Pierwszej \u015brody miesi\u0105ca. Spotkanie odb\u0119dzie si\u0119 z zachowaniem zasad re\u017cimu sanitarnego. Zapraszamy.<\/p>\n","protected":false},"excerpt":{"rendered":"<p>Dnia 03.03.2021r. od godziny 17:00 odb\u0119dzie si\u0119 w naszej szkole spotkanie z rodzicami w ramach tzw. Pierwszej \u015brody miesi\u0105ca. Spotkanie<\/p>\n","protected":false},"author":1,"featured_media":0,"comment_status":"closed","ping_status":"closed","sticky":false,"template":"","format":"standard","meta":{"colormag_page_container_layout":"default_layout","colormag_page_sidebar_layout":"default_layout","footnotes":""},"categories":[3],"tags":[],"class_list":["post-3714","post","type-post","status-publish","format-standard","hentry","category-aktualnosci"],"_links":{"self":[{"href":"http:\/\/liceum-parczew.pl\/index.php\/wp-json\/wp\/v2\/posts\/3714","targetHints":{"allow":["GET"]}}],"collection":[{"href":"http:\/\/liceum-parczew.pl\/index.php\/wp-json\/wp\/v2\/posts"}],"about":[{"href":"http:\/\/liceum-parczew.pl\/index.php\/wp-json\/wp\/v2\/types\/post"}],"author":[{"embeddable":true,"href":"http:\/\/liceum-parczew.pl\/index.php\/wp-json\/wp\/v2\/users\/1"}],"replies":[{"embeddable":true,"href":"http:\/\/liceum-parczew.pl\/index.php\/wp-json\/wp\/v2\/comments?post=3714"}],"version-history":[{"count":1,"href":"http:\/\/liceum-parczew.pl\/index.php\/wp-json\/wp\/v2\/posts\/3714\/revisions"}],"predecessor-version":[{"id":3715,"href":"http:\/\/liceum-parczew.pl\/index.php\/wp-json\/wp\/v2\/posts\/3714\/revisions\/3715"}],"wp:attachment":[{"href":"http:\/\/liceum-parczew.pl\/index.php\/wp-json\/wp\/v2\/media?parent=3714"}],"wp:term":[{"taxonomy":"category","embeddable":true,"href":"http:\/\/liceum-parczew.pl\/index.php\/wp-json\/wp\/v2\/categories?post=3714"},{"taxonomy":"post_tag","embeddable":true,"href":"http:\/\/liceum-parczew.pl\/index.php\/wp-json\/wp\/v2\/tags?post=3714"}],"curies":[{"name":"wp","href":"https:\/\/api.w.org\/{rel}","templated":true}]}}