{"id":3549,"date":"2020-10-16T15:17:39","date_gmt":"2020-10-16T13:17:39","guid":{"rendered":"http:\/\/liceum-parczew.pl\/?p=3549"},"modified":"2020-10-16T15:49:59","modified_gmt":"2020-10-16T13:49:59","slug":"praca-w-systemie-hybrydowym","status":"publish","type":"post","link":"http:\/\/liceum-parczew.pl\/index.php\/2020\/10\/16\/praca-w-systemie-hybrydowym\/","title":{"rendered":"PRACA W SYSTEMIE HYBRYDOWYM"},"content":{"rendered":"<p>Od poniedzia\u0142ku 19.10.2020r. nasza szko\u0142a przechodzi na hybrydowy tryb pracy. Cz\u0119\u015b\u0107 klas b\u0119dzie si\u0119 uczy\u0142a w trybie stacjonarnym, a cz\u0119\u015b\u0107 &#8211; zdalnie. Co tydzie\u0144 b\u0119dzie nast\u0119powa\u0142a zamiana klas. Taki system pracy b\u0119dzie obowi\u0105zywa\u0142 do odwo\u0142ania.<\/p>\n<p>Od 19.10 do 23.10. klasy pierwsze i trzecie ucz\u0105 si\u0119 stacjonarnie &#8211; czyli uczniowie przychodz\u0105 do szko\u0142y. Klasy drugie &#8211; nauka zdalna. Po tygodniu nast\u0105pi zamiana: od 26.10. do 30.10. klasy drugie ucz\u0105 si\u0119 stacjonarnie w szkole, klasy pierwsze i trzecie &#8211; nauka zdalna. Itd.<\/p>\n<p>Obowi\u0105zuje dotychczasowy plan lekcji (oczywi\u015bcie z bie\u017c\u0105cymi zmianami). Lekcje zdalne b\u0119d\u0105 si\u0119 odbywa\u0107 w czasie przeznaczonym na dan\u0105 lekcj\u0119 w planie.<\/p>\n","protected":false},"excerpt":{"rendered":"<p>Od poniedzia\u0142ku 19.10.2020r. nasza szko\u0142a przechodzi na hybrydowy tryb pracy. Cz\u0119\u015b\u0107 klas b\u0119dzie si\u0119 uczy\u0142a w trybie stacjonarnym, a cz\u0119\u015b\u0107<\/p>\n","protected":false},"author":1,"featured_media":0,"comment_status":"closed","ping_status":"closed","sticky":false,"template":"","format":"standard","meta":{"colormag_page_container_layout":"default_layout","colormag_page_sidebar_layout":"default_layout","footnotes":""},"categories":[3],"tags":[],"class_list":["post-3549","post","type-post","status-publish","format-standard","hentry","category-aktualnosci"],"_links":{"self":[{"href":"http:\/\/liceum-parczew.pl\/index.php\/wp-json\/wp\/v2\/posts\/3549","targetHints":{"allow":["GET"]}}],"collection":[{"href":"http:\/\/liceum-parczew.pl\/index.php\/wp-json\/wp\/v2\/posts"}],"about":[{"href":"http:\/\/liceum-parczew.pl\/index.php\/wp-json\/wp\/v2\/types\/post"}],"author":[{"embeddable":true,"href":"http:\/\/liceum-parczew.pl\/index.php\/wp-json\/wp\/v2\/users\/1"}],"replies":[{"embeddable":true,"href":"http:\/\/liceum-parczew.pl\/index.php\/wp-json\/wp\/v2\/comments?post=3549"}],"version-history":[{"count":3,"href":"http:\/\/liceum-parczew.pl\/index.php\/wp-json\/wp\/v2\/posts\/3549\/revisions"}],"predecessor-version":[{"id":3552,"href":"http:\/\/liceum-parczew.pl\/index.php\/wp-json\/wp\/v2\/posts\/3549\/revisions\/3552"}],"wp:attachment":[{"href":"http:\/\/liceum-parczew.pl\/index.php\/wp-json\/wp\/v2\/media?parent=3549"}],"wp:term":[{"taxonomy":"category","embeddable":true,"href":"http:\/\/liceum-parczew.pl\/index.php\/wp-json\/wp\/v2\/categories?post=3549"},{"taxonomy":"post_tag","embeddable":true,"href":"http:\/\/liceum-parczew.pl\/index.php\/wp-json\/wp\/v2\/tags?post=3549"}],"curies":[{"name":"wp","href":"https:\/\/api.w.org\/{rel}","templated":true}]}}