{"id":3543,"date":"2020-10-05T13:51:13","date_gmt":"2020-10-05T11:51:13","guid":{"rendered":"http:\/\/liceum-parczew.pl\/?p=3543"},"modified":"2020-10-05T13:59:25","modified_gmt":"2020-10-05T11:59:25","slug":"uczyn-ze-swojego-zycia-arcydzielo","status":"publish","type":"post","link":"http:\/\/liceum-parczew.pl\/index.php\/2020\/10\/05\/uczyn-ze-swojego-zycia-arcydzielo\/","title":{"rendered":"\u201eUczy\u0144 ze swojego \u017cycia arcydzie\u0142o\u201d"},"content":{"rendered":"<p><span style=\"font-size: large;\"> Rok 2020 zosta\u0142 og\u0142oszony przez Sejm Rokiem \u015awi\u0119tego Jana Paw\u0142a II dla uczczenia 100 rocznicy urodzin papie\u017ca. <\/span><\/p>\n<p><span style=\"color: #000000;\"><span style=\"font-family: Liberation Serif, serif;\"><span style=\"font-size: large;\"> \u015awi\u0119ty Jan Pawe\u0142 II by\u0142 cz\u0142owiekiem pokoju i nadziei. Z niespotykan\u0105 pogod\u0105 i mi\u0142o\u015bci\u0105, ale i niezwyk\u0142\u0105 si\u0142\u0105 i pewno\u015bci\u0105 wskazywa\u0142 ca\u0142emu \u015bwiatu, ka\u017cdej wsp\u00f3lnocie, wszystkim ludziom, ka\u017cdemu cz\u0142owiekowi, jak \u017cycie czyni\u0107 bardziej ludzkim. Uczy\u0142 nas, \u017ce \u017cadna wsp\u00f3lnota nie mo\u017ce przetrwa\u0107 bez prawdziwej solidarno\u015bci, ale tak\u017ce solidarno\u015b\u0107 nie mo\u017ce istnie\u0107 bez mi\u0142o\u015bci. <\/span><\/span><\/span><span style=\"color: #000000;\"><span style=\"font-family: Liberation Serif, serif;\"><span style=\"font-size: large;\">Pozostaje On <\/span><\/span><\/span><span style=\"color: #000000;\"><span style=\"font-family: Liberation Serif, serif;\"><span style=\"font-size: large;\">dla nas drogowskazem, zgodnie z kt\u00f3rym mo\u017cemy pewnie kroczy\u0107 <\/span><\/span><\/span><span style=\"color: #000000;\"><span style=\"font-family: Liberation Serif, serif;\"><span style=\"font-size: large;\">przez \u017cycie<\/span><\/span><\/span><span style=\"color: #000000;\"><span style=\"font-family: Muli, sans-serif;\"><span style=\"font-size: large;\">.<\/span><\/span><\/span><\/p>\n<p><span style=\"font-size: large;\"> Planujemy w naszej szkole obchody roku pod has\u0142em <\/span><span style=\"font-size: large;\"><b>\u201eUczy\u0144 ze swojego \u017cycia arcydzie\u0142o\u201d<\/b><\/span><span style=\"font-size: large;\"> wywiedzionym <\/span><span style=\"font-size: large;\">ze<\/span><span style=\"font-size: large;\"> s\u0142\u00f3w \u015bwi\u0119tego: <\/span><em><span style=\"color: #111111;\"><span style=\"font-family: Liberation Serif, serif;\"><span style=\"font-size: large;\">\u201eZadaniem ka\u017cdego cz\u0142owieka jest by\u0107 tw\u00f3rc\u0105 w\u0142asnego \u017cycia: cz\u0142owiek ma uczyni\u0107 z niego arcydzie\u0142o sztuki.\u201d<\/span><\/span><\/span><\/em><\/p>\n<p><span style=\"font-size: large;\"> W zwi\u0105zku ze zbli\u017caj\u0105cym si\u0119 dniem (16 pa\u017adziernika) wyboru Karola Wojty\u0142y na papie\u017ca zapraszamy uczni\u00f3w do projektu, w kt\u00f3rym poszczeg\u00f3lne klasy maj\u0105 za zadanie stworzy\u0107 plakat inspirowany my\u015bl\u0105 Jana Paw\u0142a II. <\/span><\/p>\n<p><span style=\"font-size: large;\">Minimalna wielko\u015b\u0107 plakatu to format A3. Technika wykonania dowolna.<\/span><\/p>\n<p><span style=\"font-size: large;\">Prace nale\u017cy dostarczy\u0107 do dnia 14 pa\u017adziernika do sali 34 lub do biblioteki. <\/span><\/p>\n<p><span style=\"font-size: large;\">Planowana jest wystawa prac w holu szko\u0142y.<\/span><\/p>\n<p><span style=\"font-size: large;\">Informacji o projekcie udziela ks. \u0141ukasz Ka\u0142aska i p. Bo\u017cena Prokopiuk. <\/span><\/p>\n<p><img loading=\"lazy\" decoding=\"async\" class=\"aligncenter wp-image-3544 size-full\" src=\"http:\/\/liceum-parczew.pl\/wp-content\/uploads\/2020\/10\/P1.jpg\" alt=\"\" width=\"488\" height=\"690\" srcset=\"http:\/\/liceum-parczew.pl\/wp-content\/uploads\/2020\/10\/P1.jpg 488w, http:\/\/liceum-parczew.pl\/wp-content\/uploads\/2020\/10\/P1-212x300.jpg 212w\" sizes=\"auto, (max-width: 488px) 100vw, 488px\" \/><\/p>\n","protected":false},"excerpt":{"rendered":"<p>Rok 2020 zosta\u0142 og\u0142oszony przez Sejm Rokiem \u015awi\u0119tego Jana Paw\u0142a II dla uczczenia 100 rocznicy urodzin papie\u017ca. \u015awi\u0119ty Jan Pawe\u0142<\/p>\n","protected":false},"author":1,"featured_media":0,"comment_status":"closed","ping_status":"closed","sticky":false,"template":"","format":"standard","meta":{"colormag_page_container_layout":"default_layout","colormag_page_sidebar_layout":"default_layout","footnotes":""},"categories":[3],"tags":[],"class_list":["post-3543","post","type-post","status-publish","format-standard","hentry","category-aktualnosci"],"_links":{"self":[{"href":"http:\/\/liceum-parczew.pl\/index.php\/wp-json\/wp\/v2\/posts\/3543","targetHints":{"allow":["GET"]}}],"collection":[{"href":"http:\/\/liceum-parczew.pl\/index.php\/wp-json\/wp\/v2\/posts"}],"about":[{"href":"http:\/\/liceum-parczew.pl\/index.php\/wp-json\/wp\/v2\/types\/post"}],"author":[{"embeddable":true,"href":"http:\/\/liceum-parczew.pl\/index.php\/wp-json\/wp\/v2\/users\/1"}],"replies":[{"embeddable":true,"href":"http:\/\/liceum-parczew.pl\/index.php\/wp-json\/wp\/v2\/comments?post=3543"}],"version-history":[{"count":1,"href":"http:\/\/liceum-parczew.pl\/index.php\/wp-json\/wp\/v2\/posts\/3543\/revisions"}],"predecessor-version":[{"id":3545,"href":"http:\/\/liceum-parczew.pl\/index.php\/wp-json\/wp\/v2\/posts\/3543\/revisions\/3545"}],"wp:attachment":[{"href":"http:\/\/liceum-parczew.pl\/index.php\/wp-json\/wp\/v2\/media?parent=3543"}],"wp:term":[{"taxonomy":"category","embeddable":true,"href":"http:\/\/liceum-parczew.pl\/index.php\/wp-json\/wp\/v2\/categories?post=3543"},{"taxonomy":"post_tag","embeddable":true,"href":"http:\/\/liceum-parczew.pl\/index.php\/wp-json\/wp\/v2\/tags?post=3543"}],"curies":[{"name":"wp","href":"https:\/\/api.w.org\/{rel}","templated":true}]}}