{"id":3540,"date":"2020-10-02T10:02:52","date_gmt":"2020-10-02T08:02:52","guid":{"rendered":"http:\/\/liceum-parczew.pl\/?p=3540"},"modified":"2020-10-02T10:02:52","modified_gmt":"2020-10-02T08:02:52","slug":"drzwi-otwarte-pierwsza-sroda-miesiaca","status":"publish","type":"post","link":"http:\/\/liceum-parczew.pl\/index.php\/2020\/10\/02\/drzwi-otwarte-pierwsza-sroda-miesiaca\/","title":{"rendered":"Drzwi otwarte &#8211; pierwsza \u015broda miesi\u0105ca"},"content":{"rendered":"<p>07.10.2020r. odb\u0119d\u0105 si\u0119 drzwi otwarte &#8211; tzw. pierwsza \u015broda miesi\u0105ca. W godzinach 17:00 &#8211; 18:00 wszyscy nauczyciele b\u0119d\u0105 do Pa\u0144stwa dyspozycji. Zapraszamy.<\/p>\n","protected":false},"excerpt":{"rendered":"<p>07.10.2020r. odb\u0119d\u0105 si\u0119 drzwi otwarte &#8211; tzw. pierwsza \u015broda miesi\u0105ca. W godzinach 17:00 &#8211; 18:00 wszyscy nauczyciele b\u0119d\u0105 do Pa\u0144stwa<\/p>\n","protected":false},"author":1,"featured_media":0,"comment_status":"closed","ping_status":"closed","sticky":false,"template":"","format":"standard","meta":{"colormag_page_container_layout":"default_layout","colormag_page_sidebar_layout":"default_layout","footnotes":""},"categories":[3],"tags":[],"class_list":["post-3540","post","type-post","status-publish","format-standard","hentry","category-aktualnosci"],"_links":{"self":[{"href":"http:\/\/liceum-parczew.pl\/index.php\/wp-json\/wp\/v2\/posts\/3540","targetHints":{"allow":["GET"]}}],"collection":[{"href":"http:\/\/liceum-parczew.pl\/index.php\/wp-json\/wp\/v2\/posts"}],"about":[{"href":"http:\/\/liceum-parczew.pl\/index.php\/wp-json\/wp\/v2\/types\/post"}],"author":[{"embeddable":true,"href":"http:\/\/liceum-parczew.pl\/index.php\/wp-json\/wp\/v2\/users\/1"}],"replies":[{"embeddable":true,"href":"http:\/\/liceum-parczew.pl\/index.php\/wp-json\/wp\/v2\/comments?post=3540"}],"version-history":[{"count":2,"href":"http:\/\/liceum-parczew.pl\/index.php\/wp-json\/wp\/v2\/posts\/3540\/revisions"}],"predecessor-version":[{"id":3542,"href":"http:\/\/liceum-parczew.pl\/index.php\/wp-json\/wp\/v2\/posts\/3540\/revisions\/3542"}],"wp:attachment":[{"href":"http:\/\/liceum-parczew.pl\/index.php\/wp-json\/wp\/v2\/media?parent=3540"}],"wp:term":[{"taxonomy":"category","embeddable":true,"href":"http:\/\/liceum-parczew.pl\/index.php\/wp-json\/wp\/v2\/categories?post=3540"},{"taxonomy":"post_tag","embeddable":true,"href":"http:\/\/liceum-parczew.pl\/index.php\/wp-json\/wp\/v2\/tags?post=3540"}],"curies":[{"name":"wp","href":"https:\/\/api.w.org\/{rel}","templated":true}]}}