{"id":3517,"date":"2020-09-23T15:09:07","date_gmt":"2020-09-23T13:09:07","guid":{"rendered":"http:\/\/liceum-parczew.pl\/?p=3517"},"modified":"2020-09-23T15:09:07","modified_gmt":"2020-09-23T13:09:07","slug":"wielka-zbiorka-ksiazek","status":"publish","type":"post","link":"http:\/\/liceum-parczew.pl\/index.php\/2020\/09\/23\/wielka-zbiorka-ksiazek\/","title":{"rendered":"Wielka Zbi\u00f3rka Ksi\u0105\u017cek"},"content":{"rendered":"<p>Spieszymy poinformowa\u0107, \u017ce do\u0142\u0105czyli\u015bmy do og\u00f3lnopolskiej akcji zbierania ksi\u0105\u017cek, kt\u00f3re ju\u017c przeczytali\u015bmy i mo\u017cemy odda\u0107 potrzebuj\u0105cym. Zebrane ksi\u0105\u017cki zostan\u0105 przekazane beneficjentom Fundacji Zaczytani.org: szpitalom, plac\u00f3wkom opieku\u0144czo-wychowawczym, \u015bwietlicom wiejskim i \u015brodowiskowym, zak\u0142adom karnym.<\/p>\n<p>Ksi\u0105\u017cki, kt\u00f3rymi chcecie si\u0119 podzieli\u0107 z innymi mo\u017cecie przynosi\u0107 do specjalnego pude\u0142ka znajduj\u0105cego si\u0119 w bibliotece szkolnej. Mog\u0105 to by\u0107 ksi\u0105\u017cki dla dzieci, m\u0142odzie\u017cy i doros\u0142ych spe\u0142niaj\u0105ce kryteria:<\/p>\n<ul>\n<li>zosta\u0142y wydane po 2000 roku,<\/li>\n<li>s\u0105 napisane w j\u0119zyku polskim,<\/li>\n<li>s\u0105 nowe lub u\u017cywane, ale w bardzo dobrym stanie.<\/li>\n<\/ul>\n<p>Akcja trwa do 11 pa\u017adziernika. Zapraszamy!<\/p>\n<p>Uczniowie klasy II d z Wychowawc\u0105<\/p>\n<p>i Biblioteka szkolna<\/p>\n<p><img loading=\"lazy\" decoding=\"async\" class=\"alignnone wp-image-3519 size-full\" src=\"http:\/\/liceum-parczew.pl\/wp-content\/uploads\/2020\/09\/zbiorka.jpg\" alt=\"\" width=\"794\" height=\"1123\" srcset=\"http:\/\/liceum-parczew.pl\/wp-content\/uploads\/2020\/09\/zbiorka.jpg 794w, http:\/\/liceum-parczew.pl\/wp-content\/uploads\/2020\/09\/zbiorka-212x300.jpg 212w, http:\/\/liceum-parczew.pl\/wp-content\/uploads\/2020\/09\/zbiorka-724x1024.jpg 724w, http:\/\/liceum-parczew.pl\/wp-content\/uploads\/2020\/09\/zbiorka-768x1086.jpg 768w\" sizes=\"auto, (max-width: 794px) 100vw, 794px\" \/><\/p>\n","protected":false},"excerpt":{"rendered":"<p>Spieszymy poinformowa\u0107, \u017ce do\u0142\u0105czyli\u015bmy do og\u00f3lnopolskiej akcji zbierania ksi\u0105\u017cek, kt\u00f3re ju\u017c przeczytali\u015bmy i mo\u017cemy odda\u0107 potrzebuj\u0105cym. Zebrane ksi\u0105\u017cki zostan\u0105 przekazane<\/p>\n","protected":false},"author":1,"featured_media":3518,"comment_status":"closed","ping_status":"closed","sticky":false,"template":"","format":"standard","meta":{"colormag_page_container_layout":"default_layout","colormag_page_sidebar_layout":"default_layout","footnotes":""},"categories":[3],"tags":[],"class_list":["post-3517","post","type-post","status-publish","format-standard","has-post-thumbnail","hentry","category-aktualnosci"],"_links":{"self":[{"href":"http:\/\/liceum-parczew.pl\/index.php\/wp-json\/wp\/v2\/posts\/3517","targetHints":{"allow":["GET"]}}],"collection":[{"href":"http:\/\/liceum-parczew.pl\/index.php\/wp-json\/wp\/v2\/posts"}],"about":[{"href":"http:\/\/liceum-parczew.pl\/index.php\/wp-json\/wp\/v2\/types\/post"}],"author":[{"embeddable":true,"href":"http:\/\/liceum-parczew.pl\/index.php\/wp-json\/wp\/v2\/users\/1"}],"replies":[{"embeddable":true,"href":"http:\/\/liceum-parczew.pl\/index.php\/wp-json\/wp\/v2\/comments?post=3517"}],"version-history":[{"count":1,"href":"http:\/\/liceum-parczew.pl\/index.php\/wp-json\/wp\/v2\/posts\/3517\/revisions"}],"predecessor-version":[{"id":3520,"href":"http:\/\/liceum-parczew.pl\/index.php\/wp-json\/wp\/v2\/posts\/3517\/revisions\/3520"}],"wp:featuredmedia":[{"embeddable":true,"href":"http:\/\/liceum-parczew.pl\/index.php\/wp-json\/wp\/v2\/media\/3518"}],"wp:attachment":[{"href":"http:\/\/liceum-parczew.pl\/index.php\/wp-json\/wp\/v2\/media?parent=3517"}],"wp:term":[{"taxonomy":"category","embeddable":true,"href":"http:\/\/liceum-parczew.pl\/index.php\/wp-json\/wp\/v2\/categories?post=3517"},{"taxonomy":"post_tag","embeddable":true,"href":"http:\/\/liceum-parczew.pl\/index.php\/wp-json\/wp\/v2\/tags?post=3517"}],"curies":[{"name":"wp","href":"https:\/\/api.w.org\/{rel}","templated":true}]}}