{"id":3387,"date":"2020-08-28T09:40:42","date_gmt":"2020-08-28T07:40:42","guid":{"rendered":"http:\/\/liceum-parczew.pl\/?p=3387"},"modified":"2020-08-28T09:40:42","modified_gmt":"2020-08-28T07:40:42","slug":"rozpoczecie-roku-szkolnego-2020-2021","status":"publish","type":"post","link":"http:\/\/liceum-parczew.pl\/index.php\/2020\/08\/28\/rozpoczecie-roku-szkolnego-2020-2021\/","title":{"rendered":"Rozpocz\u0119cie Roku Szkolnego 2020\/2021"},"content":{"rendered":"<p>W jaki spos\u00f3b powitamy Rok Szkolny 2020\/2021 w I Liceum Og\u00f3lnokszta\u0142c\u0105cym im. Miko\u0142aja Kopernika w Parczewie 1 wrze\u015bnia 2020r.?<\/p>\n<p>O godzinie 8:00 w Bazylice Mniejszej odprawiona zostanie Msza \u015awi\u0119ta.<\/p>\n<p>Uroczysto\u015b\u0107 rozpocz\u0119cia Roku Szkolnego 2020\/2021 dla klas pierwszych odb\u0119dzie si\u0119 o godzinie 9:30 na boisku szkolnym. Je\u017celi pogoda b\u0119dzie niesprzyjaj\u0105ca spotkanie przeniesiemy na sal\u0119 gimnastyczn\u0105 &#8211; wchodzimy wtedy wej\u015bciem bocznym. Nast\u0119pnie uczniowie spotkaj\u0105 si\u0119 z wychowawcami w klasach:<\/p>\n<p>1a &#8211; sala nr 28<\/p>\n<p>1b &#8211; sala nr 9<\/p>\n<p>1d &#8211; sala nr 20<\/p>\n<p>Klasy drugie i trzecie zapraszamy na godzin\u0119 10:00. Odb\u0119d\u0105 si\u0119 dla Was spotkania w klasach z wychowawcami:<\/p>\n<p>2a &#8211; sala nr 10<\/p>\n<p>2b &#8211; sala nr 31<\/p>\n<p>2d &#8211; sala nr 16<\/p>\n<p>2an &#8211; sala nr 21<\/p>\n<p>2bn &#8211; sala nr 11<\/p>\n<p>2dn &#8211; sala nr 32<\/p>\n<p>3a &#8211; sala nr 30<\/p>\n<p>3b &#8211; sala nr 13<\/p>\n<p>3c &#8211; sala nr 35<\/p>\n<p>&nbsp;<\/p>\n<p>Przy wej\u015bciu do szko\u0142y obowi\u0105zuje dezynfekcja r\u0105k. Zalecane jest posiadanie \u015brodk\u00f3w ochrony osobistej (maseczka, przy\u0142bica). Prosimy uczni\u00f3w, \u017ceby po przyj\u015bciu do szko\u0142y nie gromadzi\u0107 si\u0119 przed budynkiem i na korytarzach tylko przej\u015b\u0107 do wyznaczonych sal lekcyjnych.<\/p>\n","protected":false},"excerpt":{"rendered":"<p>W jaki spos\u00f3b powitamy Rok Szkolny 2020\/2021 w I Liceum Og\u00f3lnokszta\u0142c\u0105cym im. Miko\u0142aja Kopernika w Parczewie 1 wrze\u015bnia 2020r.? O<\/p>\n","protected":false},"author":1,"featured_media":0,"comment_status":"closed","ping_status":"closed","sticky":false,"template":"","format":"standard","meta":{"colormag_page_container_layout":"default_layout","colormag_page_sidebar_layout":"default_layout","footnotes":""},"categories":[3],"tags":[],"class_list":["post-3387","post","type-post","status-publish","format-standard","hentry","category-aktualnosci"],"_links":{"self":[{"href":"http:\/\/liceum-parczew.pl\/index.php\/wp-json\/wp\/v2\/posts\/3387","targetHints":{"allow":["GET"]}}],"collection":[{"href":"http:\/\/liceum-parczew.pl\/index.php\/wp-json\/wp\/v2\/posts"}],"about":[{"href":"http:\/\/liceum-parczew.pl\/index.php\/wp-json\/wp\/v2\/types\/post"}],"author":[{"embeddable":true,"href":"http:\/\/liceum-parczew.pl\/index.php\/wp-json\/wp\/v2\/users\/1"}],"replies":[{"embeddable":true,"href":"http:\/\/liceum-parczew.pl\/index.php\/wp-json\/wp\/v2\/comments?post=3387"}],"version-history":[{"count":2,"href":"http:\/\/liceum-parczew.pl\/index.php\/wp-json\/wp\/v2\/posts\/3387\/revisions"}],"predecessor-version":[{"id":3389,"href":"http:\/\/liceum-parczew.pl\/index.php\/wp-json\/wp\/v2\/posts\/3387\/revisions\/3389"}],"wp:attachment":[{"href":"http:\/\/liceum-parczew.pl\/index.php\/wp-json\/wp\/v2\/media?parent=3387"}],"wp:term":[{"taxonomy":"category","embeddable":true,"href":"http:\/\/liceum-parczew.pl\/index.php\/wp-json\/wp\/v2\/categories?post=3387"},{"taxonomy":"post_tag","embeddable":true,"href":"http:\/\/liceum-parczew.pl\/index.php\/wp-json\/wp\/v2\/tags?post=3387"}],"curies":[{"name":"wp","href":"https:\/\/api.w.org\/{rel}","templated":true}]}}