{"id":3373,"date":"2020-07-21T13:22:32","date_gmt":"2020-07-21T11:22:32","guid":{"rendered":"http:\/\/liceum-parczew.pl\/?p=3373"},"modified":"2020-08-18T14:24:28","modified_gmt":"2020-08-18T12:24:28","slug":"zestaw-podrecznikow-na-rok-szkolny-2020-2021","status":"publish","type":"post","link":"http:\/\/liceum-parczew.pl\/index.php\/2020\/07\/21\/zestaw-podrecznikow-na-rok-szkolny-2020-2021\/","title":{"rendered":"Zestawy podr\u0119cznik\u00f3w na rok szkolny 2020\/2021"},"content":{"rendered":"<p>W menu <strong>Uczniowie-Zestaw podr\u0119cznik\u00f3w<\/strong> zamie\u015bcili\u015bmy zestawy podr\u0119cznik\u00f3w obowi\u0105zuj\u0105cych w roku szkolnym 2020\/2021.<\/p>\n<p>Poni\u017cej linki do zestaw\u00f3w:<\/p>\n<p><a href=\"http:\/\/liceum-parczew.pl\/wp-content\/uploads\/2020\/07\/Zestaw-podr\u0119cznik\u00f3w-2020-2021-trzyletnie-lo-1.pdf\">Zestaw podr\u0119cznik\u00f3w 2020-2021 trzyletnie lo<\/a><\/p>\n<p><a href=\"http:\/\/liceum-parczew.pl\/wp-content\/uploads\/2020\/07\/Zestaw-podrecznikow-2020-2021-czteroletnie-lo.pdf\">Zestaw podr\u0119cznik\u00f3w 2020-2021 czteroletnie lo<\/a><\/p>\n","protected":false},"excerpt":{"rendered":"<p>W menu Uczniowie-Zestaw podr\u0119cznik\u00f3w zamie\u015bcili\u015bmy zestawy podr\u0119cznik\u00f3w obowi\u0105zuj\u0105cych w roku szkolnym 2020\/2021. Poni\u017cej linki do zestaw\u00f3w: Zestaw podr\u0119cznik\u00f3w 2020-2021 trzyletnie<\/p>\n","protected":false},"author":1,"featured_media":0,"comment_status":"closed","ping_status":"closed","sticky":false,"template":"","format":"standard","meta":{"colormag_page_container_layout":"default_layout","colormag_page_sidebar_layout":"default_layout","footnotes":""},"categories":[3],"tags":[],"class_list":["post-3373","post","type-post","status-publish","format-standard","hentry","category-aktualnosci"],"_links":{"self":[{"href":"http:\/\/liceum-parczew.pl\/index.php\/wp-json\/wp\/v2\/posts\/3373","targetHints":{"allow":["GET"]}}],"collection":[{"href":"http:\/\/liceum-parczew.pl\/index.php\/wp-json\/wp\/v2\/posts"}],"about":[{"href":"http:\/\/liceum-parczew.pl\/index.php\/wp-json\/wp\/v2\/types\/post"}],"author":[{"embeddable":true,"href":"http:\/\/liceum-parczew.pl\/index.php\/wp-json\/wp\/v2\/users\/1"}],"replies":[{"embeddable":true,"href":"http:\/\/liceum-parczew.pl\/index.php\/wp-json\/wp\/v2\/comments?post=3373"}],"version-history":[{"count":5,"href":"http:\/\/liceum-parczew.pl\/index.php\/wp-json\/wp\/v2\/posts\/3373\/revisions"}],"predecessor-version":[{"id":3383,"href":"http:\/\/liceum-parczew.pl\/index.php\/wp-json\/wp\/v2\/posts\/3373\/revisions\/3383"}],"wp:attachment":[{"href":"http:\/\/liceum-parczew.pl\/index.php\/wp-json\/wp\/v2\/media?parent=3373"}],"wp:term":[{"taxonomy":"category","embeddable":true,"href":"http:\/\/liceum-parczew.pl\/index.php\/wp-json\/wp\/v2\/categories?post=3373"},{"taxonomy":"post_tag","embeddable":true,"href":"http:\/\/liceum-parczew.pl\/index.php\/wp-json\/wp\/v2\/tags?post=3373"}],"curies":[{"name":"wp","href":"https:\/\/api.w.org\/{rel}","templated":true}]}}