{"id":3316,"date":"2020-06-05T11:25:07","date_gmt":"2020-06-05T09:25:07","guid":{"rendered":"http:\/\/liceum-parczew.pl\/?p=3316"},"modified":"2020-06-25T12:30:23","modified_gmt":"2020-06-25T10:30:23","slug":"bluzy","status":"publish","type":"post","link":"http:\/\/liceum-parczew.pl\/index.php\/2020\/06\/05\/bluzy\/","title":{"rendered":"Bluzy &#8222;Kopernika&#8221;"},"content":{"rendered":"<p>Mi\u0142o nam poinformowa\u0107, \u017ce w tym roku uczniowie naszego Liceum, b\u0119d\u0105 mogli nosi\u0107 bluzy z logo naszej szko\u0142y, w r\u00f3\u017cnych wariantach kolorystycznych.<\/p>\n<p><img loading=\"lazy\" decoding=\"async\" class=\"aligncenter wp-image-3317 size-large\" src=\"http:\/\/liceum-parczew.pl\/wp-content\/uploads\/2020\/06\/bluza1-768x1024.jpg\" alt=\"\" width=\"768\" height=\"1024\" srcset=\"http:\/\/liceum-parczew.pl\/wp-content\/uploads\/2020\/06\/bluza1-768x1024.jpg 768w, http:\/\/liceum-parczew.pl\/wp-content\/uploads\/2020\/06\/bluza1-225x300.jpg 225w\" sizes=\"auto, (max-width: 768px) 100vw, 768px\" \/><\/p>\n<p><img loading=\"lazy\" decoding=\"async\" class=\"wp-image-3318 size-large aligncenter\" src=\"http:\/\/liceum-parczew.pl\/wp-content\/uploads\/2020\/06\/bluza-2-768x1024.jpg\" alt=\"\" width=\"768\" height=\"1024\" srcset=\"http:\/\/liceum-parczew.pl\/wp-content\/uploads\/2020\/06\/bluza-2-768x1024.jpg 768w, http:\/\/liceum-parczew.pl\/wp-content\/uploads\/2020\/06\/bluza-2-225x300.jpg 225w, http:\/\/liceum-parczew.pl\/wp-content\/uploads\/2020\/06\/bluza-2.jpg 1536w\" sizes=\"auto, (max-width: 768px) 100vw, 768px\" \/><\/p>\n","protected":false},"excerpt":{"rendered":"<p>Mi\u0142o nam poinformowa\u0107, \u017ce w tym roku uczniowie naszego Liceum, b\u0119d\u0105 mogli nosi\u0107 bluzy z logo naszej szko\u0142y, w r\u00f3\u017cnych<\/p>\n","protected":false},"author":1,"featured_media":0,"comment_status":"closed","ping_status":"closed","sticky":false,"template":"","format":"standard","meta":{"colormag_page_container_layout":"default_layout","colormag_page_sidebar_layout":"default_layout","footnotes":""},"categories":[3],"tags":[],"class_list":["post-3316","post","type-post","status-publish","format-standard","hentry","category-aktualnosci"],"_links":{"self":[{"href":"http:\/\/liceum-parczew.pl\/index.php\/wp-json\/wp\/v2\/posts\/3316","targetHints":{"allow":["GET"]}}],"collection":[{"href":"http:\/\/liceum-parczew.pl\/index.php\/wp-json\/wp\/v2\/posts"}],"about":[{"href":"http:\/\/liceum-parczew.pl\/index.php\/wp-json\/wp\/v2\/types\/post"}],"author":[{"embeddable":true,"href":"http:\/\/liceum-parczew.pl\/index.php\/wp-json\/wp\/v2\/users\/1"}],"replies":[{"embeddable":true,"href":"http:\/\/liceum-parczew.pl\/index.php\/wp-json\/wp\/v2\/comments?post=3316"}],"version-history":[{"count":3,"href":"http:\/\/liceum-parczew.pl\/index.php\/wp-json\/wp\/v2\/posts\/3316\/revisions"}],"predecessor-version":[{"id":3321,"href":"http:\/\/liceum-parczew.pl\/index.php\/wp-json\/wp\/v2\/posts\/3316\/revisions\/3321"}],"wp:attachment":[{"href":"http:\/\/liceum-parczew.pl\/index.php\/wp-json\/wp\/v2\/media?parent=3316"}],"wp:term":[{"taxonomy":"category","embeddable":true,"href":"http:\/\/liceum-parczew.pl\/index.php\/wp-json\/wp\/v2\/categories?post=3316"},{"taxonomy":"post_tag","embeddable":true,"href":"http:\/\/liceum-parczew.pl\/index.php\/wp-json\/wp\/v2\/tags?post=3316"}],"curies":[{"name":"wp","href":"https:\/\/api.w.org\/{rel}","templated":true}]}}