{"id":3272,"date":"2020-06-02T10:45:50","date_gmt":"2020-06-02T08:45:50","guid":{"rendered":"http:\/\/liceum-parczew.pl\/?p=3272"},"modified":"2020-06-08T07:14:17","modified_gmt":"2020-06-08T05:14:17","slug":"dni-wolne-od-zajec-dydaktycznych","status":"publish","type":"post","link":"http:\/\/liceum-parczew.pl\/index.php\/2020\/06\/02\/dni-wolne-od-zajec-dydaktycznych\/","title":{"rendered":"Dni wolne od zaj\u0119\u0107 dydaktycznych, nauka zdalna do 26.06.2020r."},"content":{"rendered":"<p>Przypominamy, \u017ce 8, 9, 10 i 12 czerwca 2020r. s\u0105 dniami wolnymi od zaj\u0119\u0107 dydaktycznych, tzw. Dni Dyrektorskie.<\/p>\n<p>Nauka zdalna zosta\u0142a przed\u0142u\u017cona do ko\u0144ca roku szkolnego, czyli do 26.06.2020r.<\/p>\n","protected":false},"excerpt":{"rendered":"<p>Przypominamy, \u017ce 8, 9, 10 i 12 czerwca 2020r. s\u0105 dniami wolnymi od zaj\u0119\u0107 dydaktycznych, tzw. Dni Dyrektorskie. Nauka zdalna<\/p>\n","protected":false},"author":1,"featured_media":0,"comment_status":"closed","ping_status":"closed","sticky":false,"template":"","format":"standard","meta":{"colormag_page_container_layout":"default_layout","colormag_page_sidebar_layout":"default_layout","footnotes":""},"categories":[3],"tags":[],"class_list":["post-3272","post","type-post","status-publish","format-standard","hentry","category-aktualnosci"],"_links":{"self":[{"href":"http:\/\/liceum-parczew.pl\/index.php\/wp-json\/wp\/v2\/posts\/3272","targetHints":{"allow":["GET"]}}],"collection":[{"href":"http:\/\/liceum-parczew.pl\/index.php\/wp-json\/wp\/v2\/posts"}],"about":[{"href":"http:\/\/liceum-parczew.pl\/index.php\/wp-json\/wp\/v2\/types\/post"}],"author":[{"embeddable":true,"href":"http:\/\/liceum-parczew.pl\/index.php\/wp-json\/wp\/v2\/users\/1"}],"replies":[{"embeddable":true,"href":"http:\/\/liceum-parczew.pl\/index.php\/wp-json\/wp\/v2\/comments?post=3272"}],"version-history":[{"count":5,"href":"http:\/\/liceum-parczew.pl\/index.php\/wp-json\/wp\/v2\/posts\/3272\/revisions"}],"predecessor-version":[{"id":3278,"href":"http:\/\/liceum-parczew.pl\/index.php\/wp-json\/wp\/v2\/posts\/3272\/revisions\/3278"}],"wp:attachment":[{"href":"http:\/\/liceum-parczew.pl\/index.php\/wp-json\/wp\/v2\/media?parent=3272"}],"wp:term":[{"taxonomy":"category","embeddable":true,"href":"http:\/\/liceum-parczew.pl\/index.php\/wp-json\/wp\/v2\/categories?post=3272"},{"taxonomy":"post_tag","embeddable":true,"href":"http:\/\/liceum-parczew.pl\/index.php\/wp-json\/wp\/v2\/tags?post=3272"}],"curies":[{"name":"wp","href":"https:\/\/api.w.org\/{rel}","templated":true}]}}