{"id":3070,"date":"2020-04-27T11:30:29","date_gmt":"2020-04-27T09:30:29","guid":{"rendered":"http:\/\/liceum-parczew.pl\/?p=3070"},"modified":"2020-04-27T11:30:29","modified_gmt":"2020-04-27T09:30:29","slug":"slowo-do-maturzystow-wicestarosty-parczewskiego","status":"publish","type":"post","link":"http:\/\/liceum-parczew.pl\/index.php\/2020\/04\/27\/slowo-do-maturzystow-wicestarosty-parczewskiego\/","title":{"rendered":"S\u0142owo Do Maturzyst\u00f3w Wicestarosty Parczewskiego"},"content":{"rendered":"<p>Drodzy Maturzy\u015bci,<\/p>\n<p>W miniony pi\u0105tek zako\u0144czyli\u015bcie sw\u00f3j ostatni rok szkolny w szkole \u015bredniej.<\/p>\n<p>Jak si\u0119 okaza\u0142o by\u0142 to rok, kt\u00f3ry na pewno utkwi w Waszej pami\u0119ci, gdy\u017c z powodu panuj\u0105cej pandemii nie mogli\u015bcie go zako\u0144czy\u0107 w normalnym trybie, a tym samym r\u00f3wnie\u017c odbi\u00f3r \u015bwiadectw przebieg\u0142 w zupe\u0142nie odmiennej i nowej dla wszystkich rzeczywisto\u015bci.<\/p>\n<p>Pragn\u0119 Wam podzi\u0119kowa\u0107 za te lata sp\u0119dzone w Zespole Szk\u00f3\u0142 w Parczewie oraz w Liceum Og\u00f3lnokszta\u0142c\u0105cym w Parczewie, gdzie, dzi\u0119ki zaanga\u017cowaniu grona pedagogicznego mogli\u015bcie nabywa\u0107 wiedz\u0119\u00a0oraz kszta\u0142towa\u0107 swoje umiej\u0119tno\u015bci, kt\u00f3re niew\u0105tpliwie b\u0119d\u0105 pomocne w realizacji Waszych \u017cyciowych zamierze\u0144.<\/p>\n<p>Dzi\u0119kuj\u0119 r\u00f3wnie\u017c za to, \u017ce promowali\u015bcie Wasze szko\u0142y, a przez to Powiat Parczewski, w r\u00f3\u017cnego rodzaju konkursach, olimpiadach i zawodach odnosz\u0105c liczne sukcesy. Mam nadziej\u0119, \u017ce b\u0119d\u0105c rozrzuconymi po \u015bwiecie nie zapomnicie, gdzie si\u0119gaj\u0105 Wasze korzenie.<\/p>\n<p>Teraz przed Wami egzamin maturalny, r\u00f3wnie\u017c inny, bo z powodu obecnie panuj\u0105cej sytuacji odb\u0119dzie si\u0119 w innym terminie &#8211; czerwcowym, w innej formule &#8211; tylko pisemnej i na innych zasadach \u2013 z zachowaniem \u015bci\u015ble okre\u015blonych wymog\u00f3w bezpiecze\u0144stwa.<\/p>\n<p>To nowe do\u015bwiadczenie nie tylko dla Was, ale te\u017c dla Nas, kt\u00f3rzy czuwamy nad w\u0142a\u015bciwym funkcjonowaniem szk\u00f3\u0142 oraz dla dyrekcji, kt\u00f3ra ma zapewni\u0107 odpowiedni przebieg egzaminu i mog\u0119 Was zapewni\u0107, \u017ce do\u0142o\u017cymy ze swej strony wszelkich mo\u017cliwych stara\u0144, aby ten najwa\u017cniejszy dla ka\u017cdego ucznia egzamin, b\u0119d\u0105cy swego rodzaju krokiem w doros\u0142o\u015b\u0107, odby\u0142 si\u0119 spokojnie i bez \u017cadnych zak\u0142\u00f3ce\u0144, z uwzgl\u0119dnieniem wszystkich wskaza\u0144 przekazanych przez stosowne organy pa\u0144stwowe.<\/p>\n<p>\u017bycz\u0119 Wam wszystkim powodzenia, spe\u0142nienia tych nawet najbardziej ukrytych marze\u0144 oraz realizacji wszystkich zamierzonych cel\u00f3w, ju\u017c na nowej \u015bcie\u017cce \u017cycia.<\/p>\n<p>&nbsp;<\/p>\n<p>Wicestarosta Parczewski<\/p>\n<p>Artur Jaszczuk<\/p>\n","protected":false},"excerpt":{"rendered":"<p>Drodzy Maturzy\u015bci, W miniony pi\u0105tek zako\u0144czyli\u015bcie sw\u00f3j ostatni rok szkolny w szkole \u015bredniej. Jak si\u0119 okaza\u0142o by\u0142 to rok, kt\u00f3ry<\/p>\n","protected":false},"author":1,"featured_media":0,"comment_status":"closed","ping_status":"closed","sticky":false,"template":"","format":"standard","meta":{"colormag_page_container_layout":"default_layout","colormag_page_sidebar_layout":"default_layout","footnotes":""},"categories":[3],"tags":[],"class_list":["post-3070","post","type-post","status-publish","format-standard","hentry","category-aktualnosci"],"_links":{"self":[{"href":"http:\/\/liceum-parczew.pl\/index.php\/wp-json\/wp\/v2\/posts\/3070","targetHints":{"allow":["GET"]}}],"collection":[{"href":"http:\/\/liceum-parczew.pl\/index.php\/wp-json\/wp\/v2\/posts"}],"about":[{"href":"http:\/\/liceum-parczew.pl\/index.php\/wp-json\/wp\/v2\/types\/post"}],"author":[{"embeddable":true,"href":"http:\/\/liceum-parczew.pl\/index.php\/wp-json\/wp\/v2\/users\/1"}],"replies":[{"embeddable":true,"href":"http:\/\/liceum-parczew.pl\/index.php\/wp-json\/wp\/v2\/comments?post=3070"}],"version-history":[{"count":2,"href":"http:\/\/liceum-parczew.pl\/index.php\/wp-json\/wp\/v2\/posts\/3070\/revisions"}],"predecessor-version":[{"id":3072,"href":"http:\/\/liceum-parczew.pl\/index.php\/wp-json\/wp\/v2\/posts\/3070\/revisions\/3072"}],"wp:attachment":[{"href":"http:\/\/liceum-parczew.pl\/index.php\/wp-json\/wp\/v2\/media?parent=3070"}],"wp:term":[{"taxonomy":"category","embeddable":true,"href":"http:\/\/liceum-parczew.pl\/index.php\/wp-json\/wp\/v2\/categories?post=3070"},{"taxonomy":"post_tag","embeddable":true,"href":"http:\/\/liceum-parczew.pl\/index.php\/wp-json\/wp\/v2\/tags?post=3070"}],"curies":[{"name":"wp","href":"https:\/\/api.w.org\/{rel}","templated":true}]}}