{"id":3061,"date":"2020-04-24T13:18:43","date_gmt":"2020-04-24T11:18:43","guid":{"rendered":"http:\/\/liceum-parczew.pl\/?p=3061"},"modified":"2020-04-24T13:18:43","modified_gmt":"2020-04-24T11:18:43","slug":"informacja-wstepna-dla-maturzystow","status":"publish","type":"post","link":"http:\/\/liceum-parczew.pl\/index.php\/2020\/04\/24\/informacja-wstepna-dla-maturzystow\/","title":{"rendered":"Informacja wst\u0119pna dla Maturzyst\u00f3w"},"content":{"rendered":"<p><strong>Cz\u0119\u015b\u0107 pisemna egzaminu maturalnego<\/strong> w terminie g\u0142\u00f3wnym dla absolwent\u00f3w wszystkich typ\u00f3w szk\u00f3\u0142 rozpocznie si\u0119 w poniedzia\u0142ek, 8 czerwca 2020 roku i potrwa do 29 czerwca. <strong>W tym roku nie b\u0119dzie egzamin\u00f3w ustnych.<\/strong><\/p>\n<p><strong>Termin dodatkowy egzaminu maturalnego<\/strong> jest zaplanowany od 8 do 14 lipca br. Wyniki egzaminu w terminie g\u0142\u00f3wnym i dodatkowym b\u0119d\u0105 znane do 11 sierpnia br. Egzamin poprawkowy odb\u0119dzie si\u0119 8 wrze\u015bnia, a jego wyniki poznamy do 30 wrze\u015bnia.<\/p>\n<p><a href=\"http:\/\/liceum-parczew.pl\/wp-content\/uploads\/2020\/04\/harmonogram-matury.pdf\">harmonogram matury<\/a><\/p>\n","protected":false},"excerpt":{"rendered":"<p>Cz\u0119\u015b\u0107 pisemna egzaminu maturalnego w terminie g\u0142\u00f3wnym dla absolwent\u00f3w wszystkich typ\u00f3w szk\u00f3\u0142 rozpocznie si\u0119 w poniedzia\u0142ek, 8 czerwca 2020 roku<\/p>\n","protected":false},"author":1,"featured_media":0,"comment_status":"closed","ping_status":"closed","sticky":false,"template":"","format":"standard","meta":{"colormag_page_container_layout":"default_layout","colormag_page_sidebar_layout":"default_layout","footnotes":""},"categories":[3],"tags":[],"class_list":["post-3061","post","type-post","status-publish","format-standard","hentry","category-aktualnosci"],"_links":{"self":[{"href":"http:\/\/liceum-parczew.pl\/index.php\/wp-json\/wp\/v2\/posts\/3061","targetHints":{"allow":["GET"]}}],"collection":[{"href":"http:\/\/liceum-parczew.pl\/index.php\/wp-json\/wp\/v2\/posts"}],"about":[{"href":"http:\/\/liceum-parczew.pl\/index.php\/wp-json\/wp\/v2\/types\/post"}],"author":[{"embeddable":true,"href":"http:\/\/liceum-parczew.pl\/index.php\/wp-json\/wp\/v2\/users\/1"}],"replies":[{"embeddable":true,"href":"http:\/\/liceum-parczew.pl\/index.php\/wp-json\/wp\/v2\/comments?post=3061"}],"version-history":[{"count":1,"href":"http:\/\/liceum-parczew.pl\/index.php\/wp-json\/wp\/v2\/posts\/3061\/revisions"}],"predecessor-version":[{"id":3063,"href":"http:\/\/liceum-parczew.pl\/index.php\/wp-json\/wp\/v2\/posts\/3061\/revisions\/3063"}],"wp:attachment":[{"href":"http:\/\/liceum-parczew.pl\/index.php\/wp-json\/wp\/v2\/media?parent=3061"}],"wp:term":[{"taxonomy":"category","embeddable":true,"href":"http:\/\/liceum-parczew.pl\/index.php\/wp-json\/wp\/v2\/categories?post=3061"},{"taxonomy":"post_tag","embeddable":true,"href":"http:\/\/liceum-parczew.pl\/index.php\/wp-json\/wp\/v2\/tags?post=3061"}],"curies":[{"name":"wp","href":"https:\/\/api.w.org\/{rel}","templated":true}]}}