{"id":3056,"date":"2020-04-24T13:07:08","date_gmt":"2020-04-24T11:07:08","guid":{"rendered":"http:\/\/liceum-parczew.pl\/?p=3056"},"modified":"2020-04-24T13:10:19","modified_gmt":"2020-04-24T11:10:19","slug":"henryk-rudnicki-dyrektor-liceum-w-latach-1984-1990","status":"publish","type":"post","link":"http:\/\/liceum-parczew.pl\/index.php\/2020\/04\/24\/henryk-rudnicki-dyrektor-liceum-w-latach-1984-1990\/","title":{"rendered":"Henryk Rudnicki &#8211; Dyrektor Liceum w latach 1984 &#8211; 1990"},"content":{"rendered":"<p><img loading=\"lazy\" decoding=\"async\" class=\"size-medium wp-image-3057 alignleft\" src=\"http:\/\/liceum-parczew.pl\/wp-content\/uploads\/2020\/04\/Henryk_Rudnicki-218x300.jpg\" alt=\"\" width=\"218\" height=\"300\" srcset=\"http:\/\/liceum-parczew.pl\/wp-content\/uploads\/2020\/04\/Henryk_Rudnicki-218x300.jpg 218w, http:\/\/liceum-parczew.pl\/wp-content\/uploads\/2020\/04\/Henryk_Rudnicki.jpg 532w\" sizes=\"auto, (max-width: 218px) 100vw, 218px\" \/>Z g\u0142\u0119bokim \u017calem zawiadamiamy, \u017ce dnia 23.04.2020r. zmar\u0142 by\u0142y dyrektor naszego Liceum Pan Henryk Rudnicki.<\/p>\n<p>Prac\u0119 w Liceum Og\u00f3lnokszta\u0142c\u0105cym im. Miko\u0142aja Kopernika w Parczewie w roku 1984 obejmuj\u0105c stanowisko Dyrektora Szko\u0142y. Funkcj\u0119 t\u0105 pe\u0142ni\u0142 do roku 1990, w kt\u00f3rym przeszed\u0142 na emerytur\u0119.<\/p>\n<p>\u0141\u0105czymy si\u0119 w smutku z Rodzin\u0105.<\/p>\n","protected":false},"excerpt":{"rendered":"<p>Z g\u0142\u0119bokim \u017calem zawiadamiamy, \u017ce dnia 23.04.2020r. zmar\u0142 by\u0142y dyrektor naszego Liceum Pan Henryk Rudnicki. Prac\u0119 w Liceum Og\u00f3lnokszta\u0142c\u0105cym im.<\/p>\n","protected":false},"author":1,"featured_media":3060,"comment_status":"closed","ping_status":"closed","sticky":false,"template":"","format":"standard","meta":{"colormag_page_container_layout":"default_layout","colormag_page_sidebar_layout":"default_layout","footnotes":""},"categories":[3],"tags":[],"class_list":["post-3056","post","type-post","status-publish","format-standard","has-post-thumbnail","hentry","category-aktualnosci"],"_links":{"self":[{"href":"http:\/\/liceum-parczew.pl\/index.php\/wp-json\/wp\/v2\/posts\/3056","targetHints":{"allow":["GET"]}}],"collection":[{"href":"http:\/\/liceum-parczew.pl\/index.php\/wp-json\/wp\/v2\/posts"}],"about":[{"href":"http:\/\/liceum-parczew.pl\/index.php\/wp-json\/wp\/v2\/types\/post"}],"author":[{"embeddable":true,"href":"http:\/\/liceum-parczew.pl\/index.php\/wp-json\/wp\/v2\/users\/1"}],"replies":[{"embeddable":true,"href":"http:\/\/liceum-parczew.pl\/index.php\/wp-json\/wp\/v2\/comments?post=3056"}],"version-history":[{"count":2,"href":"http:\/\/liceum-parczew.pl\/index.php\/wp-json\/wp\/v2\/posts\/3056\/revisions"}],"predecessor-version":[{"id":3059,"href":"http:\/\/liceum-parczew.pl\/index.php\/wp-json\/wp\/v2\/posts\/3056\/revisions\/3059"}],"wp:featuredmedia":[{"embeddable":true,"href":"http:\/\/liceum-parczew.pl\/index.php\/wp-json\/wp\/v2\/media\/3060"}],"wp:attachment":[{"href":"http:\/\/liceum-parczew.pl\/index.php\/wp-json\/wp\/v2\/media?parent=3056"}],"wp:term":[{"taxonomy":"category","embeddable":true,"href":"http:\/\/liceum-parczew.pl\/index.php\/wp-json\/wp\/v2\/categories?post=3056"},{"taxonomy":"post_tag","embeddable":true,"href":"http:\/\/liceum-parczew.pl\/index.php\/wp-json\/wp\/v2\/tags?post=3056"}],"curies":[{"name":"wp","href":"https:\/\/api.w.org\/{rel}","templated":true}]}}