{"id":3046,"date":"2020-04-22T14:26:35","date_gmt":"2020-04-22T12:26:35","guid":{"rendered":"http:\/\/liceum-parczew.pl\/?p=3046"},"modified":"2020-04-22T14:26:35","modified_gmt":"2020-04-22T12:26:35","slug":"dzien-bezpiecznego-internetu-podsumowanie","status":"publish","type":"post","link":"http:\/\/liceum-parczew.pl\/index.php\/2020\/04\/22\/dzien-bezpiecznego-internetu-podsumowanie\/","title":{"rendered":"Dzie\u0144 Bezpiecznego Internetu &#8211; podsumowanie"},"content":{"rendered":"<p><span style=\"font-size: large;\">Mi\u0142o nam poinformowa\u0107, \u017ce otrzymali\u015bmy za\u015bwiadczenie o udziale w inicjatywie ,,Dzie\u0144 Bezpiecznego Internetu Dzia\u0142amy Razem 2020!\u201d. W ramach tego projektu w lutym br. w naszym LO odby\u0142o si\u0119 szereg dzia\u0142a\u0144 maj\u0105cych na celu zwr\u00f3cenie uwagi na bezpiecze\u0144stwo w sieci, by\u0142y to:<\/span><\/p>\n<ul>\n<li><span style=\"font-size: large;\">warsztaty profilaktyczne na temat wsp\u00f3\u0142czesnych zagro\u017ce\u0144 w sieci;<\/span><\/li>\n<li><span style=\"font-size: large;\">spotkanie z <\/span><span style=\"font-size: large;\">Powiatowym Rzecznikiem Konsument\u00f3w w Parczewie <\/span><span style=\"font-size: large;\">odno\u015bnie bezpiecznych zakup\u00f3w w internecie oraz ochrony danych;<\/span><\/li>\n<li><span style=\"font-size: large;\">pogadanka pani <\/span><span style=\"font-size: large;\">Monik<\/span><span style=\"font-size: large;\">i<\/span><span style=\"font-size: large;\"> Szwed <\/span><span style=\"font-size: large;\">dotycz\u0105ca <\/span><span style=\"font-size: large;\">zasad netykiety;<\/span><\/li>\n<li><span style=\"font-size: large;\">przygotowanie tablicy informacyjnej w szkole ( <\/span><span style=\"font-size: large;\"> klasa 1d wraz z wychowawc\u0105 p. Anet\u0105 Bryd\u0105<\/span><span style=\"font-size: large;\">)<\/span><\/li>\n<li><span style=\"font-size: large;\">zamieszczenie post\u00f3w<\/span><span style=\"font-size: large;\"> o wsp\u00f3lnym dzia\u0142aniu na profilu naszej szko\u0142y na FB.<\/span><\/li>\n<\/ul>\n<p><span style=\"font-size: large;\">Polecamy wszystkim stron\u0119 DBI 2020 saferinternet.pl. W menu strony znajdziecie materia\u0142y edukacyjne,\u00a0 jak r\u00f3wnie\u017c konferencje i szkolenia. <\/span><\/p>\n<p><span style=\"font-size: large;\">W tym trudnym dla nas wszystkich czasie pami\u0119tajmy o szczeg\u00f3lnej ostro\u017cno\u015bci w sieci, przestrzegajmy osoby starsze. Nie powielajmy fake news! <\/span><\/p>\n<p><span style=\"font-size: large;\">#Zosta\u0144wdomuzbliskimi #B\u0119dzie dobrze. To tylko taki etap, on minie. <\/span><\/p>\n<p><img loading=\"lazy\" decoding=\"async\" class=\"aligncenter wp-image-3047 size-full\" src=\"http:\/\/liceum-parczew.pl\/wp-content\/uploads\/2020\/04\/dbi.jpg\" alt=\"\" width=\"794\" height=\"1123\" srcset=\"http:\/\/liceum-parczew.pl\/wp-content\/uploads\/2020\/04\/dbi.jpg 794w, http:\/\/liceum-parczew.pl\/wp-content\/uploads\/2020\/04\/dbi-212x300.jpg 212w, http:\/\/liceum-parczew.pl\/wp-content\/uploads\/2020\/04\/dbi-768x1086.jpg 768w, http:\/\/liceum-parczew.pl\/wp-content\/uploads\/2020\/04\/dbi-724x1024.jpg 724w\" sizes=\"auto, (max-width: 794px) 100vw, 794px\" \/><\/p>\n","protected":false},"excerpt":{"rendered":"<p>Mi\u0142o nam poinformowa\u0107, \u017ce otrzymali\u015bmy za\u015bwiadczenie o udziale w inicjatywie ,,Dzie\u0144 Bezpiecznego Internetu Dzia\u0142amy Razem 2020!\u201d. W ramach tego projektu<\/p>\n","protected":false},"author":1,"featured_media":3047,"comment_status":"closed","ping_status":"closed","sticky":false,"template":"","format":"standard","meta":{"colormag_page_container_layout":"default_layout","colormag_page_sidebar_layout":"default_layout","footnotes":""},"categories":[3],"tags":[],"class_list":["post-3046","post","type-post","status-publish","format-standard","has-post-thumbnail","hentry","category-aktualnosci"],"_links":{"self":[{"href":"http:\/\/liceum-parczew.pl\/index.php\/wp-json\/wp\/v2\/posts\/3046","targetHints":{"allow":["GET"]}}],"collection":[{"href":"http:\/\/liceum-parczew.pl\/index.php\/wp-json\/wp\/v2\/posts"}],"about":[{"href":"http:\/\/liceum-parczew.pl\/index.php\/wp-json\/wp\/v2\/types\/post"}],"author":[{"embeddable":true,"href":"http:\/\/liceum-parczew.pl\/index.php\/wp-json\/wp\/v2\/users\/1"}],"replies":[{"embeddable":true,"href":"http:\/\/liceum-parczew.pl\/index.php\/wp-json\/wp\/v2\/comments?post=3046"}],"version-history":[{"count":2,"href":"http:\/\/liceum-parczew.pl\/index.php\/wp-json\/wp\/v2\/posts\/3046\/revisions"}],"predecessor-version":[{"id":3049,"href":"http:\/\/liceum-parczew.pl\/index.php\/wp-json\/wp\/v2\/posts\/3046\/revisions\/3049"}],"wp:featuredmedia":[{"embeddable":true,"href":"http:\/\/liceum-parczew.pl\/index.php\/wp-json\/wp\/v2\/media\/3047"}],"wp:attachment":[{"href":"http:\/\/liceum-parczew.pl\/index.php\/wp-json\/wp\/v2\/media?parent=3046"}],"wp:term":[{"taxonomy":"category","embeddable":true,"href":"http:\/\/liceum-parczew.pl\/index.php\/wp-json\/wp\/v2\/categories?post=3046"},{"taxonomy":"post_tag","embeddable":true,"href":"http:\/\/liceum-parczew.pl\/index.php\/wp-json\/wp\/v2\/tags?post=3046"}],"curies":[{"name":"wp","href":"https:\/\/api.w.org\/{rel}","templated":true}]}}