{"id":3024,"date":"2020-04-07T22:05:01","date_gmt":"2020-04-07T20:05:01","guid":{"rendered":"http:\/\/liceum-parczew.pl\/?p=3024"},"modified":"2020-04-07T22:05:01","modified_gmt":"2020-04-07T20:05:01","slug":"wiosenna-przerwa-swiateczna-i-informacja-dla-rodzicow","status":"publish","type":"post","link":"http:\/\/liceum-parczew.pl\/index.php\/2020\/04\/07\/wiosenna-przerwa-swiateczna-i-informacja-dla-rodzicow\/","title":{"rendered":"Wiosenna przerwa \u015bwi\u0105teczna i informacja dla rodzic\u00f3w"},"content":{"rendered":"<p>Wiosenna przerwa \u015bwi\u0105teczna trwa od czwartku 09.04.2020 do wtorku 14.04.2020 w\u0142\u0105cznie.<\/p>\n<p>Ponadto informujemy wszystkich rodzic\u00f3w, \u017ce lekcje z wykorzystaniem metod kszta\u0142cenia na odleg\u0142o\u015b\u0107 odbywaj\u0105 si\u0119 w naszej szkole zgodnie z tygodniowym planem zaj\u0119\u0107 i uczniowie otrzymuj\u0105 materia\u0142y i zadania codziennie z przedmiot\u00f3w, kt\u00f3re maj\u0105 w planie tego dnia.<\/p>\n","protected":false},"excerpt":{"rendered":"<p>Wiosenna przerwa \u015bwi\u0105teczna trwa od czwartku 09.04.2020 do wtorku 14.04.2020 w\u0142\u0105cznie. Ponadto informujemy wszystkich rodzic\u00f3w, \u017ce lekcje z wykorzystaniem metod<\/p>\n","protected":false},"author":1,"featured_media":0,"comment_status":"closed","ping_status":"closed","sticky":false,"template":"","format":"standard","meta":{"colormag_page_container_layout":"default_layout","colormag_page_sidebar_layout":"default_layout","footnotes":""},"categories":[3],"tags":[],"class_list":["post-3024","post","type-post","status-publish","format-standard","hentry","category-aktualnosci"],"_links":{"self":[{"href":"http:\/\/liceum-parczew.pl\/index.php\/wp-json\/wp\/v2\/posts\/3024","targetHints":{"allow":["GET"]}}],"collection":[{"href":"http:\/\/liceum-parczew.pl\/index.php\/wp-json\/wp\/v2\/posts"}],"about":[{"href":"http:\/\/liceum-parczew.pl\/index.php\/wp-json\/wp\/v2\/types\/post"}],"author":[{"embeddable":true,"href":"http:\/\/liceum-parczew.pl\/index.php\/wp-json\/wp\/v2\/users\/1"}],"replies":[{"embeddable":true,"href":"http:\/\/liceum-parczew.pl\/index.php\/wp-json\/wp\/v2\/comments?post=3024"}],"version-history":[{"count":1,"href":"http:\/\/liceum-parczew.pl\/index.php\/wp-json\/wp\/v2\/posts\/3024\/revisions"}],"predecessor-version":[{"id":3025,"href":"http:\/\/liceum-parczew.pl\/index.php\/wp-json\/wp\/v2\/posts\/3024\/revisions\/3025"}],"wp:attachment":[{"href":"http:\/\/liceum-parczew.pl\/index.php\/wp-json\/wp\/v2\/media?parent=3024"}],"wp:term":[{"taxonomy":"category","embeddable":true,"href":"http:\/\/liceum-parczew.pl\/index.php\/wp-json\/wp\/v2\/categories?post=3024"},{"taxonomy":"post_tag","embeddable":true,"href":"http:\/\/liceum-parczew.pl\/index.php\/wp-json\/wp\/v2\/tags?post=3024"}],"curies":[{"name":"wp","href":"https:\/\/api.w.org\/{rel}","templated":true}]}}