{"id":2945,"date":"2020-03-12T13:33:08","date_gmt":"2020-03-12T12:33:08","guid":{"rendered":"http:\/\/liceum-parczew.pl\/?p=2945"},"modified":"2020-03-12T13:33:52","modified_gmt":"2020-03-12T12:33:52","slug":"komunikat-pana-starosty-parczewskiego","status":"publish","type":"post","link":"http:\/\/liceum-parczew.pl\/index.php\/2020\/03\/12\/komunikat-pana-starosty-parczewskiego\/","title":{"rendered":"Komunikat Pana Starosty Parczewskiego COVID-19"},"content":{"rendered":"<p>Szanowni Pa\u0144stwo,<\/p>\n<p>Mieszka\u0144cy Powiatu Parczewskiego!!!<\/p>\n<p>W zwi\u0105zku z zaistnia\u0142\u0105 sytuacj\u0105 i wyst\u0105pieniem kolejnych przypadk\u00f3w koronawirusa na terenie naszego kraju oraz wojew\u00f3dztwa lubelskiego zwracam si\u0119 do Pa\u0144stwa z apelem o ograniczenie do niezb\u0119dnego minimum, tylko w pilnych sprawach, wizyt w r\u00f3\u017cnego typu urz\u0119dach, oraz o kontakt telefoniczny, mailowy b\u0105d\u017a listowny z poszczeg\u00f3lnymi urz\u0119dami. Przypominam i informuj\u0119, \u017ce od 12 marca do 25 marca zosta\u0142y zamkni\u0119te, decyzj\u0105 Prezesa Rady Ministr\u00f3w, wszystkie plac\u00f3wki o\u015bwiatowe oraz kulturalne tj. kina, teatry, muzea, biblioteki, o\u015brodki kultury na terenie ca\u0142ego kraju. Zgodnie z apelem Pana Premiera prosz\u0119<br \/>\no to, by dzieci i m\u0142odzie\u017c bezwzgl\u0119dnie pozostawa\u0142y w domach,<br \/>\na wszystkich mieszka\u0144c\u00f3w prosz\u0119 o unikanie wi\u0119kszych zgromadze\u0144 i skupisk ludno\u015bci. Jednocze\u015bnie prosz\u0119 o stosowanie si\u0119 do wytycznych i wskaz\u00f3wek przekazywanych przez Pa\u0144stwow\u0105 Inspekcj\u0119 Sanitarn\u0105, a w przypadku niepokoj\u0105cych objaw\u00f3w wskazuj\u0105cych na mo\u017cliwo\u015b\u0107 wyst\u0105pienia wirusa COVID-19 najpierw o kontakt telefoniczny pod numerem infolinii 800-190-590 lub bezpo\u015brednio do Powiatowej Stacji Sanitarno-Epidemiologicznej w Parczewie pod numerem alarmowym 517-641-926 w celu przeprowadzenia stosownego wywiadu. Podobne zalecenia dotycz\u0105 szczeg\u00f3lnie os\u00f3b wracaj\u0105cych z kraj\u00f3w, gdzie wyst\u0105pi\u0142y przypadki zachorowa\u0144 na koronawirusa.<\/p>\n<p>Zwracam si\u0119 te\u017c z pro\u015bb\u0105 o przekazanie tych najwa\u017cniejszych informacji oraz okazanie pomocy osobom starszym i samotnym, kt\u00f3re maj\u0105 utrudniony dost\u0119p do wszelkiego rodzaju \u015brodk\u00f3w przekazu. Zr\u00f3b osobom starszym, samotnym\u00a0 i schorowanym zakupy, aby nie musieli robi\u0107 ich sami. Za\u0142atw za nich sprawy, kt\u00f3re mo\u017cesz za\u0142atwi\u0107. W pierwszej kolejno\u015bci niech w pomoc w\u0142\u0105cz\u0105 si\u0119 s\u0105siedzi. Apeluj\u0119 r\u00f3wnie\u017c o podj\u0119cie takich dzia\u0142a\u0144 przez W\u00f3jt\u00f3w Gmin Powiatu Parczewskiego, jak r\u00f3wnie\u017c Miejskich\/Gminnych O\u015brodk\u00f3w Pomocy Spo\u0142ecznej.<\/p>\n<p>Apeluj\u0119 do Pa\u0144stwa o przestrzeganie zasad przekazanych przez s\u0142u\u017cby sanitarne i medyczne oraz o zachowanie spokoju i rozwag\u0119 w codziennym \u017cyciu.<\/p>\n<p>Starosta Parczewski<\/p>\n<p>Jerzy Ma\u015bluch<\/p>\n","protected":false},"excerpt":{"rendered":"<p>Szanowni Pa\u0144stwo, Mieszka\u0144cy Powiatu Parczewskiego!!! W zwi\u0105zku z zaistnia\u0142\u0105 sytuacj\u0105 i wyst\u0105pieniem kolejnych przypadk\u00f3w koronawirusa na terenie naszego kraju oraz<\/p>\n","protected":false},"author":1,"featured_media":0,"comment_status":"closed","ping_status":"closed","sticky":false,"template":"","format":"standard","meta":{"colormag_page_container_layout":"default_layout","colormag_page_sidebar_layout":"default_layout","footnotes":""},"categories":[3],"tags":[],"class_list":["post-2945","post","type-post","status-publish","format-standard","hentry","category-aktualnosci"],"_links":{"self":[{"href":"http:\/\/liceum-parczew.pl\/index.php\/wp-json\/wp\/v2\/posts\/2945","targetHints":{"allow":["GET"]}}],"collection":[{"href":"http:\/\/liceum-parczew.pl\/index.php\/wp-json\/wp\/v2\/posts"}],"about":[{"href":"http:\/\/liceum-parczew.pl\/index.php\/wp-json\/wp\/v2\/types\/post"}],"author":[{"embeddable":true,"href":"http:\/\/liceum-parczew.pl\/index.php\/wp-json\/wp\/v2\/users\/1"}],"replies":[{"embeddable":true,"href":"http:\/\/liceum-parczew.pl\/index.php\/wp-json\/wp\/v2\/comments?post=2945"}],"version-history":[{"count":3,"href":"http:\/\/liceum-parczew.pl\/index.php\/wp-json\/wp\/v2\/posts\/2945\/revisions"}],"predecessor-version":[{"id":2948,"href":"http:\/\/liceum-parczew.pl\/index.php\/wp-json\/wp\/v2\/posts\/2945\/revisions\/2948"}],"wp:attachment":[{"href":"http:\/\/liceum-parczew.pl\/index.php\/wp-json\/wp\/v2\/media?parent=2945"}],"wp:term":[{"taxonomy":"category","embeddable":true,"href":"http:\/\/liceum-parczew.pl\/index.php\/wp-json\/wp\/v2\/categories?post=2945"},{"taxonomy":"post_tag","embeddable":true,"href":"http:\/\/liceum-parczew.pl\/index.php\/wp-json\/wp\/v2\/tags?post=2945"}],"curies":[{"name":"wp","href":"https:\/\/api.w.org\/{rel}","templated":true}]}}