{"id":2933,"date":"2020-03-11T14:32:19","date_gmt":"2020-03-11T13:32:19","guid":{"rendered":"http:\/\/liceum-parczew.pl\/?p=2933"},"modified":"2020-03-16T08:42:22","modified_gmt":"2020-03-16T07:42:22","slug":"zawieszenie-zajec-w-szkole","status":"publish","type":"post","link":"http:\/\/liceum-parczew.pl\/index.php\/2020\/03\/11\/zawieszenie-zajec-w-szkole\/","title":{"rendered":"ZAWIESZENIE ZAJ\u0118\u0106 W SZKOLE 12.03 &#8211; 25.03"},"content":{"rendered":"<p>Decyzj\u0105 Ministra Edukacji Narodowej <strong>od 12 do 25 marca<\/strong> br. funkcjonowanie jednostek systemu o\u015bwiaty zostaje czasowo ograniczone. Oznacza to, \u017ce w tym okresie przedszkola, szko\u0142y i plac\u00f3wki o\u015bwiatowe zar\u00f3wno publiczne, jak i niepubliczne nie b\u0119d\u0105 prowadzi\u0142y zaj\u0119\u0107 dydaktyczno-wychowawczych.<\/p>\n<p>W tych dniach szko\u0142a b\u0119dzie zamkni\u0119ta.<\/p>\n<p><strong>Nauczyciele wykorzystuj\u0105c \u015brodki komunikacji elektronicznej b\u0119d\u0105 przekazywa\u0107, za po\u015brednictwem gospodarzy klas, materia\u0142y i zadania do nauki w domu.<\/strong><\/p>\n<p><strong>Rodzicu, <\/strong><\/p>\n<ul>\n<li>ze wzgl\u0119du na bezpiecze\u0144stwo zdrowotne Twoje i Twojego dziecka, zaj\u0119cia zostan\u0105 zawieszone od 12 marca br. W przedszkolach i szko\u0142ach podstawowych 12 i 13 marca br. b\u0119d\u0105 jeszcze prowadzone dzia\u0142ania opieku\u0144cze;<\/li>\n<li>zach\u0119caj dziecko do samodzielnej nauki w czasie gdy nie b\u0119dzie lekcji w szkole. Ministerstwo Edukacji Narodowej na platformie epodr\u0119czniki.pl. udost\u0119pnia szereg materia\u0142\u00f3w edukacyjnych, kt\u00f3re pozwalaj\u0105 uzupe\u0142ni\u0107, ugruntowa\u0107 i poszerzy\u0107 wiedz\u0119. Dost\u0119p do tych zasob\u00f3w jest bezp\u0142atny;<\/li>\n<li>je\u015bli masz dziecko w wieku do 8 lat, przys\u0142uguje Ci zasi\u0142ek opieku\u0144czy do 14 dni. Szczeg\u00f3\u0142owe informacje znajdziesz na stronie internetowej ZUS;<\/li>\n<li>przeka\u017c osobom, kt\u00f3re b\u0119d\u0105 opiekowa\u0107 si\u0119 Twoim dzieckiem, podstawowe informacje dotycz\u0105ce bezpiecze\u0144stwa i higieny;<\/li>\n<li>rygorystycznie przestrzegaj w domu zasad higieny i czysto\u015bci pomieszcze\u0144, w kt\u00f3rych przebywasz;<\/li>\n<li>\u015bled\u017a na bie\u017c\u0105co komunikaty GIS, MZ i MEN o sytuacji epidemiologicznej w kraju oraz informacje przesy\u0142ane przez dyrektora szko\u0142y.<\/li>\n<\/ul>\n<p><strong>Uczniu, <\/strong><\/p>\n<ul>\n<li>pami\u0119taj o swoim bezpiecze\u0144stwie w domu. Unikaj miejsc, gdzie s\u0105 du\u017ce skupiska ludzi (np. komunikacja publiczna, kino, teatr, centra handlowe);<\/li>\n<li>przerwa w funkcjonowaniu Twojej szko\u0142y nie powinna oznacza\u0107 dni wolnych od nauki;<\/li>\n<li>odpowiedzialnie wykorzystaj czas zawieszenia zaj\u0119\u0107 w Twojej szkole. Przeczytaj ulubion\u0105 ksi\u0105\u017ck\u0119, spr\u00f3buj uzupe\u0142ni\u0107 swoje wiadomo\u015bci lub rozwijaj kompetencje. Skorzystaj przy tym z darmowej platformy epodreczniki.pl i materia\u0142\u00f3w rekomendowanych przez Twojego nauczyciela;<\/li>\n<li>przestrzegaj w domu zasad higieny i czysto\u015bci pomieszcze\u0144, w kt\u00f3rych przebywasz.<\/li>\n<\/ul>\n<p>Na platformie Ministerstwa Edukacji Narodowej <strong>epodreczniki.pl <\/strong>udost\u0119pnione s\u0105 e-materia\u0142y do wykorzystania przez nauczycieli lub do samodzielnej nauki przez uczni\u00f3w. Epodr\u0119czniki.pl to biblioteka bezp\u0142atnych, sprawdzonych, zgodnych z aktualn\u0105 podstaw\u0105 programow\u0105 materia\u0142\u00f3w edukacyjnych.<\/p>\n<p>Ca\u0142y komunikat na stronie MEN: <a href=\"https:\/\/www.gov.pl\/web\/edukacja\/zawieszenie-zajec-w-szkolach\">https:\/\/www.gov.pl\/web\/edukacja\/zawieszenie-zajec-w-szkolach<\/a><\/p>\n","protected":false},"excerpt":{"rendered":"<p>Decyzj\u0105 Ministra Edukacji Narodowej od 12 do 25 marca br. funkcjonowanie jednostek systemu o\u015bwiaty zostaje czasowo ograniczone. Oznacza to, \u017ce<\/p>\n","protected":false},"author":1,"featured_media":2937,"comment_status":"closed","ping_status":"closed","sticky":false,"template":"","format":"standard","meta":{"colormag_page_container_layout":"default_layout","colormag_page_sidebar_layout":"default_layout","footnotes":""},"categories":[3],"tags":[],"class_list":["post-2933","post","type-post","status-publish","format-standard","has-post-thumbnail","hentry","category-aktualnosci"],"_links":{"self":[{"href":"http:\/\/liceum-parczew.pl\/index.php\/wp-json\/wp\/v2\/posts\/2933","targetHints":{"allow":["GET"]}}],"collection":[{"href":"http:\/\/liceum-parczew.pl\/index.php\/wp-json\/wp\/v2\/posts"}],"about":[{"href":"http:\/\/liceum-parczew.pl\/index.php\/wp-json\/wp\/v2\/types\/post"}],"author":[{"embeddable":true,"href":"http:\/\/liceum-parczew.pl\/index.php\/wp-json\/wp\/v2\/users\/1"}],"replies":[{"embeddable":true,"href":"http:\/\/liceum-parczew.pl\/index.php\/wp-json\/wp\/v2\/comments?post=2933"}],"version-history":[{"count":7,"href":"http:\/\/liceum-parczew.pl\/index.php\/wp-json\/wp\/v2\/posts\/2933\/revisions"}],"predecessor-version":[{"id":2952,"href":"http:\/\/liceum-parczew.pl\/index.php\/wp-json\/wp\/v2\/posts\/2933\/revisions\/2952"}],"wp:featuredmedia":[{"embeddable":true,"href":"http:\/\/liceum-parczew.pl\/index.php\/wp-json\/wp\/v2\/media\/2937"}],"wp:attachment":[{"href":"http:\/\/liceum-parczew.pl\/index.php\/wp-json\/wp\/v2\/media?parent=2933"}],"wp:term":[{"taxonomy":"category","embeddable":true,"href":"http:\/\/liceum-parczew.pl\/index.php\/wp-json\/wp\/v2\/categories?post=2933"},{"taxonomy":"post_tag","embeddable":true,"href":"http:\/\/liceum-parczew.pl\/index.php\/wp-json\/wp\/v2\/tags?post=2933"}],"curies":[{"name":"wp","href":"https:\/\/api.w.org\/{rel}","templated":true}]}}