{"id":277,"date":"2017-10-30T10:19:11","date_gmt":"2017-10-30T09:19:11","guid":{"rendered":"http:\/\/liceum-parczew.pl\/?p=277"},"modified":"2017-10-30T10:21:04","modified_gmt":"2017-10-30T09:21:04","slug":"konkurs-juvenes-translatores","status":"publish","type":"post","link":"http:\/\/liceum-parczew.pl\/index.php\/2017\/10\/30\/konkurs-juvenes-translatores\/","title":{"rendered":"Konkurs Juvenes Translatores"},"content":{"rendered":"<p>Mi\u0142o nam poinformowa\u0107, \u017ce nasza szko\u0142a po raz kolejny zosta\u0142a zakwalifikowana do udzia\u0142u w konkursie Juvenes Translatores, kt\u00f3rego organizatorem jest Dyrekcja Generalna ds. T\u0142umacze\u0144 Pisemnych Komisji Europejskiej (DGT) <!--more--><\/p>\n<p>Konkurs ma na celu propagowanie nauki j\u0119zyk\u00f3w obcych i zapoznawanie m\u0142odzie\u017cy ze sztuk\u0105 przek\u0142adu oraz zapoznanie m\u0142odzie\u017cy ze studiami t\u0142umaczeniowymi i u\u015bwiadomienie im, \u017ce w Europie ro\u015bnie zapotrzebowanie na us\u0142ugi t\u0142umaczy. Konkurs Juvenes Translatores daje uczniom mo\u017cliwo\u015b\u0107 przekonania si\u0119 na w\u0142asnej sk\u00f3rze, czym jest praca zawodowego t\u0142umacza. Przy ocenie prac jury zwraca uwag\u0119 na:<br \/>\n\u2022 poprawno\u015b\u0107 tekstu<br \/>\n\u2022 prawid\u0142owe stosowanie poj\u0119\u0107<br \/>\n\u2022 umiej\u0119tno\u015b\u0107 p\u0142ynnego wyra\u017cania si\u0119 na pi\u015bmie w wybranym j\u0119zyku (og\u00f3lna czytelno\u015b\u0107 t\u0142umaczenia)<br \/>\n\u2022 pomys\u0142owo\u015b\u0107 zastosowanych rozwi\u0105za\u0144.<br \/>\nKonkurs odb\u0119dzie si\u0119 w czwartek 23 listopada 2017r. W konkursie mo\u017ce wzi\u0105\u0107 udzia\u0142 pi\u0119ciu uczni\u00f3w urodzonych w 2000 roku. Ka\u017cdy z uczestnik\u00f3w sam wybiera j\u0119zyki przek\u0142adu. Zach\u0119camy do udzia\u0142u!<br \/>\nAneta Bryda (opiekun konkursu)<\/p>\n<p><a href=\"http:\/\/liceum-parczew.pl\/wp-content\/uploads\/2017\/10\/juvenestranslatores_rules_2017_pl.pdf\">Regulamin konkursu<\/a><\/p>\n","protected":false},"excerpt":{"rendered":"<p>Mi\u0142o nam poinformowa\u0107, \u017ce nasza szko\u0142a po raz kolejny zosta\u0142a zakwalifikowana do udzia\u0142u w konkursie Juvenes Translatores, kt\u00f3rego organizatorem jest<\/p>\n","protected":false},"author":1,"featured_media":0,"comment_status":"closed","ping_status":"closed","sticky":false,"template":"","format":"standard","meta":{"colormag_page_container_layout":"default_layout","colormag_page_sidebar_layout":"default_layout","footnotes":""},"categories":[3],"tags":[],"class_list":["post-277","post","type-post","status-publish","format-standard","hentry","category-aktualnosci"],"_links":{"self":[{"href":"http:\/\/liceum-parczew.pl\/index.php\/wp-json\/wp\/v2\/posts\/277","targetHints":{"allow":["GET"]}}],"collection":[{"href":"http:\/\/liceum-parczew.pl\/index.php\/wp-json\/wp\/v2\/posts"}],"about":[{"href":"http:\/\/liceum-parczew.pl\/index.php\/wp-json\/wp\/v2\/types\/post"}],"author":[{"embeddable":true,"href":"http:\/\/liceum-parczew.pl\/index.php\/wp-json\/wp\/v2\/users\/1"}],"replies":[{"embeddable":true,"href":"http:\/\/liceum-parczew.pl\/index.php\/wp-json\/wp\/v2\/comments?post=277"}],"version-history":[{"count":3,"href":"http:\/\/liceum-parczew.pl\/index.php\/wp-json\/wp\/v2\/posts\/277\/revisions"}],"predecessor-version":[{"id":281,"href":"http:\/\/liceum-parczew.pl\/index.php\/wp-json\/wp\/v2\/posts\/277\/revisions\/281"}],"wp:attachment":[{"href":"http:\/\/liceum-parczew.pl\/index.php\/wp-json\/wp\/v2\/media?parent=277"}],"wp:term":[{"taxonomy":"category","embeddable":true,"href":"http:\/\/liceum-parczew.pl\/index.php\/wp-json\/wp\/v2\/categories?post=277"},{"taxonomy":"post_tag","embeddable":true,"href":"http:\/\/liceum-parczew.pl\/index.php\/wp-json\/wp\/v2\/tags?post=277"}],"curies":[{"name":"wp","href":"https:\/\/api.w.org\/{rel}","templated":true}]}}