{"id":2583,"date":"2020-01-31T13:32:13","date_gmt":"2020-01-31T12:32:13","guid":{"rendered":"http:\/\/liceum-parczew.pl\/?p=2583"},"modified":"2020-01-31T14:42:27","modified_gmt":"2020-01-31T13:42:27","slug":"tytul-brazowej-szkoly-2020-dla-naszego-liceum","status":"publish","type":"post","link":"http:\/\/liceum-parczew.pl\/index.php\/2020\/01\/31\/tytul-brazowej-szkoly-2020-dla-naszego-liceum\/","title":{"rendered":"Tytu\u0142 &#8222;Br\u0105zowej Szko\u0142y 2020&#8221; dla naszego liceum"},"content":{"rendered":"<p>Fundacja Edukacyjna &#8222;Perspektywy&#8221; og\u0142osi\u0142a Ranking najlepszych lice\u00f3w i technik\u00f3w w Polsce. Z dum\u0105 informujemy, \u017ce nasza szko\u0142a znalaz\u0142a si\u0119 w gronie 1000 najlepszych lice\u00f3w zdobywaj\u0105c tytu\u0142 &#8222;<strong>Br\u0105zowej Szko\u0142y 2020<\/strong>&#8222;. W tegorocznym Rankingu wzi\u0119to pod uwag\u0119 dane 2085 lice\u00f3w og\u00f3lnokszta\u0142c\u0105cych i 1728 technik\u00f3w, kt\u00f3re spe\u0142ni\u0142y tzw. kryterium wej\u015bcia: matur\u0119 w maju 2019 r. zdawa\u0142o w nich minimum 12 maturzyst\u00f3w, a wyniki \u015brednie z j\u0119zyka polskiego i matematyki zdawanych obowi\u0105zkowo by\u0142y nie ni\u017csze ni\u017c 0,75 \u015bredniej krajowej. Zostali\u015bmy sklasyfikowani na 523 miejscu. Czyli nie kwalifikujemy si\u0119 na szarym ko\u0144cu zestawienia og\u00f3lnopolskiego jak to zosta\u0142o przedstawione w parczewskiej prasie. W roku ubieg\u0142ym zaj\u0119li\u015bmy 531 miejsce &#8211; <strong>pniemy si\u0119 w Rankingu w g\u00f3r\u0119.<\/strong><\/p>\n<p>W naszym wojew\u00f3dztwie zaj\u0119li\u015bmy 33 miejsce (w roku ubieg\u0142ym &#8211; 34 &#8211; czyli r\u00f3wnie\u017c awansowali\u015bmy).<\/p>\n<p>Wszystkie te dane znajduj\u0105 si\u0119 na stronie internetowej Fundacji &#8222;Perspektywy&#8221;.<\/p>\n<p style=\"text-align: center;\"><img loading=\"lazy\" decoding=\"async\" class=\"alignnone wp-image-2582 size-full\" src=\"http:\/\/liceum-parczew.pl\/wp-content\/uploads\/2020\/01\/LO_braz_2020.png\" alt=\"\" width=\"597\" height=\"624\" srcset=\"http:\/\/liceum-parczew.pl\/wp-content\/uploads\/2020\/01\/LO_braz_2020.png 597w, http:\/\/liceum-parczew.pl\/wp-content\/uploads\/2020\/01\/LO_braz_2020-287x300.png 287w\" sizes=\"auto, (max-width: 597px) 100vw, 597px\" \/><\/p>\n","protected":false},"excerpt":{"rendered":"<p>Fundacja Edukacyjna &#8222;Perspektywy&#8221; og\u0142osi\u0142a Ranking najlepszych lice\u00f3w i technik\u00f3w w Polsce. Z dum\u0105 informujemy, \u017ce nasza szko\u0142a znalaz\u0142a si\u0119 w<\/p>\n","protected":false},"author":1,"featured_media":2585,"comment_status":"closed","ping_status":"closed","sticky":false,"template":"","format":"standard","meta":{"colormag_page_container_layout":"default_layout","colormag_page_sidebar_layout":"default_layout","footnotes":""},"categories":[3],"tags":[],"class_list":["post-2583","post","type-post","status-publish","format-standard","has-post-thumbnail","hentry","category-aktualnosci"],"_links":{"self":[{"href":"http:\/\/liceum-parczew.pl\/index.php\/wp-json\/wp\/v2\/posts\/2583","targetHints":{"allow":["GET"]}}],"collection":[{"href":"http:\/\/liceum-parczew.pl\/index.php\/wp-json\/wp\/v2\/posts"}],"about":[{"href":"http:\/\/liceum-parczew.pl\/index.php\/wp-json\/wp\/v2\/types\/post"}],"author":[{"embeddable":true,"href":"http:\/\/liceum-parczew.pl\/index.php\/wp-json\/wp\/v2\/users\/1"}],"replies":[{"embeddable":true,"href":"http:\/\/liceum-parczew.pl\/index.php\/wp-json\/wp\/v2\/comments?post=2583"}],"version-history":[{"count":4,"href":"http:\/\/liceum-parczew.pl\/index.php\/wp-json\/wp\/v2\/posts\/2583\/revisions"}],"predecessor-version":[{"id":2592,"href":"http:\/\/liceum-parczew.pl\/index.php\/wp-json\/wp\/v2\/posts\/2583\/revisions\/2592"}],"wp:featuredmedia":[{"embeddable":true,"href":"http:\/\/liceum-parczew.pl\/index.php\/wp-json\/wp\/v2\/media\/2585"}],"wp:attachment":[{"href":"http:\/\/liceum-parczew.pl\/index.php\/wp-json\/wp\/v2\/media?parent=2583"}],"wp:term":[{"taxonomy":"category","embeddable":true,"href":"http:\/\/liceum-parczew.pl\/index.php\/wp-json\/wp\/v2\/categories?post=2583"},{"taxonomy":"post_tag","embeddable":true,"href":"http:\/\/liceum-parczew.pl\/index.php\/wp-json\/wp\/v2\/tags?post=2583"}],"curies":[{"name":"wp","href":"https:\/\/api.w.org\/{rel}","templated":true}]}}