{"id":240,"date":"2017-10-18T09:33:15","date_gmt":"2017-10-18T07:33:15","guid":{"rendered":"http:\/\/liceum-parczew.pl\/?p=240"},"modified":"2017-10-18T09:38:37","modified_gmt":"2017-10-18T07:38:37","slug":"vi-szkolny-konkurs-fotograficzny","status":"publish","type":"post","link":"http:\/\/liceum-parczew.pl\/index.php\/2017\/10\/18\/vi-szkolny-konkurs-fotograficzny\/","title":{"rendered":"VI Szkolny konkurs fotograficzny"},"content":{"rendered":"<p>Czy uda si\u0119 po\u0142\u0105czy\u0107 na jednej fotografii przesz\u0142o\u015b\u0107 z tera\u017aniejszo\u015bci\u0105, stare z nowym i jaki b\u0119dzie efekt? Spr\u00f3bujcie zmierzy\u0107 si\u0119 z tym zadaniem!<br \/>\nZach\u0119camy uczni\u00f3w do wzi\u0119cia udzia\u0142u w konkursie fotograficznym organizowanym przez uczni\u00f3w klasy I e i bibliotek\u0119 szkoln\u0105.<!--more--><\/p>\n<p><a href=\"http:\/\/liceum-parczew.pl\/wp-content\/uploads\/2017\/10\/regulamin_konkursu_foto.pdf\" target=\"_blank\" rel=\"noopener\">Regulamin konkursu fotograficznego<\/a><\/p>\n<p><img loading=\"lazy\" decoding=\"async\" class=\"alignnone size-full wp-image-241\" src=\"http:\/\/liceum-parczew.pl\/wp-content\/uploads\/2017\/10\/konkurs_foto.png\" alt=\"\" width=\"600\" height=\"849\" \/><\/p>\n","protected":false},"excerpt":{"rendered":"<p>Czy uda si\u0119 po\u0142\u0105czy\u0107 na jednej fotografii przesz\u0142o\u015b\u0107 z tera\u017aniejszo\u015bci\u0105, stare z nowym i jaki b\u0119dzie efekt? Spr\u00f3bujcie zmierzy\u0107 si\u0119<\/p>\n","protected":false},"author":1,"featured_media":0,"comment_status":"closed","ping_status":"closed","sticky":false,"template":"","format":"standard","meta":{"colormag_page_container_layout":"default_layout","colormag_page_sidebar_layout":"default_layout","footnotes":""},"categories":[3],"tags":[],"class_list":["post-240","post","type-post","status-publish","format-standard","hentry","category-aktualnosci"],"_links":{"self":[{"href":"http:\/\/liceum-parczew.pl\/index.php\/wp-json\/wp\/v2\/posts\/240","targetHints":{"allow":["GET"]}}],"collection":[{"href":"http:\/\/liceum-parczew.pl\/index.php\/wp-json\/wp\/v2\/posts"}],"about":[{"href":"http:\/\/liceum-parczew.pl\/index.php\/wp-json\/wp\/v2\/types\/post"}],"author":[{"embeddable":true,"href":"http:\/\/liceum-parczew.pl\/index.php\/wp-json\/wp\/v2\/users\/1"}],"replies":[{"embeddable":true,"href":"http:\/\/liceum-parczew.pl\/index.php\/wp-json\/wp\/v2\/comments?post=240"}],"version-history":[{"count":4,"href":"http:\/\/liceum-parczew.pl\/index.php\/wp-json\/wp\/v2\/posts\/240\/revisions"}],"predecessor-version":[{"id":244,"href":"http:\/\/liceum-parczew.pl\/index.php\/wp-json\/wp\/v2\/posts\/240\/revisions\/244"}],"wp:attachment":[{"href":"http:\/\/liceum-parczew.pl\/index.php\/wp-json\/wp\/v2\/media?parent=240"}],"wp:term":[{"taxonomy":"category","embeddable":true,"href":"http:\/\/liceum-parczew.pl\/index.php\/wp-json\/wp\/v2\/categories?post=240"},{"taxonomy":"post_tag","embeddable":true,"href":"http:\/\/liceum-parczew.pl\/index.php\/wp-json\/wp\/v2\/tags?post=240"}],"curies":[{"name":"wp","href":"https:\/\/api.w.org\/{rel}","templated":true}]}}