{"id":235,"date":"2017-10-13T10:38:56","date_gmt":"2017-10-13T08:38:56","guid":{"rendered":"http:\/\/liceum-parczew.pl\/?p=235"},"modified":"2017-10-13T10:38:56","modified_gmt":"2017-10-13T08:38:56","slug":"rok-przepelniony-dobrymi-uczynkami","status":"publish","type":"post","link":"http:\/\/liceum-parczew.pl\/index.php\/2017\/10\/13\/rok-przepelniony-dobrymi-uczynkami\/","title":{"rendered":"Rok przepe\u0142niony dobrymi uczynkami"},"content":{"rendered":"<p lang=\"pl-PL\" align=\"center\"><span style=\"font-size: large;\"><u><b>Rok przepe\u0142niony dobrymi uczynkami, dzi\u0119ki fantastycznej pracy<br \/>\n\u201eSzkolnego klubu wolontariatu\u201d<\/b><\/u><\/span><span style=\"font-size: large;\"><b>.<\/b><\/span><\/p>\n<p lang=\"pl-PL\"><span style=\"font-size: large;\">Zainteresuj si\u0119! \ud83d\ude09 Nasze liceum od <\/span><span style=\"font-size: medium;\">29.09.2016 r<\/span><span style=\"font-size: large;\">. do <\/span><span style=\"font-size: medium;\">30.03.2017 r. <\/span><span style=\"font-size: large;\">dzia\u0142a\u0142o z godnym poszanowania zaanga\u017cowaniem, \u017ceby uczyni\u0107 nasze otoczenie jeszcze lepszym. Sprawd\u017a sam co uda\u0142o nam si\u0119 zrobi\u0107 i z jakim skutkiem. <\/span><!--more--><\/p>\n<p lang=\"pl-PL\"><span style=\"font-size: large;\">Zacz\u0119li\u015bmy od debat na temat wolontariatu i sposobu wprowadzenia tej pi\u0119knej dzia\u0142alno\u015bci w kultur\u0119 naszej szko\u0142y. Prace plastyczne uczni\u00f3w pt. \u201ePomocna d\u0142o\u0144\u201d tkn\u0119\u0142y innych do zainteresowania si\u0119 ca\u0142\u0105 spraw\u0105.<\/span><\/p>\n<p lang=\"pl-PL\"><span style=\"font-size: large;\">Na pierwszy ogie\u0144 posz\u0142a \u201ekom\u00f3rkomania\u201d, czyli Dni Dawcy Szpiku. Zarejestrowali\u015bmy 27 os\u00f3b gotowych na uratowanie ludzkiego \u017cycia- potencjalnych dawc\u00f3w. <\/span><\/p>\n<p lang=\"pl-PL\"><span style=\"font-size: large;\">Ju\u017c w grudniu wzi\u0119li\u015bmy udzia\u0142 w akcji Caritas Polska \u2013 \u201eTak pomagam\u201d. 40 wolontariuszy w ci\u0105gu 2 dni zebra\u0142o ponad dwie tony \u017cywno\u015bci organizuj\u0105c paczki \u015bwi\u0105teczne dla 50 potrzebuj\u0105cych rodzin. W tym czasie organizowali\u015bmy te\u017c pomoc w ramach \u201eSzlachetnej Paczki\u201d. Zaowocowa\u0142o to obdarowaniem rodziny potrzebn\u0105 im pralk\u0105 i wa\u017cnymi produktami pozwalaj\u0105cymi na lepsze \u017cycie. Na XXV finale WO\u015aP uda\u0142o si\u0119 nam zebra\u0107 powy\u017cej 5000 z\u0142otych. <\/span><\/p>\n<p lang=\"pl-PL\"><span style=\"font-size: large;\">Najlepsza, moim zdaniem akcja dzia\u0142a si\u0119 w lutym. Wolontariusze mieli ju\u017c niema\u0142e do\u015bwiadczenie i genialny pomys\u0142. Mianowicie odby\u0142a si\u0119 zbi\u00f3rka wszelkich zabawek, tj. klock\u00f3w, misi\u00f3w, plansz\u00f3wek, ksi\u0105\u017cek, itp., dla ma\u0142ych pacjent\u00f3w z Dzieci\u0119cego Szpitala Klinicznego im. prof. Antoniego G\u0119bali w Lublinie. Mam nadziej\u0119, \u017ce wpisze si\u0119 to w tradycj\u0119 szko\u0142y, bo jestem pewien, \u017ce ka\u017cdy ma w domu lekko zapomniane cacko, kt\u00f3rym m\u00f3g\u0142by obdarowa\u0107 ma\u0142\u0105 dusz\u0119. <\/span><\/p>\n<p lang=\"pl-PL\"><span style=\"font-size: large;\">Kolejn\u0105 inicjatyw\u0105 by\u0142o czytanie ksi\u0105\u017cek przedszkolakom z plac\u00f3wki \u201ePod Krasnalem\u201d. Akcja \u201ePoczytaj mi kolego\u201d mia\u0142a na celu zaszczepienie mi\u0142o\u015bci do ksi\u0105\u017cek od najm\u0142odszych lat. Efekty b\u0119d\u0105 widoczne w przysz\u0142o\u015bci, lecz u\u015bmiechni\u0119te twarze m\u0142odych Polak\u00f3w s\u0142uchaj\u0105cych czyta\u0144 licealist\u00f3w ju\u017c zwiastuj\u0105 niesamowit\u0105 przysz\u0142o\u015b\u0107 naszego narodu.<\/span><\/p>\n<p lang=\"pl-PL\"><span style=\"font-size: large;\">Uwie\u0144czeniem konkursu by\u0142a ankieta, w kt\u00f3rej jednoznacznie wysz\u0142o, \u017ce chcemy pomaga\u0107, a akcje dziej\u0105ce si\u0119 wok\u00f3\u0142 uwra\u017cliwiaj\u0105 na potrzeby innych ludzi. <\/span><\/p>\n<p lang=\"pl-PL\"><span style=\"font-size: large;\">Ogromne brawa i wyrazy uznania nale\u017c\u0105 si\u0119 wszystkim wolontariuszom, pomocnikom oraz wielkodusznym Paniom Anecie Weremczuk i Bo\u017cenie Prokopiuk . Dzi\u0119kujemy. <\/span><span style=\"font-family: Arial,sans-serif;\"><span style=\"font-size: large;\">Chapeau bas.<br \/>\n<\/span><\/span><span style=\"font-size: medium;\">-Rafa\u0142 Go\u0142acki<\/span><\/p>\n","protected":false},"excerpt":{"rendered":"<p>Rok przepe\u0142niony dobrymi uczynkami, dzi\u0119ki fantastycznej pracy \u201eSzkolnego klubu wolontariatu\u201d. Zainteresuj si\u0119! \ud83d\ude09 Nasze liceum od 29.09.2016 r. do 30.03.2017<\/p>\n","protected":false},"author":1,"featured_media":0,"comment_status":"closed","ping_status":"closed","sticky":false,"template":"","format":"standard","meta":{"colormag_page_container_layout":"default_layout","colormag_page_sidebar_layout":"default_layout","footnotes":""},"categories":[3],"tags":[],"class_list":["post-235","post","type-post","status-publish","format-standard","hentry","category-aktualnosci"],"_links":{"self":[{"href":"http:\/\/liceum-parczew.pl\/index.php\/wp-json\/wp\/v2\/posts\/235","targetHints":{"allow":["GET"]}}],"collection":[{"href":"http:\/\/liceum-parczew.pl\/index.php\/wp-json\/wp\/v2\/posts"}],"about":[{"href":"http:\/\/liceum-parczew.pl\/index.php\/wp-json\/wp\/v2\/types\/post"}],"author":[{"embeddable":true,"href":"http:\/\/liceum-parczew.pl\/index.php\/wp-json\/wp\/v2\/users\/1"}],"replies":[{"embeddable":true,"href":"http:\/\/liceum-parczew.pl\/index.php\/wp-json\/wp\/v2\/comments?post=235"}],"version-history":[{"count":1,"href":"http:\/\/liceum-parczew.pl\/index.php\/wp-json\/wp\/v2\/posts\/235\/revisions"}],"predecessor-version":[{"id":236,"href":"http:\/\/liceum-parczew.pl\/index.php\/wp-json\/wp\/v2\/posts\/235\/revisions\/236"}],"wp:attachment":[{"href":"http:\/\/liceum-parczew.pl\/index.php\/wp-json\/wp\/v2\/media?parent=235"}],"wp:term":[{"taxonomy":"category","embeddable":true,"href":"http:\/\/liceum-parczew.pl\/index.php\/wp-json\/wp\/v2\/categories?post=235"},{"taxonomy":"post_tag","embeddable":true,"href":"http:\/\/liceum-parczew.pl\/index.php\/wp-json\/wp\/v2\/tags?post=235"}],"curies":[{"name":"wp","href":"https:\/\/api.w.org\/{rel}","templated":true}]}}