{"id":2333,"date":"2019-11-29T08:53:48","date_gmt":"2019-11-29T07:53:48","guid":{"rendered":"http:\/\/liceum-parczew.pl\/?p=2333"},"modified":"2019-11-29T09:09:05","modified_gmt":"2019-11-29T08:09:05","slug":"wystawa-prac-plastycznych","status":"publish","type":"post","link":"http:\/\/liceum-parczew.pl\/index.php\/2019\/11\/29\/wystawa-prac-plastycznych\/","title":{"rendered":"Wystawa prac plastycznych"},"content":{"rendered":"<p>Do 13 grudnia 2019r w Parczewskim Domu Kultury mo\u017cna ogl\u0105da\u0107 prace plastyczne naszych uczennic: Julii D\u0105browskiej 1d, \u0141ucji Michaluk 1d oraz Beaty Tyszkiewicz 1b. Zach\u0119camy do odwiedzenia PDK i podziwiania m\u0142odych talent\u00f3w.<\/p>\n","protected":false},"excerpt":{"rendered":"<p>Do 13 grudnia 2019r w Parczewskim Domu Kultury mo\u017cna ogl\u0105da\u0107 prace plastyczne naszych uczennic: Julii D\u0105browskiej 1d, \u0141ucji Michaluk 1d<\/p>\n","protected":false},"author":1,"featured_media":2340,"comment_status":"closed","ping_status":"closed","sticky":false,"template":"","format":"standard","meta":{"colormag_page_container_layout":"default_layout","colormag_page_sidebar_layout":"default_layout","footnotes":""},"categories":[3],"tags":[],"class_list":["post-2333","post","type-post","status-publish","format-standard","has-post-thumbnail","hentry","category-aktualnosci"],"_links":{"self":[{"href":"http:\/\/liceum-parczew.pl\/index.php\/wp-json\/wp\/v2\/posts\/2333","targetHints":{"allow":["GET"]}}],"collection":[{"href":"http:\/\/liceum-parczew.pl\/index.php\/wp-json\/wp\/v2\/posts"}],"about":[{"href":"http:\/\/liceum-parczew.pl\/index.php\/wp-json\/wp\/v2\/types\/post"}],"author":[{"embeddable":true,"href":"http:\/\/liceum-parczew.pl\/index.php\/wp-json\/wp\/v2\/users\/1"}],"replies":[{"embeddable":true,"href":"http:\/\/liceum-parczew.pl\/index.php\/wp-json\/wp\/v2\/comments?post=2333"}],"version-history":[{"count":2,"href":"http:\/\/liceum-parczew.pl\/index.php\/wp-json\/wp\/v2\/posts\/2333\/revisions"}],"predecessor-version":[{"id":2355,"href":"http:\/\/liceum-parczew.pl\/index.php\/wp-json\/wp\/v2\/posts\/2333\/revisions\/2355"}],"wp:featuredmedia":[{"embeddable":true,"href":"http:\/\/liceum-parczew.pl\/index.php\/wp-json\/wp\/v2\/media\/2340"}],"wp:attachment":[{"href":"http:\/\/liceum-parczew.pl\/index.php\/wp-json\/wp\/v2\/media?parent=2333"}],"wp:term":[{"taxonomy":"category","embeddable":true,"href":"http:\/\/liceum-parczew.pl\/index.php\/wp-json\/wp\/v2\/categories?post=2333"},{"taxonomy":"post_tag","embeddable":true,"href":"http:\/\/liceum-parczew.pl\/index.php\/wp-json\/wp\/v2\/tags?post=2333"}],"curies":[{"name":"wp","href":"https:\/\/api.w.org\/{rel}","templated":true}]}}